{"id":108498,"date":"2025-05-18T04:10:10","date_gmt":"2025-05-18T04:10:10","guid":{"rendered":"https:\/\/www.europesays.com\/fr\/108498\/"},"modified":"2025-05-18T04:10:10","modified_gmt":"2025-05-18T04:10:10","slug":"on-a-nettoye-les-costumes-de-scene-de-johnny-hallyday","status":"publish","type":"post","link":"https:\/\/www.europesays.com\/fr\/108498\/","title":{"rendered":"\u00ab\u00a0On a nettoy\u00e9 les costumes de sc\u00e8ne de Johnny Hallyday\u00a0!\u00a0\u00bb"},"content":{"rendered":"<p>\u00c0 l\u2019angle du haut de la rue Bergson et de la rue Borie, on ne peut pas le louper. Le pressing Uni.k.sec, juste en face de l\u2019arr\u00eat de tram Cit\u00e9-du-design, est tenu par Patricia et Paul Bouchand depuis 1986. Dans leur commerce, \u00e0 l\u2019odeur reconnaissable et si particuli\u00e8re, une enfilade de v\u00eatements soigneusement rang\u00e9s sur des cintres suspendus sur deux niveaux, le long du mur du magasin.<\/p>\n<p>Costumes, jupes, robes, pantalons, manteaux, chemises\u2026 Une ribambelle de v\u00eatements prot\u00e9g\u00e9s par un film en plastique, affubl\u00e9s d\u2019\u00e9tiquettes color\u00e9es, un rep\u00e8re temporel pour le couple de professionnels qui change de couleur chaque mois. \u00ab\u00a0On est un peu d\u00e9bord\u00e9 aujourd\u2019hui car on a fait les deux ponts\u00a0\u00bb, une premi\u00e8re en quarante ans, s\u2019excuse presque Patricia.<\/p>\n<p>\u00ab\u00a0On \u00e9tait jeunes, plein de fougue et on a vite pris le relais\u00a0\u00bb<\/p>\n<p>Il y a quatre d\u00e9cennies, cette Clermontoise \u00e9tait loin de s\u2019imaginer vivre un jour \u00e0 Saint-\u00c9tienne et encore moins tenir un pressing. \u00ab\u00a0J\u2019ai appris le m\u00e9tier de coiffeuse. Avec Paul, on a&#8230;<\/p>\n","protected":false},"excerpt":{"rendered":"\u00c0 l\u2019angle du haut de la rue Bergson et de la rue Borie, on ne peut pas le&hellip;\n","protected":false},"author":2,"featured_media":108499,"comment_status":"","ping_status":"","sticky":false,"template":"","format":"standard","meta":{"footnotes":""},"categories":[9653],"tags":[1111,11,2430,4406,33,7539,1777,674,107,1011,27,3367,12,25,4001,7538,4604],"class_list":{"0":"post-108498","1":"post","2":"type-post","3":"status-publish","4":"format-standard","5":"has-post-thumbnail","7":"category-saint-etienne","8":"tag-actu","9":"tag-actualites","10":"tag-auvergne-rhone-alpes","11":"tag-commerce-et-services","12":"tag-economie","13":"tag-edition-loire-sud","14":"tag-eu","15":"tag-europe","16":"tag-fil-info","17":"tag-fr","18":"tag-france","19":"tag-loire","20":"tag-news","21":"tag-republique-francaise","22":"tag-saint-etienne","23":"tag-saint-etienne-ville","24":"tag-selection-abonne"},"share_on_mastodon":{"url":"https:\/\/pubeurope.com\/@fr\/114526881249106544","error":""},"_links":{"self":[{"href":"https:\/\/www.europesays.com\/fr\/wp-json\/wp\/v2\/posts\/108498","targetHints":{"allow":["GET"]}}],"collection":[{"href":"https:\/\/www.europesays.com\/fr\/wp-json\/wp\/v2\/posts"}],"about":[{"href":"https:\/\/www.europesays.com\/fr\/wp-json\/wp\/v2\/types\/post"}],"author":[{"embeddable":true,"href":"https:\/\/www.europesays.com\/fr\/wp-json\/wp\/v2\/users\/2"}],"replies":[{"embeddable":true,"href":"https:\/\/www.europesays.com\/fr\/wp-json\/wp\/v2\/comments?post=108498"}],"version-history":[{"count":0,"href":"https:\/\/www.europesays.com\/fr\/wp-json\/wp\/v2\/posts\/108498\/revisions"}],"wp:featuredmedia":[{"embeddable":true,"href":"https:\/\/www.europesays.com\/fr\/wp-json\/wp\/v2\/media\/108499"}],"wp:attachment":[{"href":"https:\/\/www.europesays.com\/fr\/wp-json\/wp\/v2\/media?parent=108498"}],"wp:term":[{"taxonomy":"category","embeddable":true,"href":"https:\/\/www.europesays.com\/fr\/wp-json\/wp\/v2\/categories?post=108498"},{"taxonomy":"post_tag","embeddable":true,"href":"https:\/\/www.europesays.com\/fr\/wp-json\/wp\/v2\/tags?post=108498"}],"curies":[{"name":"wp","href":"https:\/\/api.w.org\/{rel}","templated":true}]}}