{"id":108500,"date":"2025-05-18T04:12:32","date_gmt":"2025-05-18T04:12:32","guid":{"rendered":"https:\/\/www.europesays.com\/fr\/108500\/"},"modified":"2025-05-18T04:12:32","modified_gmt":"2025-05-18T04:12:32","slug":"le-futur-espace-carnot-leopold-fait-debat","status":"publish","type":"post","link":"https:\/\/www.europesays.com\/fr\/108500\/","title":{"rendered":"le futur espace Carnot-L\u00e9opold fait d\u00e9bat"},"content":{"rendered":"<p>\u00ab\u00a0Nancy se prend pour Paris\u00a0!\u00a0\u00bb \u00ab\u00a0Non, c\u2019est un projet n\u00e9cessaire, il \u00e9tait attendu\u00a0!\u00a0\u00bb \u00ab\u00a0Comment la mairie va payer\u00a0?\u00a0\u00bb \u00ab\u00a0Mais l\u2019investissement est \u00e0 la hauteur des attentes\u00a0!\u00a0\u00bb<\/p>\n<p>Depuis <a href=\"https:\/\/www.estrepublicain.fr\/economie\/2025\/05\/14\/sept-ans-de-travaux-et-38-millions-d-euros-le-prix-a-payer-pour-inventer-le-futur-espace-carnot-leopold#PlugCommentsList2\" target=\"_blank\" rel=\"noopener\">l\u2019annonce, mercredi 14\u00a0mai<\/a> , par <a href=\"https:\/\/www.estrepublicain.fr\/p\/mathieu-klein\" target=\"_blank\" rel=\"noopener\">Mathieu Klein<\/a> lui-m\u00eame, maire PS de Nancy et pr\u00e9sident du Grand Nancy, du vaste projet de r\u00e9novation de l\u2019espace Carnot-L\u00e9opold, les avis se d\u00e9cha\u00eenent sur notre site Internet et sur les r\u00e9seaux sociaux.<\/p>\n<p>Sur la page <a href=\"https:\/\/www.facebook.com\/LEstRepublicainNancy\" target=\"_blank\" rel=\"noopener\">Facebook de L\u2019Est R\u00e9publicain Nancy<\/a> , Pascal \u00e9ructe\u00a0: \u00ab\u00a038\u00a0millions pour la place Carnot, 7\u00a0millions pour le <a href=\"https:\/\/www.estrepublicain.fr\/environnement\/2024\/10\/27\/boucher-le-tunnel-charles-iii-une-association-contre-le-projet-de-mathieu-klein\" target=\"_blank\" rel=\"noopener\">tunnel Charles III,<\/a> soit 45\u00a0millions pour faire plaisir \u00e0 son \u00e9lectorat. Ne serait-il pas possible d\u2019investir dans quelque chose de plus important\u00a0?\u00a0\u00bb<\/p>\n<p>Pour Marie-France en revanche, \u00ab\u00a0cette place est&#8230;<\/p>\n","protected":false},"excerpt":{"rendered":"\u00ab\u00a0Nancy se prend pour Paris\u00a0!\u00a0\u00bb \u00ab\u00a0Non, c\u2019est un projet n\u00e9cessaire, il \u00e9tait attendu\u00a0!\u00a0\u00bb \u00ab\u00a0Comment la mairie va payer\u00a0?\u00a0\u00bb&hellip;\n","protected":false},"author":2,"featured_media":108501,"comment_status":"","ping_status":"","sticky":false,"template":"","format":"standard","meta":{"footnotes":""},"categories":[9635],"tags":[1111,11,1984,1704,4188,1777,674,1011,27,775,1702,1703,12,316,25,104],"class_list":{"0":"post-108500","1":"post","2":"type-post","3":"status-publish","4":"format-standard","5":"has-post-thumbnail","7":"category-nancy","8":"tag-actu","9":"tag-actualites","10":"tag-conseil-municipal","11":"tag-edition-nancy-et-agglomeration","12":"tag-elections-municipales","13":"tag-eu","14":"tag-europe","15":"tag-fr","16":"tag-france","17":"tag-grand-est","18":"tag-nancy","19":"tag-nancy-ville-54b","20":"tag-news","21":"tag-politique","22":"tag-republique-francaise","23":"tag-societe"},"share_on_mastodon":{"url":"https:\/\/pubeurope.com\/@fr\/114526889074004037","error":""},"_links":{"self":[{"href":"https:\/\/www.europesays.com\/fr\/wp-json\/wp\/v2\/posts\/108500","targetHints":{"allow":["GET"]}}],"collection":[{"href":"https:\/\/www.europesays.com\/fr\/wp-json\/wp\/v2\/posts"}],"about":[{"href":"https:\/\/www.europesays.com\/fr\/wp-json\/wp\/v2\/types\/post"}],"author":[{"embeddable":true,"href":"https:\/\/www.europesays.com\/fr\/wp-json\/wp\/v2\/users\/2"}],"replies":[{"embeddable":true,"href":"https:\/\/www.europesays.com\/fr\/wp-json\/wp\/v2\/comments?post=108500"}],"version-history":[{"count":0,"href":"https:\/\/www.europesays.com\/fr\/wp-json\/wp\/v2\/posts\/108500\/revisions"}],"wp:featuredmedia":[{"embeddable":true,"href":"https:\/\/www.europesays.com\/fr\/wp-json\/wp\/v2\/media\/108501"}],"wp:attachment":[{"href":"https:\/\/www.europesays.com\/fr\/wp-json\/wp\/v2\/media?parent=108500"}],"wp:term":[{"taxonomy":"category","embeddable":true,"href":"https:\/\/www.europesays.com\/fr\/wp-json\/wp\/v2\/categories?post=108500"},{"taxonomy":"post_tag","embeddable":true,"href":"https:\/\/www.europesays.com\/fr\/wp-json\/wp\/v2\/tags?post=108500"}],"curies":[{"name":"wp","href":"https:\/\/api.w.org\/{rel}","templated":true}]}}