{"id":108510,"date":"2025-05-18T04:20:11","date_gmt":"2025-05-18T04:20:11","guid":{"rendered":"https:\/\/www.europesays.com\/fr\/108510\/"},"modified":"2025-05-18T04:20:11","modified_gmt":"2025-05-18T04:20:11","slug":"demain-lundi-a-9-h-protestation-devant-la-mairie","status":"publish","type":"post","link":"https:\/\/www.europesays.com\/fr\/108510\/","title":{"rendered":"DEMAIN LUNDI \u00e0 9 H PROTESTATION DEVANT LA MAIRIE"},"content":{"rendered":"<p>Posted On 18 mai 2025 <\/p>\n<p>Interpell\u00e9 poliment mais tr\u00e8s fermement place de Metz vendredi \u00e0 la sortie d&rsquo;un restaurant, Eric Piolle a eu beaucoup de mal a justifier sa politique face \u00e0 une argumentation tr\u00e8s structur\u00e9e et document\u00e9e. Il est parti furieux et , rue de Strasbourg , alors que les deux personnes qui l&rsquo;accompagnaient lui faisait remarquer:\u00a0 \u00a0\u00bb c&rsquo;est chaud\u00a0\u00bb , il a r\u00e9pondu par des propos m\u00e9prisants \u00e0 l&rsquo;\u00e9gard des habitants. Rappelant qu&rsquo;il d\u00e9cidait de toute fa\u00e7on. Toute la rue et au-del\u00e0 ou ses propos ont \u00e9t\u00e9 r\u00e9p\u00e9t\u00e9s a \u00e9t\u00e9 tr\u00e8s choqu\u00e9e qu&rsquo;un Maire puisse avoir un tel comportement <a href=\"https:\/\/grenoble-le-changement.fr\/2025\/05\/09\/le-melon-dor-confirme-quil-na-rien-a-faire-de-grenoble\/\" target=\"_blank\" rel=\"noopener\">qui refl\u00e8te le fond de sa pens\u00e9e.<\/a><\/p>\n<p>La municipalit\u00e9 fait monter la tension avant la manifestation de protestation\u00a0 qui se tient <strong>demain, lundi matin \u00e0 9 h devant l&rsquo;h\u00f4tel de ville avant la r\u00e9union du Conseil Municipal<\/strong> \u00e0 l&rsquo;appel des collectifs d&rsquo;habitants et de commer\u00e7ants.<\/p>\n<p><a href=\"https:\/\/i0.wp.com\/grenoble-le-changement.fr\/wp-content\/uploads\/2025\/05\/497792558_122224199042078066_8324263284968501826_n.jpg?ssl=1\" rel=\"lightbox[82037] noopener\" target=\"_blank\"><img decoding=\"async\" data-id=\"82038\" src=\"https:\/\/i0.wp.com\/grenoble-le-changement.fr\/wp-content\/uploads\/2025\/05\/497792558_122224199042078066_8324263284968501826_n.jpg?resize=678%2C947&amp;ssl=1\" alt=\"\" class=\"wp-image-82038 jetpack-lazy-image\" data-recalc-dims=\"1\" data-lazy-src=\"https:\/\/www.europesays.com\/fr\/wp-content\/uploads\/2025\/05\/497792558_122224199042078066_8324263284968501826_n.jpg\" \/><\/a><\/p>\n<p><strong>LA STRATEGIE DE L&rsquo;EXACERBATION DES TENSIONS DE L&rsquo;EXTR\u00caME GAUCHE<\/strong><\/p>\n<p>La technique de l&rsquo;extr\u00eame gauche est habituelle. <a href=\"https:\/\/grenoble-le-changement.fr\/2025\/05\/11\/centre-ville-les-habitants-nen-peuvent-plus-des-discours-et-de-la-mauvaise-foi-des-elus\/\" target=\"_blank\" rel=\"noopener\">Il s&rsquo;agit d&rsquo;exacerber la situation<\/a> afin d&rsquo;aggraver la col\u00e8re\u00a0 et en parall\u00e8le \u00e0 hurler au loup. Le fait que montent au front\u00a0 les Verts\/Ades de Raymond Avrillier, le <a href=\"https:\/\/grenoble-le-changement.fr\/raymond-avrillier-le-tartuffe-rouge-verts-bouge-encore\/\" target=\"_blank\" rel=\"noopener\">parrain de la municipalit\u00e9, ex Mao\u00efstes<\/a> qui savent ce que la violence veut dire, d\u00e9montre bien qu&rsquo;il s&rsquo;agit d&rsquo;une strat\u00e9gie.\u00a0<\/p>\n<p><strong>LES VERTS \/ADES APPELLENT LA POLICE!<\/strong><\/p>\n<p>En m\u00eame temps <a href=\"https:\/\/grenoble-le-changement.fr\/2025\/05\/15\/les-collectifs-habitants-commercants-haussent-le-ton-contre-la-municipalite\/\" target=\"_blank\" rel=\"noopener\">qu&rsquo;ils excitent en refusant tout compromis sur rien<\/a>, en avan\u00e7ant comme un bulldozer quartier par quartier, les \u00e9lus Verts\/Ades appellent la police ! D\u00e9non\u00e7ant \u00a0\u00bb des violences et une tentative d\u2019intrusion au sein du conseil municipal le 30 septembre 2024\u00a0 \u00a0\u00bb il citent le communiqu\u00e9 de la ville \u00ab\u00a0qui saisira dans les prochains jours les autorit\u00e9s comp\u00e9tentes pour signaler ces actes et infractions r\u00e9p\u00e9t\u00e9s.\u00a0\u00bb<\/p>\n<p><strong>PIOLLE SUR LES VIOLENCES DE L&rsquo;EXTR\u00caME GAUCHE: \u00ab\u00a0ON NE DIT PAS DE MAL DE SA FAMILLE\u00a0\u00bb<\/strong><\/p>\n<p>Car \u00e9videmment il s&rsquo;agit du\u00a0 \u00ab\u00a0durcissement de l\u2019opposition \u00a0\u00bb et \u00ab\u00a0<a href=\"https:\/\/grenoble-le-changement.fr\/2025\/04\/20\/la-municipalite-veut-eliminer-les-citoyens-genants\/\" target=\"_blank\" rel=\"noopener\"> des agissements de quelques-uns,<\/a> largement appuy\u00e9s par l\u2019opposition municipale de droite\u00a0\u00bb. Pas encore de la fameuse Esssstr\u00eame droite mais on va y arriver.\u00a0 Relevez que tous les collectifs des habitants et commer\u00e7ants deviennent \u00a0\u00bb les agissements de quelques uns\u00a0\u00bb.<\/p>\n<p>Dans une ville ou Eric Piolle \u00a0avait r\u00e9pondu \u00e0 l&rsquo;Express ( 3\/6\/22)\u00a0 \u00e0 propos des violences de l<a href=\"https:\/\/grenoble-le-changement.fr\/2022\/05\/07\/violence-menaces-homophobie-lextreme-gauche-se-croit-tout-permis\/\" target=\"_blank\" rel=\"noopener\">&lsquo;extr\u00eame gauche grenobloise.<\/a>\u00ab\u00a0Je consid\u00e8re qu\u2019on est de la m\u00eame famille politique. <a href=\"https:\/\/grenoble-le-changement.fr\/2024\/05\/22\/le-conseil-municipal-refuse-de-condamner-les-actions-violentes-de-lextreme-gauche\/\" target=\"_blank\" rel=\"noopener\">Et on ne dit pas du mal de sa famille \u00bb .<\/a><\/p>\n<p><img decoding=\"async\" data-id=\"30183\" src=\"https:\/\/i2.wp.com\/grenoble-le-changement.fr\/wp-content\/uploads\/2018\/09\/biblioth\u00e9ques-F2-11716-n.png?w=678&amp;ssl=1\" alt=\"\" class=\"wp-image-30183 jetpack-lazy-image\" data-recalc-dims=\"1\" data-lazy-src=\"https:\/\/i2.wp.com\/grenoble-le-changement.fr\/wp-content\/uploads\/2018\/09\/biblioth\u00e9ques-F2-11716-n.png?w=678&amp;is-pending-load=1#038;ssl=1\" \/><\/p>\n<p><img decoding=\"async\" data-id=\"13658\" src=\"https:\/\/i0.wp.com\/grenoble-le-changement.fr\/wp-content\/uploads\/2017\/01\/Capture-d\u2019e\u0301cran-2014-10-28-a\u0300-12.15.17.png?w=678&amp;ssl=1\" alt=\"\" class=\"wp-image-13658 jetpack-lazy-image\" data-recalc-dims=\"1\" data-lazy-src=\"https:\/\/i0.wp.com\/grenoble-le-changement.fr\/wp-content\/uploads\/2017\/01\/Capture-d\u2019e\u0301cran-2014-10-28-a\u0300-12.15.17.png?w=678&amp;is-pending-load=1#038;ssl=1\" \/><br \/>\nPendant un an le Conseil Municipal a \u00e9t\u00e9 envahi par les biblioth\u00e9caires ou par des \u00e9trangers en situation irr\u00e9guli\u00e8re , tr\u00e8s bien accueillis par la majorit\u00e9 municipale qui se trouve d\u00e9sormais en danger par \u00a0\u00bb une tentative d&rsquo;intrusion au Conseil Municipal&#8230;\u00a0\u00bb <\/p>\n<p><strong>LA LISTE IMPRESSIONNANTE DES VIOLENCES D&rsquo;EXTR\u00caME GAUCHE NON CONDAMNEES<\/strong><\/p>\n<p>Dans un Conseil Municipal ou les \u00ab\u00a0intrusions\u00a0\u00bb ont \u00e9t\u00e9 multiples et jamais sanctionn\u00e9es ni bien entendu jamais \u00a0\u00bb les autorit\u00e9s comp\u00e9tentes\u00a0\u00bb n&rsquo;ont \u00e9t\u00e9 saisies. La Tartufferie de ceux qui en appellent \u00e0 la police -sur laquelle ils jettent l&rsquo;opprobre en permanence &#8211; est totale.\u00a0<\/p>\n<p>Dans une ville ou jamais aucune violence d&rsquo;aucune sorte n&rsquo;a \u00e9man\u00e9 des collectifs citoyens ou de commer\u00e7ants m\u00e9contents de la politique municipale, tandis que la salle du Conseil Municipal, France Bleu Is\u00e8re, l&rsquo;\u00e9glise St Jacques deux gendarmeries, le centre culturel scientifique et technique, la desserte cabl\u00e9es de ST Micro et Soitec \u00e9taient victimes d&rsquo;incendies criminels revendiqu\u00e9s par l&rsquo;extr\u00eame gauche comme<a target=\"_blank\" href=\"https:\/\/www.tiktok.com\/@guizmaths\/video\/7505393822382181654\" rel=\"noopener\"> le rappelle le c\u00e9l\u00e8bre Guizmath sur Tik Tok.\u00a0 <\/a>Des millions d&rsquo;\u20ac de d\u00e9g\u00e2ts \u00e0 la charge du contribuable sans un mot de la majorit\u00e9 municipale.<\/p>\n<p><strong>LES GRENOBLOIS DOIVENT DIRE NON \u00e0 PIOLLE et RUFFIN\u00a0<\/strong><\/p>\n<p>Des d\u00e9g\u00e2ts peut \u00eatre organis\u00e9s depuis les logements municipaux accord\u00e9s \u00e0 l&rsquo;ultra gauche rue des Alli\u00e9s et au 38 rue d&rsquo;Alembert.\u00a0<\/p>\n<p>Les collectifs d&rsquo;habitants et de commer\u00e7ants ont donc d\u00e9cid\u00e9 de ne pas se laisser impressionner. Au contraire. Ils appellent les grenoblois m\u00e9contents \u00e0 les rejoindre demain devant le Conseil Municipal. Il ne s&rsquo;agit plus de protester seulement dans son coin ou sur son clavier, mais de se manifester physiquement afin de dire \u00a0\u00bb non\u00a0\u00bb \u00e0 Piolle et <a href=\"https:\/\/grenoble-le-changement.fr\/2025\/04\/24\/la-candidate-de-piolle-divise-la-gauche-des-sa-premiere-sortie\/\" target=\"_blank\" rel=\"noopener\">sa continuit\u00e9 en la personne de Laurence Ruffin.\u00a0<\/a><\/p>\n<p><a href=\"https:\/\/i0.wp.com\/grenoble-le-changement.fr\/wp-content\/uploads\/2025\/05\/Capture-de\u0301cran-2025-05-17-a\u0300-22.18.52.png?ssl=1\" rel=\"lightbox[82037] noopener\" target=\"_blank\"><img decoding=\"async\" data-id=\"82040\" src=\"https:\/\/i0.wp.com\/grenoble-le-changement.fr\/wp-content\/uploads\/2025\/05\/Capture-de\u0301cran-2025-05-17-a\u0300-22.18.52.png?resize=678%2C588&amp;ssl=1\" alt=\"\" class=\"wp-image-82040 jetpack-lazy-image\" data-recalc-dims=\"1\" data-lazy-src=\"https:\/\/i0.wp.com\/grenoble-le-changement.fr\/wp-content\/uploads\/2025\/05\/Capture-de\u0301cran-2025-05-17-a\u0300-22.18.52.png?resize=678%2C588&amp;is-pending-load=1#038;ssl=1\" \/><\/a><br \/>\nRue de Strasbourg vendredi: Eric Piolle aurait tenu des propos m\u00e9prisants \u00e0 l&rsquo;\u00e9gard des habitants et des commer\u00e7ants, faisant monter la tension <\/p>\n<p><strong>LA MUNICIPALITE REFUSE TOUT COMPROMIS <\/strong><\/p>\n<p>Car jusque l\u00e0 la majorit\u00e9 municipale oppose une fin de non recevoir \u00e0 tout le monde <a href=\"https:\/\/grenoble-le-changement.fr\/2025\/04\/25\/commerce-tous-les-temoignages-confirment-quil-faut-changer-de-politique-a-grenoble\/\" target=\"_blank\" rel=\"noopener\">malgr\u00e9 l&rsquo;aggravation de la situation<\/a>: cours Berriat, avenue Jeanne d&rsquo;Arc, Places Notre Dame et Sainte Claire, Hoche, Place de Metz&#8230; Pas question d&rsquo;un quelconque compromis. <a href=\"https:\/\/grenoble-le-changement.fr\/2025\/05\/05\/hoche-la-municipalite-veut-supprimer-arbres-stationnement-et-fermer-le-quartier\/\" target=\"_blank\" rel=\"noopener\">Rappelons qu&rsquo;\u00e0 Hoche aussi elle veut abattre les arbres, supprimer le stationnement et prot\u00e9ger les dealers<\/a> en fermant l&rsquo;acc\u00e8s par la rue du 4 eme G\u00e9nie. Du c\u00f4t\u00e9 de Christophe Ferrari , Pr\u00e9sident de la M\u00e9tropole , malgr\u00e9 de bonnes paroles, on colle \u00e0 la municipalit\u00e9 grenobloise et on ob\u00e9it \u00e0 ses ordres. Avec sa situation financi\u00e8re il serait ais\u00e9 \u00e0 la M\u00e9tropole de remettre tout \u00e7a apr\u00e8s les \u00e9lections permettant \u00e0 la d\u00e9mocratie de fonctionner.\u00a0<\/p>\n<p><strong>LES ELUS PS ET EXCLUS DE PIOLLE RAMASSES MIETTES DE RUFFIN<\/strong><\/p>\n<p><a href=\"https:\/\/grenoble-le-changement.fr\/2025\/05\/01\/amandine-germain-ps-deja-au-service-laurence-ruffin-verts\/\" target=\"_blank\" rel=\"noopener\">Les \u00e9lus PS, ( C. C\u00e9natiempo, H .Bouzeghoub)\u00a0<\/a> les exclus de Piolle ( P.Clouaire, B.Schuman&#8230;) accompagnent l&rsquo;irr\u00e9versible car ils veulent s&rsquo;allier au premier ou au second tour avec Laurence Ruffin.\u00a0 Pour que tout change afin que rien ne change et&#8230; garder ou retrouver les postes d&rsquo;Adjoints au Maire, ob\u00e9issant \u00e0 la discipline de fer des Rouge\/Verts. Certains veulent faire les ramasse miettes au premier tour pour les apporter au second en faisant croire<a href=\"https:\/\/grenoble-le-changement.fr\/2025\/04\/19\/municipales-la-candidate-de-piolle-confirme-son-dogmatisme\/\" target=\"_blank\" rel=\"noopener\"> que Ruffin c&rsquo;est pas Piolle<\/a>. Les grenoblois ont tout compris.<\/p>\n<p><strong>L&rsquo;OPPOSITION DEMONTRE UN VERITABLE ELARGISSEMENT<\/strong><\/p>\n<p>On comprend pourquoi la municipalit\u00e9 tire \u00e0 vue sur les collectifs et&#8230;\u00a0 \u00a0\u00bb l&rsquo;opposition de droite\u00a0\u00bb. Avec le <a href=\"https:\/\/grenoble-le-changement.fr\/2025\/05\/16\/les-forces-vives-de-grenoble-sengagent-pour-le-changement-avec-alain-carignon\/\" target=\"_blank\" rel=\"noopener\">collectif \u00a0\u00bb R\u00e9concilier Grenoble\u00a0\u00bb anim\u00e9 par Cl\u00e9ment Chappet,<\/a>\u00a0 l&rsquo;opposition a au contraire d\u00e9montr\u00e9 qu&rsquo;elle proposait un large \u00e9ventail de gauche, de droite et du centre pour sauver Grenoble. La majorit\u00e9 municipale est donc inqui\u00e8te par la conjonction de ces mouvements.\u00a0<\/p>\n<p><strong>LA SURVIE DE GRENOBLE COMME VILLE VIVABLE ET NON PAUPERISEE<\/strong><\/p>\n<p>Elle cherche \u00e0 utiliser des individualit\u00e9s domin\u00e9es par leur \u00e9go pour tenter d&rsquo;atteindre ce front qui se forme. Mais la vague est visiblement trop forte: la survie de Grenoble comme ville vivable et non paup\u00e9ris\u00e9e est en jeu lors de l&rsquo;\u00e9lection municipale.<\/p>\n<p>Notre collectif appelle donc les Grenoblois \u00e0 r\u00e9pondre \u00e0 l&rsquo;appel de \u00a0\u00bb Touche pas \u00e0 ma place\u00a0\u00bb et \u00eatre pr\u00e9sent \u00e0 leur c\u00f4t\u00e9 afin de tenter de freiner la municipalit\u00e9 et la M\u00e9tropole \u00e0 11 mois des \u00e9lections pour emp\u00eacher l&rsquo;acc\u00e9l\u00e9ration de la d\u00e9gradation avant l&rsquo;\u00e9ch\u00e9ance \u00e9lectorale.\u00a0<\/p>\n<p><strong>A demain lundi 19 mai \u00e0 9 h devant l&rsquo;h\u00f4tel de ville<\/strong><\/p>\n<p>\t\t\t\t\t\t\t\t\t\t\t<script async src=\"\/\/www.tiktok.com\/embed.js\"><\/script><\/p>\n","protected":false},"excerpt":{"rendered":"Posted On 18 mai 2025 Interpell\u00e9 poliment mais tr\u00e8s fermement place de Metz vendredi \u00e0 la sortie d&rsquo;un&hellip;\n","protected":false},"author":2,"featured_media":108511,"comment_status":"","ping_status":"","sticky":false,"template":"","format":"standard","meta":{"footnotes":""},"categories":[9566],"tags":[1111,11,10127,2430,14405,10607,9604,14755,9607,1777,674,1011,27,2731,22649,22650,10136,12,9609,10140,14758,25],"class_list":{"0":"post-108510","1":"post","2":"type-post","3":"status-publish","4":"format-standard","5":"has-post-thumbnail","7":"category-grenoble","8":"tag-actu","9":"tag-actualites","10":"tag-ades","11":"tag-auvergne-rhone-alpes","12":"tag-barbara-schuman","13":"tag-cecile-cenatiempo","14":"tag-christophe-ferrari","15":"tag-clement-chappet","16":"tag-eric-piolle","17":"tag-eu","18":"tag-europe","19":"tag-fr","20":"tag-france","21":"tag-grenoble","22":"tag-guizmath","23":"tag-hassen-bouzeghoud","24":"tag-laurence-ruffin","25":"tag-news","26":"tag-pascal-clouaire","27":"tag-raymond-avrillier","28":"tag-reconcilier-grenoble","29":"tag-republique-francaise"},"share_on_mastodon":{"url":"https:\/\/pubeurope.com\/@fr\/114526920839679832","error":""},"_links":{"self":[{"href":"https:\/\/www.europesays.com\/fr\/wp-json\/wp\/v2\/posts\/108510","targetHints":{"allow":["GET"]}}],"collection":[{"href":"https:\/\/www.europesays.com\/fr\/wp-json\/wp\/v2\/posts"}],"about":[{"href":"https:\/\/www.europesays.com\/fr\/wp-json\/wp\/v2\/types\/post"}],"author":[{"embeddable":true,"href":"https:\/\/www.europesays.com\/fr\/wp-json\/wp\/v2\/users\/2"}],"replies":[{"embeddable":true,"href":"https:\/\/www.europesays.com\/fr\/wp-json\/wp\/v2\/comments?post=108510"}],"version-history":[{"count":0,"href":"https:\/\/www.europesays.com\/fr\/wp-json\/wp\/v2\/posts\/108510\/revisions"}],"wp:featuredmedia":[{"embeddable":true,"href":"https:\/\/www.europesays.com\/fr\/wp-json\/wp\/v2\/media\/108511"}],"wp:attachment":[{"href":"https:\/\/www.europesays.com\/fr\/wp-json\/wp\/v2\/media?parent=108510"}],"wp:term":[{"taxonomy":"category","embeddable":true,"href":"https:\/\/www.europesays.com\/fr\/wp-json\/wp\/v2\/categories?post=108510"},{"taxonomy":"post_tag","embeddable":true,"href":"https:\/\/www.europesays.com\/fr\/wp-json\/wp\/v2\/tags?post=108510"}],"curies":[{"name":"wp","href":"https:\/\/api.w.org\/{rel}","templated":true}]}}