{"id":1085126,"date":"2026-07-24T11:44:16","date_gmt":"2026-07-24T11:44:16","guid":{"rendered":"https:\/\/www.europesays.com\/fr\/1085126\/"},"modified":"2026-07-24T11:44:16","modified_gmt":"2026-07-24T11:44:16","slug":"lue-estime-que-tiktok-enfreint-sa-reglementation-en-ne-protegeant-les-mineurs","status":"publish","type":"post","link":"https:\/\/www.europesays.com\/fr\/1085126\/","title":{"rendered":"L&rsquo;UE estime que TikTok enfreint sa r\u00e9glementation en ne prot\u00e9geant les mineurs"},"content":{"rendered":"<p>La Commission europ\u00e9enne accuse TikTok de ne pas avoir suffisamment prot\u00e9g\u00e9 les droits \u00e0 la vie priv\u00e9e des enfants sur sa plateforme en permettant \u00e0 des adultes de consulter les comptes de mineurs.<\/p>\n<p>Cette pratique expose les enfants au cyberharc\u00e8lement, \u00e0 des contacts ind\u00e9sirables et \u00e0 des comportements pr\u00e9dateurs, a signal\u00e9 Thomas Regnier, porte-parole de la Commission.<\/p>\n<p>\u00abLe contenu publi\u00e9 par les enfants ne doit jamais \u00eatre visible par des inconnus\u00bb, a-t-il soutenu.<\/p>\n<p>Si TikTok ne prend pas les mesures pr\u00e9vues par la l\u00e9gislation historique de l\u2019Union europ\u00e9enne (UE) sur les services num\u00e9riques, \u00ables mineurs sont expos\u00e9s \u00e0 des pr\u00e9dateurs, au p\u00e9dopi\u00e9geage et au cyberharc\u00e8lement\u00bb, a soulign\u00e9 M.\u00a0Regnier, ajoutant que les enfants \u00e2g\u00e9s de 13\u00a0\u00e0 15\u00a0ans peuvent \u00abfacilement\u00bb faire passer leur compte de priv\u00e9 \u00e0 public et que les comptes priv\u00e9s des mineurs \u00e2g\u00e9s de 16\u00a0\u00e0 17\u00a0ans sont accessibles \u00e0 tout un chacun sur internet<\/p>\n<p>\u00abNous n\u2019acceptons pas cela, a-t-il tranch\u00e9. D\u00e9finir des param\u00e8tres par d\u00e9faut pour les mineurs n\u2019est pas un concours de beaut\u00e9 au regard de la (loi). Ces mesures doivent \u00eatre efficaces.\u00bb<\/p>\n<p>Cette enqu\u00eate fait suite \u00e0 une s\u00e9rie de mesures r\u00e9pressives prises coup sur coup par Bruxelles \u00e0 l\u2019encontre des g\u00e9ants de la technologie, Bruxelles ayant jou\u00e9 un r\u00f4le de premier plan dans la r\u00e9glementation de ces g\u00e9ants, notamment Meta et Apple.<\/p>\n<p>TikTok peut d\u00e9sormais se d\u00e9fendre et r\u00e9pondre aux conclusions de l\u2019enqu\u00eate. Si elle n\u2019est pas satisfaite de la r\u00e9ponse de l\u2019entreprise chinoise, la Commission europ\u00e9enne pourrait rendre une d\u00e9cision dite de \u00abnon-conformit\u00e9\u00bb et infliger une amende pouvant atteindre 6\u00a0% du chiffre d\u2019affaires annuel total de l\u2019entreprise.<\/p>\n<p>La soci\u00e9t\u00e9 chinoise de r\u00e9seaux sociaux, dont la soci\u00e9t\u00e9 m\u00e8re, ByteDance, est \u00e9tablie \u00e0 P\u00e9kin, a d\u00e9clar\u00e9 dans un communiqu\u00e9 qu\u2019elle examinerait les conclusions de Bruxelles et \u00abcontinuerait \u00e0 collaborer de mani\u00e8re constructive avec la Commission\u00bb.<\/p>\n<p>\u00abLa protection des mineurs en ligne est un objectif que nous partageons, et nous nous engageons \u00e0 nous appuyer sur notre solide bilan en mati\u00e8re d\u2019am\u00e9lioration continue\u00bb, a d\u00e9clar\u00e9 TikTok dans un communiqu\u00e9.<\/p>\n<p>La Commission estime que la plupart des 170\u00a0millions d\u2019utilisateurs de TikTok dans l\u2019UE sont des enfants, et que 7\u00a0% des enfants \u00e2g\u00e9s de 12\u00a0\u00e0 15\u00a0ans passent quatre \u00e0 cinq heures par jour sur l\u2019application.<\/p>\n<p>L\u2019Union europ\u00e9enne, qui regroupe 27\u00a0\u00c9tats membres, a constat\u00e9 en f\u00e9vrier que TikTok avait enfreint un autre aspect de sa r\u00e9glementation num\u00e9rique en raison d\u2019une \u00abconception addictive\u00bb de fonctionnalit\u00e9s telles que la lecture automatique et le d\u00e9filement infini, susceptibles de nuire \u00e0 la sant\u00e9 physique et mentale des utilisateurs, en particulier des mineurs.<\/p>\n","protected":false},"excerpt":{"rendered":"La Commission europ\u00e9enne accuse TikTok de ne pas avoir suffisamment prot\u00e9g\u00e9 les droits \u00e0 la vie priv\u00e9e des&hellip;\n","protected":false},"author":2,"featured_media":1085127,"comment_status":"","ping_status":"","sticky":false,"template":"","format":"standard","meta":{"footnotes":"","_share_on_mastodon":"0"},"categories":[1586],"tags":[11,1777,674,1779,1011,27,4574,25179,4575,1854,15225,12,25,1778,364],"class_list":["post-1085126","post","type-post","status-publish","format-standard","has-post-thumbnail","category-europe","tag-actualites","tag-eu","tag-europe","tag-european-union","tag-fr","tag-france","tag-https-lactualite-com-sujet-affaires","tag-https-lactualite-com-sujet-culture-arts","tag-https-lactualite-com-sujet-economie","tag-https-lactualite-com-sujet-international","tag-https-lactualite-com-sujet-social","tag-news","tag-republique-francaise","tag-ue","tag-union-europeenne"],"share_on_mastodon":{"url":"https:\/\/pubeurope.com\/@fr\/116974784831044081","error":""},"_links":{"self":[{"href":"https:\/\/www.europesays.com\/fr\/wp-json\/wp\/v2\/posts\/1085126","targetHints":{"allow":["GET"]}}],"collection":[{"href":"https:\/\/www.europesays.com\/fr\/wp-json\/wp\/v2\/posts"}],"about":[{"href":"https:\/\/www.europesays.com\/fr\/wp-json\/wp\/v2\/types\/post"}],"author":[{"embeddable":true,"href":"https:\/\/www.europesays.com\/fr\/wp-json\/wp\/v2\/users\/2"}],"replies":[{"embeddable":true,"href":"https:\/\/www.europesays.com\/fr\/wp-json\/wp\/v2\/comments?post=1085126"}],"version-history":[{"count":0,"href":"https:\/\/www.europesays.com\/fr\/wp-json\/wp\/v2\/posts\/1085126\/revisions"}],"wp:featuredmedia":[{"embeddable":true,"href":"https:\/\/www.europesays.com\/fr\/wp-json\/wp\/v2\/media\/1085127"}],"wp:attachment":[{"href":"https:\/\/www.europesays.com\/fr\/wp-json\/wp\/v2\/media?parent=1085126"}],"wp:term":[{"taxonomy":"category","embeddable":true,"href":"https:\/\/www.europesays.com\/fr\/wp-json\/wp\/v2\/categories?post=1085126"},{"taxonomy":"post_tag","embeddable":true,"href":"https:\/\/www.europesays.com\/fr\/wp-json\/wp\/v2\/tags?post=1085126"}],"curies":[{"name":"wp","href":"https:\/\/api.w.org\/{rel}","templated":true}]}}