{"id":108516,"date":"2025-05-18T04:23:29","date_gmt":"2025-05-18T04:23:29","guid":{"rendered":"https:\/\/www.europesays.com\/fr\/108516\/"},"modified":"2025-05-18T04:23:29","modified_gmt":"2025-05-18T04:23:29","slug":"on-navait-pas-prepare-lentree-de-steve-mandanda-concede-habib-beye","status":"publish","type":"post","link":"https:\/\/www.europesays.com\/fr\/108516\/","title":{"rendered":"\u00ab\u00a0On n&rsquo;avait pas pr\u00e9par\u00e9 l&rsquo;entr\u00e9e de Steve Mandanda\u00a0\u00bb, conc\u00e8de Habib Beye"},"content":{"rendered":"<p><strong>Habib Beye (entra\u00eeneur de Rennes) :<\/strong><\/p>\n<p>\u00ab\u00a0On savait que l&rsquo;OM nous \u00e9tait sup\u00e9rieur. On a bien d\u00e9marr\u00e9 dans le match, on est r\u00e9compens\u00e9 <a href=\"https:\/\/www.laprovence.com\/article\/om\/31705222239960\/direct-laprovence-direct-om-rennes-une-derniere-au-velodrome-pour-garder-la-2e-place-suivez-l-avant-match\" target=\"_blank\" rel=\"nofollow noopener\">par le but<\/a>. Apr\u00e8s il y a ce petit momentum que je questionne encore et va tuer le football. Siffler un tel penalty\u2026 J&rsquo;entends les lois du jeu, mais ce genre de penalty d\u00e9cide des matches, \u00e7a renverse un stade. <a href=\"https:\/\/www.laprovence.com\/article\/om\/1122105152273214\/om-jeremie-pignard-au-sifflet-du-dernier-match-de-la-saison-contre-rennes\" target=\"_blank\" rel=\"nofollow noopener\">M. Pignard<\/a> s&rsquo;est laiss\u00e9 embarquer par l&rsquo;ambiance du stade. Toutes ces d\u00e9cisions p\u00e8sent sur un match, m\u00eame si on a fait trop d&rsquo;erreurs pour esp\u00e9rer gagner. Mon bilan a \u00e9t\u00e9 satisfaisant vu les grandes difficult\u00e9s que connaissait l&rsquo;\u00e9quipe. On a \u00e9t\u00e9 cherch\u00e9 le maintien, l&rsquo;objectif fix\u00e9. Il \u00e9tait difficile de tout changer, on a produit du jeu, on a sorti des joueurs. On va analyser ce que l&rsquo;on a moins bien fait.<\/p>\n<p>On n&rsquo;avait pas pr\u00e9par\u00e9 <a href=\"https:\/\/www.laprovence.com\/article\/om\/3590497798320314\/om-rennes-mandanda-la-boucle-bouclee-au-velodrome\" target=\"_blank\" rel=\"nofollow noopener\">l&rsquo;entr\u00e9e de Steve Mandanda<\/a>, je lui avais demand\u00e9 s&rsquo;il souhaitait jouer. Comme il n&rsquo;envisageait pas d&rsquo;arr\u00eater sa carri\u00e8re, il ne voulait pas vivre de jubil\u00e9. J&rsquo;ai suivi sa volont\u00e9. Tous les jours, je lui ai demand\u00e9 s&rsquo;il avait chang\u00e9 d&rsquo;avis. Pendant le match, je l&rsquo;ai regard\u00e9. Ses co\u00e9quipiers l&rsquo;ont pouss\u00e9 \u00e0 vivre ce moment-l\u00e0. J&rsquo;entra\u00eene pour entra\u00eener des joueurs comme lui. C&rsquo;est un homme exceptionnel. Avoir \u00e9t\u00e9 son entra\u00eeneur est un v\u00e9ritable privil\u00e8ge.\u00a0\u00bb<\/p>\n","protected":false},"excerpt":{"rendered":"Habib Beye (entra\u00eeneur de Rennes) : \u00ab\u00a0On savait que l&rsquo;OM nous \u00e9tait sup\u00e9rieur. On a bien d\u00e9marr\u00e9 dans&hellip;\n","protected":false},"author":2,"featured_media":108517,"comment_status":"","ping_status":"","sticky":false,"template":"","format":"standard","meta":{"footnotes":""},"categories":[2821],"tags":[22579,17,1111,11,829,1777,674,1011,27,22652,22651,12,149,22578,5241,5261,5109,584,25],"class_list":{"0":"post-108516","1":"post","2":"type-post","3":"status-publish","4":"format-standard","5":"has-post-thumbnail","7":"category-rennes","8":"tag-4-2","9":"tag-17","10":"tag-actu","11":"tag-actualites","12":"tag-bretagne","13":"tag-eu","14":"tag-europe","15":"tag-fr","16":"tag-france","17":"tag-lentree","18":"tag-navait","19":"tag-news","20":"tag-om","21":"tag-om-rennes","22":"tag-on","23":"tag-pas","24":"tag-prepare","25":"tag-rennes","26":"tag-republique-francaise"},"share_on_mastodon":{"url":"https:\/\/pubeurope.com\/@fr\/114526932407298703","error":""},"_links":{"self":[{"href":"https:\/\/www.europesays.com\/fr\/wp-json\/wp\/v2\/posts\/108516","targetHints":{"allow":["GET"]}}],"collection":[{"href":"https:\/\/www.europesays.com\/fr\/wp-json\/wp\/v2\/posts"}],"about":[{"href":"https:\/\/www.europesays.com\/fr\/wp-json\/wp\/v2\/types\/post"}],"author":[{"embeddable":true,"href":"https:\/\/www.europesays.com\/fr\/wp-json\/wp\/v2\/users\/2"}],"replies":[{"embeddable":true,"href":"https:\/\/www.europesays.com\/fr\/wp-json\/wp\/v2\/comments?post=108516"}],"version-history":[{"count":0,"href":"https:\/\/www.europesays.com\/fr\/wp-json\/wp\/v2\/posts\/108516\/revisions"}],"wp:featuredmedia":[{"embeddable":true,"href":"https:\/\/www.europesays.com\/fr\/wp-json\/wp\/v2\/media\/108517"}],"wp:attachment":[{"href":"https:\/\/www.europesays.com\/fr\/wp-json\/wp\/v2\/media?parent=108516"}],"wp:term":[{"taxonomy":"category","embeddable":true,"href":"https:\/\/www.europesays.com\/fr\/wp-json\/wp\/v2\/categories?post=108516"},{"taxonomy":"post_tag","embeddable":true,"href":"https:\/\/www.europesays.com\/fr\/wp-json\/wp\/v2\/tags?post=108516"}],"curies":[{"name":"wp","href":"https:\/\/api.w.org\/{rel}","templated":true}]}}