{"id":108522,"date":"2025-05-18T04:26:08","date_gmt":"2025-05-18T04:26:08","guid":{"rendered":"https:\/\/www.europesays.com\/fr\/108522\/"},"modified":"2025-05-18T04:26:08","modified_gmt":"2025-05-18T04:26:08","slug":"les-rats-proliferent-dans-cette-ville-pres-de-nice-une-femme-a-retrouve-des-crottes-sur","status":"publish","type":"post","link":"https:\/\/www.europesays.com\/fr\/108522\/","title":{"rendered":"Les rats prolif\u00e8rent dans cette ville pr\u00e8s de Nice, une femme a retrouv\u00e9 \u00ab\u00a0des crottes\u00a0\u00bb sur"},"content":{"rendered":"<p><strong>\u00ab\u00a0C\u2019est une catastrophe\u00a0\u00bb<\/strong>. Les\u00a0habitants de Cagnes-sur-Mer (<a href=\"https:\/\/www.ouest-france.fr\/provence-alpes-cote-dazur\/alpes-maritimes\/\" target=\"_self\" rel=\"nofollow noopener\">Alpes-Maritimes<\/a>) sont exc\u00e9d\u00e9s par la prolif\u00e9ration des rats dans la ville. Ils estiment que cette situation <strong>\u00ab\u00a0invivable\u00a0\u00bb<\/strong> est due\u00a0aux nombreux travaux engag\u00e9s par la municipalit\u00e9. Dans un post\u00a0Facebook <a href=\"https:\/\/www.bfmtv.com\/cote-d-azur\/j-ai-trouve-des-crottes-dans-mon-lit-les-habitants-se-plaignent-d-une-proliferation-de-rats-a-cagnes-sur-mer_AV-202505150334.html\" target=\"_blank\" rel=\"nofollow noopener\">rep\u00e9r\u00e9\u00a0par nos confr\u00e8res de\u00a0BFM C\u00f4te d&rsquo;Azur <\/a>, jeudi 15\u00a0mai 2025, une femme raconte avoir retrouv\u00e9 <strong>\u00ab\u00a0des crottes\u00a0\u00bb<\/strong> sur son lit.<\/p>\n<p>Aucune\u00a0\u00ab\u00a0augmentation des signalements\u00a0\u00bb, selon la mairie<\/p>\n<p>De son c\u00f4t\u00e9, la mairie reconna\u00eet que les chantiers <strong>\u00ab\u00a0peuvent entra\u00eener un d\u00e9placement des populations de rats vers des quartiers o\u00f9 ils n\u2019\u00e9taient pas pr\u00e9sents auparavant\u00a0\u00bb<\/strong>. Mais elle affirme toutefois qu\u2019aucune\u00a0<strong>\u00ab\u00a0augmentation des signalements\u00a0\u00bb<\/strong> n\u2019a \u00e9t\u00e9 constat\u00e9e depuis la fin de la crise du Covid-19. Elle invite tous les riverains \u00e0 lui signaler toute pr\u00e9sence de\u00a0rongeurs.<\/p>\n<p>En octobre\u00a02024, ce sont des habitants de la ville de Cannes qui d\u00e9non\u00e7aient la pr\u00e9sence de rats dans leur r\u00e9sidence. <a href=\"https:\/\/antibes.maville.com\/actu\/actudet_--ca-aurait-pu-etre-dramatique-un-enfant-de-3-ans-mordu-par-un-rat-pendant-son-sommeil-_9580-6501664_actu.Htm\" target=\"_blank\" rel=\"nofollow noopener\">Un enfant de 3\u00a0ans a m\u00eame \u00e9t\u00e9 attaqu\u00e9 par un rongeur<\/a> alors qu\u2019il dormait dans sa chambre. Il a \u00e9t\u00e9 mordu au cou et au visage. D\u2019apr\u00e8s son p\u00e8re, le pire a \u00e9t\u00e9 \u00e9vit\u00e9 <strong>\u00ab\u00a0car\u00a0le m\u00e9decin a dit que la morsure \u00e9tait pass\u00e9e tout pr\u00e8s de la jugulaire\u00a0\u00bb<\/strong>.\u00a0<\/p>\n<p>\u00a0<\/p>\n","protected":false},"excerpt":{"rendered":"\u00ab\u00a0C\u2019est une catastrophe\u00a0\u00bb. Les\u00a0habitants de Cagnes-sur-Mer (Alpes-Maritimes) sont exc\u00e9d\u00e9s par la prolif\u00e9ration des rats dans la ville. Ils&hellip;\n","protected":false},"author":2,"featured_media":108523,"comment_status":"","ping_status":"","sticky":false,"template":"","format":"standard","meta":{"footnotes":""},"categories":[2819],"tags":[1111,11,22655,1777,674,1294,1011,27,22656,12,2401,3762,22654,882,22653,25,4256,2310,4824],"class_list":{"0":"post-108522","1":"post","2":"type-post","3":"status-publish","4":"format-standard","5":"has-post-thumbnail","7":"category-nice","8":"tag-actu","9":"tag-actualites","10":"tag-crottes","11":"tag-eu","12":"tag-europe","13":"tag-femme","14":"tag-fr","15":"tag-france","16":"tag-lit","17":"tag-news","18":"tag-nice","19":"tag-pres","20":"tag-proliferent","21":"tag-provence-alpes-cote-dazur","22":"tag-rats","23":"tag-republique-francaise","24":"tag-retrouve","25":"tag-toulon","26":"tag-ville"},"share_on_mastodon":{"url":"https:\/\/pubeurope.com\/@fr\/114526944238040303","error":""},"_links":{"self":[{"href":"https:\/\/www.europesays.com\/fr\/wp-json\/wp\/v2\/posts\/108522","targetHints":{"allow":["GET"]}}],"collection":[{"href":"https:\/\/www.europesays.com\/fr\/wp-json\/wp\/v2\/posts"}],"about":[{"href":"https:\/\/www.europesays.com\/fr\/wp-json\/wp\/v2\/types\/post"}],"author":[{"embeddable":true,"href":"https:\/\/www.europesays.com\/fr\/wp-json\/wp\/v2\/users\/2"}],"replies":[{"embeddable":true,"href":"https:\/\/www.europesays.com\/fr\/wp-json\/wp\/v2\/comments?post=108522"}],"version-history":[{"count":0,"href":"https:\/\/www.europesays.com\/fr\/wp-json\/wp\/v2\/posts\/108522\/revisions"}],"wp:featuredmedia":[{"embeddable":true,"href":"https:\/\/www.europesays.com\/fr\/wp-json\/wp\/v2\/media\/108523"}],"wp:attachment":[{"href":"https:\/\/www.europesays.com\/fr\/wp-json\/wp\/v2\/media?parent=108522"}],"wp:term":[{"taxonomy":"category","embeddable":true,"href":"https:\/\/www.europesays.com\/fr\/wp-json\/wp\/v2\/categories?post=108522"},{"taxonomy":"post_tag","embeddable":true,"href":"https:\/\/www.europesays.com\/fr\/wp-json\/wp\/v2\/tags?post=108522"}],"curies":[{"name":"wp","href":"https:\/\/api.w.org\/{rel}","templated":true}]}}