{"id":108535,"date":"2025-05-18T04:35:10","date_gmt":"2025-05-18T04:35:10","guid":{"rendered":"https:\/\/www.europesays.com\/fr\/108535\/"},"modified":"2025-05-18T04:35:10","modified_gmt":"2025-05-18T04:35:10","slug":"le-stade-de-reims-battu-a-lille-et-embarque-en-barrages-de-ligue-1-sport-club","status":"publish","type":"post","link":"https:\/\/www.europesays.com\/fr\/108535\/","title":{"rendered":"Le Stade de Reims battu \u00e0 Lille et embarqu\u00e9 en barrages de Ligue 1 \u2022 Sport Club"},"content":{"rendered":"<p><strong>Le calice jusqu\u2019\u00e0 la lie. Au bout d\u2019un sc\u00e9nario compl\u00e8tement dingue, le Stade de Reims, math\u00e9matiquement maintenu durant toute la soir\u00e9e, a bascul\u00e9 en position de barragiste lors des tous derniers instants de la soir\u00e9e, lors de l\u2019ultime journ\u00e9e de Ligue 1. Domin\u00e9s puis men\u00e9s au score, les R\u00e9mois ont cru au maintien en \u00e9galisant \u00e0 l\u2019heure de jeu via Sergio Aki\u00e9m\u00e9. Mais un penalty conc\u00e9d\u00e9 en fin de match combin\u00e9 \u00e0 un penalty transform\u00e9 par Le Havre \u00e0 Strasbourg a fait basculer Reims du mauvais c\u00f4t\u00e9. Les prot\u00e9g\u00e9s de Samba Diawara devront passer par un double duel contre Metz pour se sauver.<\/strong><\/p>\n<blockquote>\n<p style=\"text-align: center;\"><strong>LA FEUILLE DE MATCH<\/strong><\/p>\n<\/blockquote>\n<p style=\"text-align: center;\"><strong>\u00a0LILLE <img loading=\"lazy\" data-recalc-dims=\"1\" decoding=\"async\" class=\"\" src=\"https:\/\/www.europesays.com\/fr\/wp-content\/uploads\/2025\/05\/cacheimage-1743583982.239565.png\" width=\"18\" height=\"18\"\/> 2-1<\/strong><strong>\u00a0<\/strong><strong><img loading=\"lazy\" data-recalc-dims=\"1\" decoding=\"async\" data-attachment-id=\"52770\" data-permalink=\"https:\/\/www.sportclub-reims.fr\/2025\/01\/saint-etienne-reims\/logo_stade_de_reims_-_2020_alternatif-svg\/\" data-orig-file=\"https:\/\/i0.wp.com\/www.sportclub-reims.fr\/wp-content\/uploads\/2025\/01\/Logo_Stade_de_Reims_-_2020_alternatif.svg.png?fit=1200%2C2030&amp;ssl=1\" data-orig-size=\"1200,2030\" data-comments-opened=\"0\" data-image-meta=\"{&quot;aperture&quot;:&quot;0&quot;,&quot;credit&quot;:&quot;&quot;,&quot;camera&quot;:&quot;&quot;,&quot;caption&quot;:&quot;&quot;,&quot;created_timestamp&quot;:&quot;0&quot;,&quot;copyright&quot;:&quot;&quot;,&quot;focal_length&quot;:&quot;0&quot;,&quot;iso&quot;:&quot;0&quot;,&quot;shutter_speed&quot;:&quot;0&quot;,&quot;title&quot;:&quot;&quot;,&quot;orientation&quot;:&quot;0&quot;}\" data-image-title=\"SDR Stade de Reims logo\" data-image-description=\"\" data-image-caption=\"\" data-medium-file=\"https:\/\/i0.wp.com\/www.sportclub-reims.fr\/wp-content\/uploads\/2025\/01\/Logo_Stade_de_Reims_-_2020_alternatif.svg.png?fit=177%2C300&amp;ssl=1\" data-large-file=\"https:\/\/i0.wp.com\/www.sportclub-reims.fr\/wp-content\/uploads\/2025\/01\/Logo_Stade_de_Reims_-_2020_alternatif.svg.png?fit=605%2C1024&amp;ssl=1\" class=\"alignnone wp-image-52770\" src=\"https:\/\/www.europesays.com\/fr\/wp-content\/uploads\/2025\/05\/Logo_Stade_de_Reims_-_2020_alternatif.svg.png\" alt=\"\" width=\"11\" height=\"18\"  \/> <\/strong><strong>STADE DE REIMS<\/strong><\/p>\n<p><strong style=\"text-align: center;\">MI-TEMPS : <\/strong>1-0<br \/><strong>ARBITRE<\/strong>\u00a0: Willy Delajod<br \/><strong>BUTS<\/strong>\u00a0\u2013 Cabella (37e), Akpom (85e, sp) pour Lille\u00a0; Aki\u00e9m\u00e9 (60e) pour Reim<br \/><strong>AVERTISSEMENT<\/strong> \u2013 au R\u00e9mois Joseph Okumu (84e)<br \/><strong><img loading=\"lazy\" data-recalc-dims=\"1\" decoding=\"async\" class=\"\" src=\"https:\/\/www.europesays.com\/fr\/wp-content\/uploads\/2025\/05\/cacheimage-1743583982.239565.png\" width=\"18\" height=\"18\"\/> LILLE<\/strong>\u00a0: Chevalier \u2013 Gudmunsson, Alexsandro, Diakit\u00e9, Meunier \u2013 Andr\u00e9, Bouaddi (Sahraoui, 80e), Haraldsson, Cabella (Mukau, 89e) \u2013 Pardo, David (Akpom, 73e). Entraineur\u00a0: Bruno G\u00e9n\u00e9sio<br \/><strong><img loading=\"lazy\" data-recalc-dims=\"1\" decoding=\"async\" data-attachment-id=\"52770\" data-permalink=\"https:\/\/www.sportclub-reims.fr\/2025\/01\/saint-etienne-reims\/logo_stade_de_reims_-_2020_alternatif-svg\/\" data-orig-file=\"https:\/\/i0.wp.com\/www.sportclub-reims.fr\/wp-content\/uploads\/2025\/01\/Logo_Stade_de_Reims_-_2020_alternatif.svg.png?fit=1200%2C2030&amp;ssl=1\" data-orig-size=\"1200,2030\" data-comments-opened=\"0\" data-image-meta=\"{&quot;aperture&quot;:&quot;0&quot;,&quot;credit&quot;:&quot;&quot;,&quot;camera&quot;:&quot;&quot;,&quot;caption&quot;:&quot;&quot;,&quot;created_timestamp&quot;:&quot;0&quot;,&quot;copyright&quot;:&quot;&quot;,&quot;focal_length&quot;:&quot;0&quot;,&quot;iso&quot;:&quot;0&quot;,&quot;shutter_speed&quot;:&quot;0&quot;,&quot;title&quot;:&quot;&quot;,&quot;orientation&quot;:&quot;0&quot;}\" data-image-title=\"SDR Stade de Reims logo\" data-image-description=\"\" data-image-caption=\"\" data-medium-file=\"https:\/\/i0.wp.com\/www.sportclub-reims.fr\/wp-content\/uploads\/2025\/01\/Logo_Stade_de_Reims_-_2020_alternatif.svg.png?fit=177%2C300&amp;ssl=1\" data-large-file=\"https:\/\/i0.wp.com\/www.sportclub-reims.fr\/wp-content\/uploads\/2025\/01\/Logo_Stade_de_Reims_-_2020_alternatif.svg.png?fit=605%2C1024&amp;ssl=1\" class=\"alignnone wp-image-52770\" src=\"https:\/\/www.europesays.com\/fr\/wp-content\/uploads\/2025\/05\/Logo_Stade_de_Reims_-_2020_alternatif.svg.png\" alt=\"\" width=\"11\" height=\"18\"  \/>\u00a0REIMS<\/strong>\u00a0: Diouf \u2013Aki\u00e9m\u00e9, Kipr\u00e9, Okumu, Sekine, Buta (Tia, 59e) \u2013 Gbane, Kon\u00e9 (John Patrick, 69e), Atangana (Diakit\u00e9, 88e) \u2013 Ito (Sangui, 69e), Siebatcheu (Ibrahim, 69e). Entraineur\u00a0: Samba Diawara<\/p>\n<blockquote>\n<p style=\"text-align: center;\"><strong>LE MATCH<\/strong><\/p>\n<\/blockquote>\n<p>A ne pas convertir le point qui lui manquait depuis plusieurs semaines, le Stade de Reims a fini par se griller les ailes. A l\u2019occasion de la toute derni\u00e8re journ\u00e9e de Ligue 1, ce samedi soir, les R\u00e9mois connaissaient l\u2019enjeu. Face \u00e0 une \u00e9quipe qui, elle, jouait l\u2019Europe, le Stade de Reims avait pourtant encore son destin en main jusqu\u2019\u00e0 la 85e minute. Une combinaison de sc\u00e9narios contraires ont finalement \u00e9t\u00e9 fatals \u00e0 un maintien direct dans l\u2019Elite du foot fran\u00e7ais.<\/p>\n<p>Sans Keito Nakamura, suspendu, mais avec un Junya Ito sous infiltrations, les R\u00e9mois d\u00e9butaient pourtant la partie avec s\u00e9rieux. Solidaires en d\u00e9fense, les Marnais s\u2019attachaient \u00e0 subir sans souffrir. Mais comme souvent depuis la reprise en main de l\u2019\u00e9quipe par Samba Diawara, les R\u00e9mois paraissaient trop inoffensifs pour faire douter des Nordistes patients \u00e0 d\u00e9faut d\u2019\u00eatre g\u00e9niaux. Bien leur en a pris. A plier, les R\u00e9mois allaient c\u00e9der une premi\u00e8re fois apr\u00e8s la demi-heure de jeu. Sur un ballon contr\u00e9 et d\u00e9vi\u00e9, Remy Cabella, seul sur la gauche de la surface, r\u00e9alisait une belle aile de pigeon r\u00e9flexe qui trompait un Yevhann Diouf m\u00e9dus\u00e9.<\/p>\n<p>Fin de match cruel mais m\u00e9rit\u00e9<\/p>\n<p>Men\u00e9s \u00e0 la pause, les Champenois restaient trop timides au retour des vestiaires pour esp\u00e9rer revenir. A l\u2019approche de la derni\u00e8re demi-heure, les yeux commen\u00e7aient \u00e0 se porter vers Strasbourg o\u00f9 les Alsaciens menaient face au Havre. Ouf ! Mais l\u2019histoire allait mal tourner, digne des pires money-time de l\u2019histoire r\u00e9cente du Stade de Reims. Pendant que les Normands \u00e9galisaient, Joseph Okumu se rendait coupable d\u2019une faute grossi\u00e8re dans la surface r\u00e9moise. Lille ne ratait pas l\u2019occasion de reprendre l\u2019avantage. Cette fois, c\u2019en \u00e9tait trop pour le Stade de Reims qui remettait donc son destin dans les pieds de ses adversaires.<\/p>\n<p>Fatalement, le moment redout\u00e9 arriva. Tandis qu\u2019ils se pr\u00e9cipitaient sur les \u00e9crans au coup de sifflet final, les joueurs assistaient au penalty transform\u00e9 par les Havrais \u00e0 Strasbourg. D\u00e9pit\u00e9s, ils comprenaient que le club venait de basculer du mauvais c\u00f4t\u00e9 du classement. 16e et donc barragiste. Le Stade de Reims doit d\u00e9sormais s\u2019ajouter deux matchs face \u00e0 Metz pour esp\u00e9rer se maintenir. Au milieu, la finale de la Coupe de France face au PSG aura un go\u00fbt bien moins savoureux\u2026<\/p>\n<blockquote>\n<p style=\"text-align: center;\"><strong>LES R\u00c9SULTATS ET LE CLASSEMENT<\/strong><\/p>\n<\/blockquote>\n<p>\u00a0<\/p>\n<\/p>\n<blockquote>\n<p style=\"text-align: center;\"><strong>PROCHAIN MATCH<\/strong><\/p>\n<\/blockquote>\n<p><strong>\ud83c\udd9a<\/strong> Metz<br \/>\ud83c\udfc6 match aller de barrages de Ligue 1<br \/>\ud83d\udcc5 mercredi 21 mai 2025<br \/>\u231a 20h<br \/>\ud83c\udfdf\u00a0 \u00e0 Metz<\/p>\n","protected":false},"excerpt":{"rendered":"Le calice jusqu\u2019\u00e0 la lie. Au bout d\u2019un sc\u00e9nario compl\u00e8tement dingue, le Stade de Reims, math\u00e9matiquement maintenu durant&hellip;\n","protected":false},"author":2,"featured_media":108536,"comment_status":"","ping_status":"","sticky":false,"template":"","format":"standard","meta":{"footnotes":""},"categories":[2815],"tags":[1111,11,1777,674,63,1011,27,811,66,1307,12,25,4398,464],"class_list":{"0":"post-108535","1":"post","2":"type-post","3":"status-publish","4":"format-standard","5":"has-post-thumbnail","7":"category-lille","8":"tag-actu","9":"tag-actualites","10":"tag-eu","11":"tag-europe","12":"tag-football","13":"tag-fr","14":"tag-france","15":"tag-hauts-de-france","16":"tag-ligue-1","17":"tag-lille","18":"tag-news","19":"tag-republique-francaise","20":"tag-sdr","21":"tag-stade-de-reims"},"share_on_mastodon":{"url":"https:\/\/pubeurope.com\/@fr\/114526980092091724","error":""},"_links":{"self":[{"href":"https:\/\/www.europesays.com\/fr\/wp-json\/wp\/v2\/posts\/108535","targetHints":{"allow":["GET"]}}],"collection":[{"href":"https:\/\/www.europesays.com\/fr\/wp-json\/wp\/v2\/posts"}],"about":[{"href":"https:\/\/www.europesays.com\/fr\/wp-json\/wp\/v2\/types\/post"}],"author":[{"embeddable":true,"href":"https:\/\/www.europesays.com\/fr\/wp-json\/wp\/v2\/users\/2"}],"replies":[{"embeddable":true,"href":"https:\/\/www.europesays.com\/fr\/wp-json\/wp\/v2\/comments?post=108535"}],"version-history":[{"count":0,"href":"https:\/\/www.europesays.com\/fr\/wp-json\/wp\/v2\/posts\/108535\/revisions"}],"wp:featuredmedia":[{"embeddable":true,"href":"https:\/\/www.europesays.com\/fr\/wp-json\/wp\/v2\/media\/108536"}],"wp:attachment":[{"href":"https:\/\/www.europesays.com\/fr\/wp-json\/wp\/v2\/media?parent=108535"}],"wp:term":[{"taxonomy":"category","embeddable":true,"href":"https:\/\/www.europesays.com\/fr\/wp-json\/wp\/v2\/categories?post=108535"},{"taxonomy":"post_tag","embeddable":true,"href":"https:\/\/www.europesays.com\/fr\/wp-json\/wp\/v2\/tags?post=108535"}],"curies":[{"name":"wp","href":"https:\/\/api.w.org\/{rel}","templated":true}]}}