{"id":108537,"date":"2025-05-18T04:36:18","date_gmt":"2025-05-18T04:36:18","guid":{"rendered":"https:\/\/www.europesays.com\/fr\/108537\/"},"modified":"2025-05-18T04:36:18","modified_gmt":"2025-05-18T04:36:18","slug":"marseille-ce-restaurant-cartonne-sur-les-reseaux-sociaux-avec-son-decor-de-carte-postale","status":"publish","type":"post","link":"https:\/\/www.europesays.com\/fr\/108537\/","title":{"rendered":"Marseille. Ce restaurant cartonne sur les r\u00e9seaux sociaux avec son d\u00e9cor de carte postale"},"content":{"rendered":"<p>            Par<br \/>\n        <strong><br \/>\n            <a href=\"https:\/\/actu.fr\/auteur\/thibault-nadal-actu-fr\" title=\"Consulter tous les articles de Thibault Nadal\" target=\"_blank\" rel=\"noopener\">Thibault Nadal<\/a><br \/>\n        <\/strong><\/p>\n<p>        Publi\u00e9 le<\/p>\n<p>            17 mai 2025 \u00e0 7h25        <\/p>\n<p>Que vous soyez de passage sur <a href=\"https:\/\/actu.fr\/marseille\/\" target=\"_blank\" rel=\"noopener\">Marseille<\/a> ou un habitant, vous n\u2019avez pas pu passer \u00e0 c\u00f4t\u00e9. Ouvert seulement depuis juillet 2024, le Santorin s\u2019est vite impos\u00e9 comme un incontournable pour manger au <a href=\"https:\/\/actu.fr\/tag\/restaurant\" target=\"_blank\" rel=\"noopener\">restaurant<\/a>.<\/p>\n<p>Une popularit\u00e9 sur les r\u00e9seaux sociaux qui divisent<\/p>\n<p class=\" wall-content\">Avec sa vue mer et son architecture digne de la petite \u00eele grecque des Cyclades, tout vous permet de vous transporter directement en vacances, sans pour autant quitter Marseille. \u00ab\u2009Tout a \u00e9t\u00e9 pens\u00e9 pour que <strong>tout le monde ait une vue directe sur la mer<\/strong>\u2009\u00bb, se f\u00e9licite, Benjamin Aguad, le propri\u00e9taire des lieux.<\/p>\n<p>    <img   decoding=\"async\" loading=\"lazy\" src=\"https:\/\/www.europesays.com\/fr\/wp-content\/uploads\/2025\/05\/whatsapp-image-2025-05-16-at-121455-960x640.jpeg\" alt=\"Le Santorin offre une vue \u00e9poustouflante sur la M\u00e9diterran\u00e9e.\" width=\"960\" height=\"640\"\/><br \/>\n    Le Santorin offre une vue \u00e9poustouflante sur la M\u00e9diterran\u00e9e. (\u00a9TN \/ actu Marseille)<\/p>\n<p class=\" wall-content\">Rapidement, le lieu est devenu tr\u00e8s populaire sur <a href=\"https:\/\/actu.fr\/tag\/reseaux-sociaux\" target=\"_blank\" rel=\"noopener\">les r\u00e9seaux sociaux<\/a>, ce qui a agac\u00e9 son fondateur.<\/p>\n<blockquote class=\"ac-article-quote wall-content\">\n<p>Je n&rsquo;ai fait aucune pub. Mais tout de suite, c&rsquo;est devenu le restaurant instagrammable avec pleins d&rsquo;influenceurs qui sont venus. \u00c7a m&rsquo;a \u00e9nerv\u00e9, car je voulais montrer qu&rsquo;il y avait plus que le beau d\u00e9cor derri\u00e8re. Je veux que ce soit une cantine, un lieu de rendez-vous pour les habitu\u00e9s.<\/p>\n<p>    <strong>Benjamin Aguad<\/strong><br \/>\n        Fondateur du Santorin    <\/p><\/blockquote>\n<p>Vid\u00e9os : en ce moment sur Actu<\/p>\n<p class=\" wall-content\">Mais \u00e0 sa grande surprise, la popularit\u00e9 du restaurant dure dans le temps et m\u00eame l\u2019hiver, alors que ce restaurant avait \u00e9t\u00e9 plut\u00f4t con\u00e7u pour fonctionner aux beaux jours.<\/p>\n<p>Un restaurant fait de rencontres et de voyages<\/p>\n<p class=\" wall-content\">Pourtant, le succ\u00e8s n\u2019\u00e9tait pas garanti. \u00ab\u2009Quand j\u2019ai repris le local il y a trois ans, je ne savais pas quoi en faire, se souvient Benjamin Aguad. Puis un jour, je me pose et je vois les \u00eeles au fond et <strong>je me dis que \u00e7a ressemble aux Cyclades<\/strong> et \u00e7a fait tilt dans ma t\u00eate.\u2009\u00bb<\/p>\n<p class=\" wall-content\">Un souvenir \u00e0 une \u00eele visit\u00e9e il y a trois ans et qu\u2019il avait ador\u00e9. Restait encore \u00e0 cr\u00e9er l\u2019ambiance de ce lieu. \u00ab\u2009<strong>Tout \u00e9tait dans ma t\u00eate<\/strong>, je n\u2019ai fait appel \u00e0 aucun architecte\u2009\u00bb, raconte-t-il.<\/p>\n<p class=\" wall-content\">Et \u00e0 trouver un chef. Et l\u00e0 encore, Benjamin Aguad va puiser dans sa passion\u2009: <strong>le voyage<\/strong>. \u00ab\u2009Je l\u2019ai rencontr\u00e9 \u00e0 l\u2019\u00e9tranger et il m\u2019a dit qu\u2019il avait travaill\u00e9 dans un restaurant grec durant dix ans.\u2009\u00bb<\/p>\n<p>    <img   decoding=\"async\" loading=\"lazy\" src=\"https:\/\/www.europesays.com\/fr\/wp-content\/uploads\/2025\/05\/whatsapp-image-2025-05-16-at-121455-2-960x640.jpeg\" alt=\"L'architecture unique du Santorin.\" width=\"960\" height=\"640\"\/><br \/>\n    L\u2019architecture unique du Santorin. (\u00a9TN \/ actu Marseille)Au Santorin, pas d\u2019entr\u00e9e ni de plat<\/p>\n<p class=\" wall-content\">Loin des clich\u00e9s qui collent \u00e0 la peau de son restaurant, le fondateur des lieux assure que <strong>tout est fait maison<\/strong>. \u00ab\u2009Il y a deux cuisines\u2009: une pour la conception et une pour la r\u00e9ception.\u2009\u00bb<\/p>\n<p class=\" wall-content\">Dans l\u2019assiette, Benjamin Aguad explique avoir voulu \u00ab\u2009retrouver <strong>un mix de toutes ses origines<\/strong>\u2009\u00bb. Une subtilit\u00e9 qui se retrouve sur la carte. Comme l\u2019explique un serveur aux clients, au Santorin, il n\u2019y a que<strong> des mezze<\/strong>, pas d\u2019entr\u00e9e ni de plat. \u00ab\u2009Comme chez moi, j\u2019ai voulu qu\u2019on partage tous les plats.\u2009\u00bb<\/p>\n<p class=\" wall-content\">Des plats g\u00e9n\u00e9reux typiques de la Gr\u00e8ce avec de la feta, des gyros, du houmous ou de la Moussaka. Le tout pour un prix relativement correct, puisqu\u2019<strong>aucun plat ne d\u00e9passe les 20\u00a0euros<\/strong>.<\/p>\n<p>Restaurant Santorin, 83 avenue de la Pointe Rouge \u00e0 Marseille (8e).<br \/>\nOuvert du mercredi soir au dimanche midi. R\u00e9servation au 04\u200922\u200991\u200918\u200960 ou sur <a href=\"https:\/\/l.instagram.com\/?u=https%3A%2F%2Fbookings.zenchef.com%2Fresults%3Frid%3D363251%26pid%3D1001%26fbclid%3DPAZXh0bgNhZW0CMTEAAac5XqMl9DZz4jqpp7Qvs-CLsjhQfoqYM7_FoIUyOgb2MCMV7iNTw5vZ5OegUQ_aem_BAUgJRM04Z3DfHF4Dod3kA&amp;e=AT1SXMCzNGXoJ3CS-FWJi940yeBGahz755MRwFwSAdiSK9yCFSnmBuFTeO-mWQ0-2PUdncytfDAx-U1GLoKFtvUnUtUS1zVxwAG39Q\" target=\"_blank\" rel=\"noopener\">le site<\/a>.<\/p>\n<p class=\" wall-content\">Suivez toute l\u2019actualit\u00e9 de vos villes et m\u00e9dias favoris en vous inscrivant \u00e0 <a href=\"https:\/\/moncompte.actu.fr\" title=\"D\u00e9couvez Mon Actu\" rel=\"nofollow noopener\" data-trk=\"{&quot;cta&quot;:{&quot;action&quot;:&quot;https:\\\/\\\/moncompte.actu.fr&quot;,&quot;category&quot;:&quot;mon compte&quot;,&quot;from&quot;:&quot;article footer&quot;,&quot;name&quot;:&quot;Mon actu&quot;,&quot;type&quot;:&quot;cta&quot;}}\" target=\"_blank\">Mon Actu<\/a>.<\/p>\n<p>                    <script async src=\"\/\/www.instagram.com\/embed.js\"><\/script><\/p>\n","protected":false},"excerpt":{"rendered":"Par Thibault Nadal Publi\u00e9 le 17 mai 2025 \u00e0 7h25 Que vous soyez de passage sur Marseille ou&hellip;\n","protected":false},"author":2,"featured_media":108538,"comment_status":"","ping_status":"","sticky":false,"template":"","format":"standard","meta":{"footnotes":""},"categories":[2814],"tags":[1111,11,1777,674,1011,27,1652,884,12,22657,882,25,1340],"class_list":{"0":"post-108537","1":"post","2":"type-post","3":"status-publish","4":"format-standard","5":"has-post-thumbnail","7":"category-marseille","8":"tag-actu","9":"tag-actualites","10":"tag-eu","11":"tag-europe","12":"tag-fr","13":"tag-france","14":"tag-loisirs-culture","15":"tag-marseille","16":"tag-news","17":"tag-pointe-rouge","18":"tag-provence-alpes-cote-dazur","19":"tag-republique-francaise","20":"tag-restaurant"},"share_on_mastodon":{"url":"https:\/\/pubeurope.com\/@fr\/114526983628880407","error":""},"_links":{"self":[{"href":"https:\/\/www.europesays.com\/fr\/wp-json\/wp\/v2\/posts\/108537","targetHints":{"allow":["GET"]}}],"collection":[{"href":"https:\/\/www.europesays.com\/fr\/wp-json\/wp\/v2\/posts"}],"about":[{"href":"https:\/\/www.europesays.com\/fr\/wp-json\/wp\/v2\/types\/post"}],"author":[{"embeddable":true,"href":"https:\/\/www.europesays.com\/fr\/wp-json\/wp\/v2\/users\/2"}],"replies":[{"embeddable":true,"href":"https:\/\/www.europesays.com\/fr\/wp-json\/wp\/v2\/comments?post=108537"}],"version-history":[{"count":0,"href":"https:\/\/www.europesays.com\/fr\/wp-json\/wp\/v2\/posts\/108537\/revisions"}],"wp:featuredmedia":[{"embeddable":true,"href":"https:\/\/www.europesays.com\/fr\/wp-json\/wp\/v2\/media\/108538"}],"wp:attachment":[{"href":"https:\/\/www.europesays.com\/fr\/wp-json\/wp\/v2\/media?parent=108537"}],"wp:term":[{"taxonomy":"category","embeddable":true,"href":"https:\/\/www.europesays.com\/fr\/wp-json\/wp\/v2\/categories?post=108537"},{"taxonomy":"post_tag","embeddable":true,"href":"https:\/\/www.europesays.com\/fr\/wp-json\/wp\/v2\/tags?post=108537"}],"curies":[{"name":"wp","href":"https:\/\/api.w.org\/{rel}","templated":true}]}}