{"id":108539,"date":"2025-05-18T04:37:09","date_gmt":"2025-05-18T04:37:09","guid":{"rendered":"https:\/\/www.europesays.com\/fr\/108539\/"},"modified":"2025-05-18T04:37:09","modified_gmt":"2025-05-18T04:37:09","slug":"marseille-dans-ce-classement-le-stade-velodrome-ecrase-encore-ses-concurrents","status":"publish","type":"post","link":"https:\/\/www.europesays.com\/fr\/108539\/","title":{"rendered":"Marseille. Dans ce classement, le stade V\u00e9lodrome \u00e9crase (encore) ses concurrents"},"content":{"rendered":"<p>            Par<br \/>\n        <strong><br \/>\n            <a href=\"https:\/\/actu.fr\/auteur\/thibault-nadal-actu-fr\" title=\"Consulter tous les articles de Thibault Nadal\" target=\"_blank\" rel=\"noopener\">Thibault Nadal<\/a><br \/>\n        <\/strong><\/p>\n<p>        Publi\u00e9 le<\/p>\n<p>            18 mai 2025 \u00e0 6h28        <\/p>\n<p>\u00ab\u2009La question faisait-elle vraiment d\u00e9bat\u2009?\u2009\u00bb, \u00ab\u2009Ce qui serait bizarre serait que \u00e7a ne le soit pas.\u2009\u00bb Sur <a href=\"https:\/\/www.instagram.com\/p\/DJqeOzysXTk\/\" target=\"_blank\" rel=\"noopener\">Instagram<\/a>, les joueurs de <a href=\"https:\/\/actu.fr\/tag\/olympique-de-marseille-om\" target=\"_blank\" rel=\"noopener\">l\u2019Olympique de Marseille<\/a>, Adrien Rabiot et Geronimo Rulli ont r\u00e9agi avec humour \u00e0 la publication de leur club se f\u00e9licitant d\u2019\u00eatre que le <a href=\"https:\/\/actu.fr\/tag\/stade-velodrome\" target=\"_blank\" rel=\"noopener\">V\u00e9lodrome<\/a> soit <strong>le meilleur stade de France<\/strong>.<\/p>\n<p class=\" wall-content\">Ce titre honorifique a \u00e9t\u00e9 d\u00e9cern\u00e9 par le journal <a href=\"https:\/\/www.lequipe.fr\/Football\/Actualites\/Quel-est-le-meilleur-stade-de-l1-retrouvez-le-classement-complet-de-l-equipe\/1561615\" target=\"_blank\" rel=\"noopener\">L\u2019\u00c9quipe<\/a> dans son \u00e9dition du 14\u00a0mai dernier. Voici les d\u00e9tails.<\/p>\n<p>Les crit\u00e8res de s\u00e9lection<\/p>\n<p class=\" wall-content\">Le palmar\u00e8s a \u00e9t\u00e9 \u00e9tabli sur diff\u00e9rents crit\u00e8res\u2009: <strong>ambiance et ferveur<\/strong> (coefficient double), confort et visibilit\u00e9, accessibilit\u00e9, <strong>exp\u00e9rience \u00e9conomique<\/strong>, offre de restauration, exp\u00e9rience pr\u00e9 et post-match, innovation et modernit\u00e9, histoire et prestige et environnement et propret\u00e9.<\/p>\n<p class=\" wall-content\">Chaque th\u00e8me rapporte dix points pour une note finale sur 100.<\/p>\n<p class=\" wall-content\">\n<p>L\u2019ambiance toujours aussi impressionnante au V\u00e9lodrome<\/p>\n<p class=\" wall-content\">Et \u00e0 ce petit jeu, le V\u00e9lodrome d\u00e9croche 76 points, un point devant\u2026 le Parc des Princes de son ennemi jur\u00e9, le PSG.<\/p>\n<p>Vid\u00e9os : en ce moment sur Actu<\/p>\n<p class=\" wall-content\">Dans le d\u00e9tail, l\u2019enceinte du boulevard Michelet d\u00e9croche l<strong>a note de 20\/20 pour l\u2019ambiance et la ferveur<\/strong>, ce qui ne surprendra pas les supporters de l\u2019OM.<\/p>\n<blockquote class=\"ac-article-quote wall-content\">\n<p>Toute personne normalement pourvue de ses yeux et de ses oreilles peut l&rsquo;assurer, ce stade est une splendeur et le raffut qui s&rsquo;y produit chaque soir de match est sans \u00e9quivalent en France.<\/p>\n<p>    <strong>L&rsquo;Equipe<\/strong>\n            <\/p><\/blockquote>\n<p class=\" wall-content\">Sur d\u2019autres aspects, le stade V\u00e9lodrome s\u00e9duit les journalistes du premier quotidien sportif fran\u00e7ais\u2009: histoire, confort, accessibilit\u00e9 avec le m\u00e9tro qui relie rapidement <a href=\"https:\/\/actu.fr\/tag\/gare-saint-charles\" target=\"_blank\" rel=\"noopener\">la gare Saint-Charles<\/a> ou <strong>les aspects technologiques et environnementaux<\/strong>. Deux points sur lesquels, le club marseillais se veut \u00e0 la pointe en France.<\/p>\n<p class=\" wall-content\">Le seul petit b\u00e9mol que met L\u2019\u00c9quipe concerne l\u2019offre de restauration. Avec un 5\/10, il s\u2019agit de la note la plus faible.<\/p>\n<p class=\" wall-content\"><strong>Voici le palmar\u00e8s complet<\/strong>\u2009:<\/p>\n<ul class=\" wall-content\">\n<li>Orange V\u00e9lodrome (Marseille)\u2009: 76 pts,<\/li>\n<li>Parc des Princes (Paris-SG)\u2009: 75 pts,<\/li>\n<li>Geoffroy-Guichard (Saint-\u00c9tienne)\u2009: 74 pts,<\/li>\n<li>Bollaert-Delelis (Lens)\u2009: 73 pts,<\/li>\n<li>Groupama Stadium (Lyon)\u2009: 73 pts,<\/li>\n<li>La Meinau (Strasbourg)\u2009: 70 pts,<\/li>\n<li>Roazhon Park (Rennes)\u2009: 68 pts,<\/li>\n<li>Stadium (Toulouse)\u2009: 68 pts,<\/li>\n<li>Decathlon-Arena \u2013 Pierre-Mauroy (Lille)\u2009: 67 pts,<\/li>\n<li>La Beaujoire (Nantes)\u2009: 66 pts,<\/li>\n<li>Allianz Riviera (Nice)\u2009: 63 pts,<\/li>\n<li>L\u2019Abb\u00e9-Deschamps (Auxerre)\u2009: 62 pts,<\/li>\n<li>Oc\u00e9ane (Le\u00a0Havre)\u2009: 57 pts,<\/li>\n<li>Francis-Le Bl\u00e9 (Brest)\u2009: 53 pts,<\/li>\n<li>Auguste-Delaune (Reims)\u2009: 51 pts,<\/li>\n<li>Raymond-Kopa (Angers)\u2009: 51 pts,<\/li>\n<li>Louis-II (Monaco)\u2009: 50 pts,<\/li>\n<li>La Mosson (Montpellier)\u2009: 46 pts.<\/li>\n<\/ul>\n<p class=\" wall-content\">Suivez toute l\u2019actualit\u00e9 de vos villes et m\u00e9dias favoris en vous inscrivant \u00e0 <a href=\"https:\/\/moncompte.actu.fr\" title=\"D\u00e9couvez Mon Actu\" rel=\"nofollow noopener\" data-trk=\"{&quot;cta&quot;:{&quot;action&quot;:&quot;https:\\\/\\\/moncompte.actu.fr&quot;,&quot;category&quot;:&quot;mon compte&quot;,&quot;from&quot;:&quot;article footer&quot;,&quot;name&quot;:&quot;Mon actu&quot;,&quot;type&quot;:&quot;cta&quot;}}\" target=\"_blank\">Mon Actu<\/a>.<\/p>\n<ul class=\"ac-article-tag wall-content\">\n<li><a href=\"https:\/\/actu.fr\/tag\/olympique-de-marseille-om\" data-trk=\"{&quot;cta&quot;:{&quot;action&quot;:&quot;Olympique de Marseille (OM)&quot;,&quot;category&quot;:&quot;tag&quot;,&quot;from&quot;:&quot;article footer&quot;,&quot;name&quot;:&quot;Olympique de Marseille (OM)&quot;,&quot;type&quot;:&quot;cta&quot;}}\" target=\"_blank\" rel=\"noopener\">#Olympique de Marseille (OM)<\/a><\/li>\n<li><a href=\"https:\/\/actu.fr\/tag\/stade-velodrome\" data-trk=\"{&quot;cta&quot;:{&quot;action&quot;:&quot;Stade V\\u00e9lodrome&quot;,&quot;category&quot;:&quot;tag&quot;,&quot;from&quot;:&quot;article footer&quot;,&quot;name&quot;:&quot;Stade V\\u00e9lodrome&quot;,&quot;type&quot;:&quot;cta&quot;}}\" target=\"_blank\" rel=\"noopener\">#Stade V\u00e9lodrome<\/a><\/li>\n<\/ul>\n<p>                    <script async src=\"\/\/www.instagram.com\/embed.js\"><\/script><\/p>\n","protected":false},"excerpt":{"rendered":"Par Thibault Nadal Publi\u00e9 le 18 mai 2025 \u00e0 6h28 \u00ab\u2009La question faisait-elle vraiment d\u00e9bat\u2009?\u2009\u00bb, \u00ab\u2009Ce qui serait&hellip;\n","protected":false},"author":2,"featured_media":108540,"comment_status":"","ping_status":"","sticky":false,"template":"","format":"standard","meta":{"footnotes":""},"categories":[2814],"tags":[1111,11,1777,674,63,1011,27,884,12,2333,882,25,60,1280],"class_list":{"0":"post-108539","1":"post","2":"type-post","3":"status-publish","4":"format-standard","5":"has-post-thumbnail","7":"category-marseille","8":"tag-actu","9":"tag-actualites","10":"tag-eu","11":"tag-europe","12":"tag-football","13":"tag-fr","14":"tag-france","15":"tag-marseille","16":"tag-news","17":"tag-olympique-de-marseille-om","18":"tag-provence-alpes-cote-dazur","19":"tag-republique-francaise","20":"tag-sports","21":"tag-stade-velodrome"},"share_on_mastodon":{"url":"https:\/\/pubeurope.com\/@fr\/114526987504981155","error":""},"_links":{"self":[{"href":"https:\/\/www.europesays.com\/fr\/wp-json\/wp\/v2\/posts\/108539","targetHints":{"allow":["GET"]}}],"collection":[{"href":"https:\/\/www.europesays.com\/fr\/wp-json\/wp\/v2\/posts"}],"about":[{"href":"https:\/\/www.europesays.com\/fr\/wp-json\/wp\/v2\/types\/post"}],"author":[{"embeddable":true,"href":"https:\/\/www.europesays.com\/fr\/wp-json\/wp\/v2\/users\/2"}],"replies":[{"embeddable":true,"href":"https:\/\/www.europesays.com\/fr\/wp-json\/wp\/v2\/comments?post=108539"}],"version-history":[{"count":0,"href":"https:\/\/www.europesays.com\/fr\/wp-json\/wp\/v2\/posts\/108539\/revisions"}],"wp:featuredmedia":[{"embeddable":true,"href":"https:\/\/www.europesays.com\/fr\/wp-json\/wp\/v2\/media\/108540"}],"wp:attachment":[{"href":"https:\/\/www.europesays.com\/fr\/wp-json\/wp\/v2\/media?parent=108539"}],"wp:term":[{"taxonomy":"category","embeddable":true,"href":"https:\/\/www.europesays.com\/fr\/wp-json\/wp\/v2\/categories?post=108539"},{"taxonomy":"post_tag","embeddable":true,"href":"https:\/\/www.europesays.com\/fr\/wp-json\/wp\/v2\/tags?post=108539"}],"curies":[{"name":"wp","href":"https:\/\/api.w.org\/{rel}","templated":true}]}}