{"id":108541,"date":"2025-05-18T04:38:11","date_gmt":"2025-05-18T04:38:11","guid":{"rendered":"https:\/\/www.europesays.com\/fr\/108541\/"},"modified":"2025-05-18T04:38:11","modified_gmt":"2025-05-18T04:38:11","slug":"lyon-ce-quartier-connu-va-etre-metamorphose-voici-les-premieres-images","status":"publish","type":"post","link":"https:\/\/www.europesays.com\/fr\/108541\/","title":{"rendered":"Lyon. Ce quartier connu va \u00eatre m\u00e9tamorphos\u00e9, voici les premi\u00e8res images"},"content":{"rendered":"<p>            Par<br \/>\n        <strong><br \/>\n            <a href=\"https:\/\/actu.fr\/auteur\/julien-damboise\" title=\"Consulter tous les articles de Julien Damboise\" target=\"_blank\" rel=\"noopener\">Julien Damboise<\/a><br \/>\n        <\/strong><\/p>\n<p>        Publi\u00e9 le<\/p>\n<p>            18 mai 2025 \u00e0 6h20        <\/p>\n<p>Situ\u00e9 dans le 8e arrondissement, le quartier Mermoz-Sud, \u00e0 <a href=\"https:\/\/actu.fr\/auvergne-rhone-alpes\/lyon_69123\" target=\"_blank\" rel=\"noopener\">Lyon<\/a>, fait l\u2019objet d\u2019un grand <strong>projet de transformation<\/strong>. Port\u00e9 par la <a href=\"https:\/\/actu.fr\/tag\/grand-lyon\" target=\"_blank\" rel=\"noopener\">M\u00e9tropole<\/a>, la Ville et l\u2019Agence nationale pour la r\u00e9novation urbain), ce <strong>chantier titanesque<\/strong> a pour but de rendre le quartier <strong>plus agr\u00e9able<\/strong>, plus vivant et plus ouvert sur la ville.<\/p>\n<p class=\" wall-content\">D\u00e9j\u00e0 entam\u00e9e dans les ann\u00e9es 2000 au nord du quartier, la r\u00e9novation se poursuit d\u00e9sormais au sud de Mermoz. Logements, v\u00e9g\u00e9talisation, commerces\u2026 On fait le point.<\/p>\n<p>    <a href=\"https:\/\/www.google.com\/maps\/embed?pb=!1m18!1m12!1m3!1d6549.1103900523785!2d4.874381197775131!3d45.73130337200363!2m3!1f0!2f0!3f0!3m2!1i1024!2i768!4f13.1!3m3!1m2!1s0x47f4c1f1019bc1ed%3A0x99e71d7be0a73ca2!2sMermoz%2C%2069008%20Lyon!5e1!3m2!1sfr!2sfr!4v1747400924868!5m2!1sfr!2sfr\" title=\"Ouvrie le lien\" target=\"_blank\" rel=\"noopener\">Cliquez ici pour visualiser le contenu<\/a><\/p>\n<p>Ce qui va changer dans le quartier<\/p>\n<p class=\" wall-content\">Le logement, comme le secteur Mermoz Sud ne se compose actuellement <strong>uniquement de logements sociaux<\/strong>, sera l\u2019une des priorit\u00e9s dans le p\u00e9rim\u00e8tre d\u2019environ 14 hectares compris entre :<br \/>\u2013 l\u2019avenue<a href=\"https:\/\/actu.fr\/auvergne-rhone-alpes\/lyon_69123\/lyon-c-etait-quoi-cette-file-d-attente-de-centaines-de-personnes-dans-ce-quartier_62023146.html\" target=\"_blank\" rel=\"noopener\"> Jean-Mermoz,<\/a> au nord<br \/>\u2013 le boulevard Pinel, \u00e0 l\u2019est<br \/>\u2013 l\u2019avenue G\u00e9n\u00e9ral Fr\u00e8re, au sud<br \/>\u2013 la rue de la Moselle et une bande d\u2019habitat pavillonnaire, \u00e0 l\u2019ouest<\/p>\n<p class=\" wall-content\">Ce qui est pr\u00e9vu, c\u2019est donc <strong>l\u2019ajout de 700 biens<\/strong> diversifi\u00e9s en accession libre, abordables, locatifs sociaux et locatifs libres, pour atteindre un parc de \u00ab\u00a0plus de 1 200 logements\u00a0\u00bb avec des services ou <strong>commerces aux rez-de-chauss\u00e9es<\/strong> de certains immeubles. Environ 400 logements sociaux seront d\u00e9molis dans le m\u00eame temps, mais 450 \u00e0 500 seront eux r\u00e9habilit\u00e9s. \u00c0 terme, il faudra compter entre 45 \u00e0 50% de logements sociaux.<\/p>\n<p class=\" wall-content\">Les ext\u00e9rieurs de ces immeubles doivent aussi \u00eatre am\u00e9lior\u00e9s selon les collectivit\u00e9s, \u00e9voquant \u00ab\u00a0de meilleurs acc\u00e8s, du stationnement, la gestion des d\u00e9chets et<br \/>espaces de jeux\u00a0\u00bb.<\/p>\n<p>Vid\u00e9os : en ce moment sur Actu<br \/>\n    <img   decoding=\"async\" loading=\"lazy\" src=\"https:\/\/www.europesays.com\/fr\/wp-content\/uploads\/2025\/05\/lyon-mermoz-arbres-jeux-enfants-960x640.png\" alt=\"Des jeux pour les enfants sont pr\u00e9vus dans le futur quartier Mermoz Sud.\" width=\"960\" height=\"640\"\/><br \/>\n    Des jeux pour les enfants sont pr\u00e9vus dans le futur quartier Mermoz Sud. (\u00a9Visuel remis \u00e0 actu Lyon)Des zones pi\u00e9tonnes et du vert<\/p>\n<p class=\" wall-content\">Au total, 62 000 m\u00b2 d\u2019espaces publics doivent \u00eatre requalifi\u00e9s et v\u00e9g\u00e9talis\u00e9s avec<strong> 500 nouveaux arbres<\/strong> plant\u00e9s. Les espaces publics vont \u00eatre compl\u00e8tement repens\u00e9s pour cr\u00e9er un quartier normalement plus agr\u00e9able \u00e0 vivre et plus vert.<\/p>\n<blockquote class=\"ac-article-quote wall-content\">\n<p>Deux fois plus d\u2019espaces verts, des aires r\u00e9cr\u00e9atives et sportives. Une s\u00e9quence r\u00e9cr\u00e9ative devant le futur groupe scolaire avec deux belles aires de jeux sur le th\u00e8me de l\u2019aviation, une promenade pour les familles qui attendent \u00e0 la sortie d\u2019\u00e9cole. Un maximum d\u2019ombrage et de nombreuses assises seront install\u00e9es.<\/p>\n<p>    <strong>M\u00e9tropole et Ville de Lyon<\/strong>\n            <\/p><\/blockquote>\n<p class=\" wall-content\">Les premiers coups de pioche ont commenc\u00e9, pour une livraison pr\u00e9vue fin 2026.\u00a0<\/p>\n<p>Une refonte de la place centrale<\/p>\n<p class=\" wall-content\">Pour la place centrale,<strong> place Latarjet<\/strong>, tout va \u00eatre repens\u00e9. Deux ambiances sont promises, un jardin et une place beaucoup plus d\u00e9gag\u00e9e pour accueillir les \u00e9v\u00e9nements comme le march\u00e9.<\/p>\n<p class=\" wall-content\">La place sera \u00e9quip\u00e9e d\u2019un kiosque, d\u2019assises, d\u2019arceaux v\u00e9los, et l\u00e0-encore copieusement<br \/>v\u00e9g\u00e9talis\u00e9e, avec 966 m\u00b2 de massifs et 47 nouveaux arbres. Une <strong>nouvelle all\u00e9e pi\u00e9tonne<\/strong> permettra de rejoindre le m\u00e9tro par la rue Froment, les sens de circulation des voitures seront r\u00e9organis\u00e9s. Environ 180 places de stationnement public gratuit seront maintenues.<\/p>\n<p>    <img   decoding=\"async\" loading=\"lazy\" src=\"https:\/\/www.europesays.com\/fr\/wp-content\/uploads\/2025\/05\/lyon-mermoz-latarjet-marche-960x609.jpg\" alt=\"La future place Latarjet, dans le 8e arrondissement de Lyon va se m\u00e9tamorphoser.\" width=\"960\" height=\"609\"\/><br \/>\n    La future place Latarjet, dans le 8e arrondissement de Lyon va se m\u00e9tamorphoser. (\u00a9Visuel transmis \u00e0 actu Lyon)<\/p>\n<p class=\" wall-content\">Toujours sur la place, un <strong>grand \u00eelot<\/strong> doit voir le jour au pied du m\u00e9tro Mermoz-Pinel. Pour l\u2019instant pas d\u2019annonce officielle, \u00e0 part que deux commerces doivent aussi \u00eatre cr\u00e9\u00e9s.<\/p>\n<p class=\" wall-content\">Les travaux doivent d\u00e9buter en 2027.<\/p>\n<p>Des \u00e9quipements<\/p>\n<p class=\" wall-content\">La r\u00e9novation de Mermoz Sud s\u2019accompagne aussi de la cr\u00e9ation de nouveaux \u00e9quipements publics. Avec d\u2019abord <strong>de meilleures \u00e9coles<\/strong>. Il est act\u00e9 la d\u00e9molition, puis la reconstruction, du groupe scolaire Louis Pasteur. Pour le groupe scolaire Olympe De Gouges, la d\u00e9molition ne seront que partielle, mais une r\u00e9novation est bien au programme.<\/p>\n<p>    <img   decoding=\"async\" loading=\"lazy\" src=\"https:\/\/www.europesays.com\/fr\/wp-content\/uploads\/2025\/05\/lyon-mermoz-ecole-960x640.png\" alt=\"Le futur groupe scolaire Pasteur \u00e0 Lyon, dans le quartier Mermoz Sud.\" width=\"960\" height=\"640\"\/><br \/>\n    Le futur groupe scolaire Pasteur \u00e0 Lyon entour\u00e9 d\u2019arbres, dans le quartier Mermoz Sud. (\u00a9 Visuel remis \u00e0 actu Lyon)<\/p>\n<p class=\" wall-content\">Par ailleurs, en 2027, un <strong>nouveau p\u00f4le social<\/strong>, sportif et culturel de 2 750 m\u00b2 est promis aux habitants, avec un jardin de 2\u2009000 m\u00b2. \u00c0 l\u2019int\u00e9rieur, une salle de spectacle de 150 places, un studio d\u2019enregistrement, un gymnase, une salle de danse, un dojo\u2026<\/p>\n<p class=\" wall-content\">Le projet de r\u00e9novation de Mermoz-Sud est financ\u00e9 par la M\u00e9tropole de Lyon, la Ville de Lyon et GrandLyon Habitat. Il repr\u00e9sente un investissement public total de <strong>150 millions d\u2019euros<\/strong>. L\u2019ANRU apporte \u00e9galement un soutien financier important pour accompagner la transformation du quartier.<\/p>\n<p class=\" wall-content\">Suivez toute l\u2019actualit\u00e9 de vos villes et m\u00e9dias favoris en vous inscrivant \u00e0 <a href=\"https:\/\/moncompte.actu.fr\" title=\"D\u00e9couvez Mon Actu\" rel=\"nofollow noopener\" data-trk=\"{&quot;cta&quot;:{&quot;action&quot;:&quot;https:\\\/\\\/moncompte.actu.fr&quot;,&quot;category&quot;:&quot;mon compte&quot;,&quot;from&quot;:&quot;article footer&quot;,&quot;name&quot;:&quot;Mon actu&quot;,&quot;type&quot;:&quot;cta&quot;}}\" target=\"_blank\">Mon Actu<\/a>.<\/p>\n","protected":false},"excerpt":{"rendered":"Par Julien Damboise Publi\u00e9 le 18 mai 2025 \u00e0 6h20 Situ\u00e9 dans le 8e arrondissement, le quartier Mermoz-Sud,&hellip;\n","protected":false},"author":2,"featured_media":108542,"comment_status":"","ping_status":"","sticky":false,"template":"","format":"standard","meta":{"footnotes":""},"categories":[1889],"tags":[1111,11,2430,4019,1777,674,1011,27,2428,12,5765,25,104,1352],"class_list":{"0":"post-108541","1":"post","2":"type-post","3":"status-publish","4":"format-standard","5":"has-post-thumbnail","7":"category-lyon","8":"tag-actu","9":"tag-actualites","10":"tag-auvergne-rhone-alpes","11":"tag-ecoles","12":"tag-eu","13":"tag-europe","14":"tag-fr","15":"tag-france","16":"tag-lyon","17":"tag-news","18":"tag-renovation-urbaine","19":"tag-republique-francaise","20":"tag-societe","21":"tag-urbanisme"},"share_on_mastodon":{"url":"https:\/\/pubeurope.com\/@fr\/114526991482755651","error":""},"_links":{"self":[{"href":"https:\/\/www.europesays.com\/fr\/wp-json\/wp\/v2\/posts\/108541","targetHints":{"allow":["GET"]}}],"collection":[{"href":"https:\/\/www.europesays.com\/fr\/wp-json\/wp\/v2\/posts"}],"about":[{"href":"https:\/\/www.europesays.com\/fr\/wp-json\/wp\/v2\/types\/post"}],"author":[{"embeddable":true,"href":"https:\/\/www.europesays.com\/fr\/wp-json\/wp\/v2\/users\/2"}],"replies":[{"embeddable":true,"href":"https:\/\/www.europesays.com\/fr\/wp-json\/wp\/v2\/comments?post=108541"}],"version-history":[{"count":0,"href":"https:\/\/www.europesays.com\/fr\/wp-json\/wp\/v2\/posts\/108541\/revisions"}],"wp:featuredmedia":[{"embeddable":true,"href":"https:\/\/www.europesays.com\/fr\/wp-json\/wp\/v2\/media\/108542"}],"wp:attachment":[{"href":"https:\/\/www.europesays.com\/fr\/wp-json\/wp\/v2\/media?parent=108541"}],"wp:term":[{"taxonomy":"category","embeddable":true,"href":"https:\/\/www.europesays.com\/fr\/wp-json\/wp\/v2\/categories?post=108541"},{"taxonomy":"post_tag","embeddable":true,"href":"https:\/\/www.europesays.com\/fr\/wp-json\/wp\/v2\/tags?post=108541"}],"curies":[{"name":"wp","href":"https:\/\/api.w.org\/{rel}","templated":true}]}}