{"id":108543,"date":"2025-05-18T04:39:08","date_gmt":"2025-05-18T04:39:08","guid":{"rendered":"https:\/\/www.europesays.com\/fr\/108543\/"},"modified":"2025-05-18T04:39:08","modified_gmt":"2025-05-18T04:39:08","slug":"lyon-ce-restaurant-a-discretement-ouvert-en-presquile-et-cest-une-petite-pepite","status":"publish","type":"post","link":"https:\/\/www.europesays.com\/fr\/108543\/","title":{"rendered":"Lyon. Ce restaurant a discr\u00e8tement ouvert en Presqu&rsquo;\u00eele et c&rsquo;est une petite p\u00e9pite"},"content":{"rendered":"<p>            Par<br \/>\n        <strong><br \/>\n            <a href=\"https:\/\/actu.fr\/auteur\/anthony-soudani\" title=\"Consulter tous les articles de Anthony Soudani\" rel=\"nofollow noopener\" target=\"_blank\">Anthony Soudani<\/a><br \/>\n        <\/strong><\/p>\n<p>        Publi\u00e9 le<\/p>\n<p>            18 mai 2025 \u00e0 6h34        <\/p>\n<p>Un restaurant tout en pierre \u00e0 l\u2019int\u00e9rieur, une petite terrasse de tables en bois \u00e0 l\u2019ext\u00e9rieur, le <strong>restaurant Gaheca<\/strong> a d\u00e9j\u00e0 tout son charme dans le 2e arrondissement de <a href=\"https:\/\/actu.fr\/lyon\/\" rel=\"nofollow noopener\" target=\"_blank\">Lyon<\/a>. Situ\u00e9 rue Fleurieu, pr\u00e8s de la place Gailleton, il est ouvert depuis mi-mars. L\u2019endroit id\u00e9al pour d\u00e9guster des plats partag\u00e9s, confectionn\u00e9s avec des produits de qualit\u00e9, ou d\u00e9jeuner le midi pour 27 euros entr\u00e9e-plat-dessert.<br \/>La r\u00e9daction d\u2019actu Lyon a test\u00e9 cette formule et si nous devions r\u00e9sumer cette exp\u00e9rience en un seul mot, ce serait : fra\u00eecheur !<\/p>\n<p>Une d\u00e9gustation pleine de fra\u00eecheur<\/p>\n<p class=\" wall-content\">En effet, Gaheca se distingue par la fra\u00eecheur aussi de ces produits que de ces plats. Entre les asperges en entr\u00e9e ou les tomates anciennes \u00e0 la stracciatella, une fra\u00eecheur imm\u00e9diate saisie votre palais. Et la qualit\u00e9 des l\u00e9gumes est ind\u00e9niablement au rendez-vous.\u00a0<\/p>\n<p class=\" wall-content\">Une fois cette entr\u00e9e <strong>toute en l\u00e9g\u00e8ret\u00e9<\/strong> d\u00e9gust\u00e9e, place au plat principal. Nous avons test\u00e9 les deux au menu : la cote de cochon de l\u2019Aveyron et la thonine. La viande \u00e9tait tr\u00e8s tendre, un peu effiloch\u00e9e, vraiment tr\u00e8s bonne.\u00a0<\/p>\n<p class=\" wall-content\">Concernant la thonine, cette esp\u00e8ce de thon plus tendre, elle fondait dans la bouche. L\u00e0 encore, on retrouve toute la fra\u00eecheur qui fait le sel de ce restaurant.<\/p>\n<p class=\" wall-content\">En dessert, nous avons opt\u00e9 pour le crumble de pommes fraise rhubarbe. La ligne rouge du repas, c\u2019est-\u00e0-dire la fra\u00eecheur en bouche, est respect\u00e9e. La structure du crumble est bien pr\u00e9sent\u00e9e et sa texture se mange facilement, ni trop croquante, ni pas assez.\u00a0<\/p>\n<p>27 euros le midi, des plats \u00e0 partager le soir<\/p>\n<p class=\" wall-content\">Le prix de 27 euros le menu est en ad\u00e9quation avec la qualit\u00e9 du repas. Comptez environ 7 euros si vous souhaitez accompagner votre exp\u00e9rience d\u2019un verre de vin.\u00a0<\/p>\n<p>Le restaurant Gaheca est ouvert du mardi au samedi les midis et les soirs <strong>de 17h30 \u00e0 1h<\/strong>. Le soir, d\u2019ailleurs, c\u2019est l\u2019occasion de d\u00e9guster des plats travaill\u00e9s avec des sauces et une cuisson au feu. Le tout \u00e0 partager.<\/p>\n<p class=\" wall-content\">Suivez toute l\u2019actualit\u00e9 de vos villes et m\u00e9dias favoris en vous inscrivant \u00e0 <a href=\"https:\/\/moncompte.actu.fr\" title=\"D\u00e9couvez Mon Actu\" rel=\"nofollow noopener\" data-trk=\"{&quot;cta&quot;:{&quot;action&quot;:&quot;https:\\\/\\\/moncompte.actu.fr&quot;,&quot;category&quot;:&quot;mon compte&quot;,&quot;from&quot;:&quot;article footer&quot;,&quot;name&quot;:&quot;Mon actu&quot;,&quot;type&quot;:&quot;cta&quot;}}\" target=\"_blank\">Mon Actu<\/a>.<\/p>\n<ul class=\"ac-article-tag wall-content\">\n<li><a href=\"https:\/\/actu.fr\/tag\/j-ai-teste-pour-vous\" data-trk=\"{&quot;cta&quot;:{&quot;action&quot;:&quot;J\\u2019ai test\\u00e9 pour vous&quot;,&quot;category&quot;:&quot;tag&quot;,&quot;from&quot;:&quot;article footer&quot;,&quot;name&quot;:&quot;J\\u2019ai test\\u00e9 pour vous&quot;,&quot;type&quot;:&quot;cta&quot;}}\" rel=\"nofollow noopener\" target=\"_blank\">#J\u2019ai test\u00e9 pour vous<\/a><\/li>\n<li><a href=\"https:\/\/actu.fr\/tag\/restaurant\" data-trk=\"{&quot;cta&quot;:{&quot;action&quot;:&quot;Restaurant&quot;,&quot;category&quot;:&quot;tag&quot;,&quot;from&quot;:&quot;article footer&quot;,&quot;name&quot;:&quot;Restaurant&quot;,&quot;type&quot;:&quot;cta&quot;}}\" rel=\"nofollow noopener\" target=\"_blank\">#Restaurant<\/a><\/li>\n<\/ul>\n","protected":false},"excerpt":{"rendered":"Par Anthony Soudani Publi\u00e9 le 18 mai 2025 \u00e0 6h34 Un restaurant tout en pierre \u00e0 l\u2019int\u00e9rieur, une&hellip;\n","protected":false},"author":2,"featured_media":108544,"comment_status":"","ping_status":"","sticky":false,"template":"","format":"standard","meta":{"footnotes":""},"categories":[1889],"tags":[1111,11,2430,1777,674,1011,27,12102,1305,2428,12,25,1340],"class_list":{"0":"post-108543","1":"post","2":"type-post","3":"status-publish","4":"format-standard","5":"has-post-thumbnail","7":"category-lyon","8":"tag-actu","9":"tag-actualites","10":"tag-auvergne-rhone-alpes","11":"tag-eu","12":"tag-europe","13":"tag-fr","14":"tag-france","15":"tag-jai-teste-pour-vous","16":"tag-lifestyle","17":"tag-lyon","18":"tag-news","19":"tag-republique-francaise","20":"tag-restaurant"},"share_on_mastodon":{"url":"https:\/\/pubeurope.com\/@fr\/114526995294200135","error":""},"_links":{"self":[{"href":"https:\/\/www.europesays.com\/fr\/wp-json\/wp\/v2\/posts\/108543","targetHints":{"allow":["GET"]}}],"collection":[{"href":"https:\/\/www.europesays.com\/fr\/wp-json\/wp\/v2\/posts"}],"about":[{"href":"https:\/\/www.europesays.com\/fr\/wp-json\/wp\/v2\/types\/post"}],"author":[{"embeddable":true,"href":"https:\/\/www.europesays.com\/fr\/wp-json\/wp\/v2\/users\/2"}],"replies":[{"embeddable":true,"href":"https:\/\/www.europesays.com\/fr\/wp-json\/wp\/v2\/comments?post=108543"}],"version-history":[{"count":0,"href":"https:\/\/www.europesays.com\/fr\/wp-json\/wp\/v2\/posts\/108543\/revisions"}],"wp:featuredmedia":[{"embeddable":true,"href":"https:\/\/www.europesays.com\/fr\/wp-json\/wp\/v2\/media\/108544"}],"wp:attachment":[{"href":"https:\/\/www.europesays.com\/fr\/wp-json\/wp\/v2\/media?parent=108543"}],"wp:term":[{"taxonomy":"category","embeddable":true,"href":"https:\/\/www.europesays.com\/fr\/wp-json\/wp\/v2\/categories?post=108543"},{"taxonomy":"post_tag","embeddable":true,"href":"https:\/\/www.europesays.com\/fr\/wp-json\/wp\/v2\/tags?post=108543"}],"curies":[{"name":"wp","href":"https:\/\/api.w.org\/{rel}","templated":true}]}}