{"id":108549,"date":"2025-05-18T04:44:10","date_gmt":"2025-05-18T04:44:10","guid":{"rendered":"https:\/\/www.europesays.com\/fr\/108549\/"},"modified":"2025-05-18T04:44:10","modified_gmt":"2025-05-18T04:44:10","slug":"paris-les-frigos-ancien-entrepot-devenu-ateliers-dartistes-se-meurent-a-petit-feu","status":"publish","type":"post","link":"https:\/\/www.europesays.com\/fr\/108549\/","title":{"rendered":"Paris\u00a0: les Frigos, ancien entrep\u00f4t devenu ateliers d\u2019artistes, \u00ab\u00a0se meurent \u00e0 petit feu\u00a0\u00bb"},"content":{"rendered":"<p class=\"paragraph text_align_left\">\u00ab Ce lieu est magique et prosp\u00e8re \u00e0 l\u2018inspiration. \u00bb Voil\u00e0 ce qu\u2019\u00e9crivait en 2012 le couturier <a href=\"https:\/\/www.leparisien.fr\/culture-loisirs\/cinema\/jean-paul-gaultier-presente-son-projet-de-film-en-animation-comme-en-mode-on-peut-tout-imaginer-14-06-2024-4T66WV6PW5BCHJS5S33BWS36BU.php\" target=\"_self\" rel=\"nofollow noopener\">Jean-Paul Gaultier<\/a> au sujet des Frigos, ce b\u00e2timent de cinq \u00e9tages vieux d\u2018un si\u00e8cle, v\u00e9ritable Ovni au milieu de l\u2018ultramoderne quartier Rive Gauche, dans le <a href=\"https:\/\/www.leparisien.fr\/paris-75\/paris-75013\/\" target=\"_self\" rel=\"nofollow noopener\">XIIIe arrondissement<\/a> de <a href=\"https:\/\/www.leparisien.fr\/paris-75\/\" target=\"_self\" rel=\"nofollow noopener\">Paris<\/a>.<\/p>\n<p class=\"paragraph text_align_left\">Ancien entrep\u00f4t frigorifique pendant la premi\u00e8re partie du XXe si\u00e8cle, le lieu est depuis 40 ans la r\u00e9sidence de dizaines de cr\u00e9ateurs et cr\u00e9atrices en tous genres.<\/p>\n","protected":false},"excerpt":{"rendered":"\u00ab Ce lieu est magique et prosp\u00e8re \u00e0 l\u2018inspiration. \u00bb Voil\u00e0 ce qu\u2019\u00e9crivait en 2012 le couturier Jean-Paul&hellip;\n","protected":false},"author":2,"featured_media":108550,"comment_status":"","ping_status":"","sticky":false,"template":"","format":"standard","meta":{"footnotes":""},"categories":[1888],"tags":[11,872,1777,674,1011,27,1944,12,626,25],"class_list":{"0":"post-108549","1":"post","2":"type-post","3":"status-publish","4":"format-standard","5":"has-post-thumbnail","7":"category-paris","8":"tag-actualites","9":"tag-culture-et-loisirs","10":"tag-eu","11":"tag-europe","12":"tag-fr","13":"tag-france","14":"tag-ma-ville","15":"tag-news","16":"tag-paris","17":"tag-republique-francaise"},"share_on_mastodon":{"url":"https:\/\/pubeurope.com\/@fr\/114527015314054860","error":""},"_links":{"self":[{"href":"https:\/\/www.europesays.com\/fr\/wp-json\/wp\/v2\/posts\/108549","targetHints":{"allow":["GET"]}}],"collection":[{"href":"https:\/\/www.europesays.com\/fr\/wp-json\/wp\/v2\/posts"}],"about":[{"href":"https:\/\/www.europesays.com\/fr\/wp-json\/wp\/v2\/types\/post"}],"author":[{"embeddable":true,"href":"https:\/\/www.europesays.com\/fr\/wp-json\/wp\/v2\/users\/2"}],"replies":[{"embeddable":true,"href":"https:\/\/www.europesays.com\/fr\/wp-json\/wp\/v2\/comments?post=108549"}],"version-history":[{"count":0,"href":"https:\/\/www.europesays.com\/fr\/wp-json\/wp\/v2\/posts\/108549\/revisions"}],"wp:featuredmedia":[{"embeddable":true,"href":"https:\/\/www.europesays.com\/fr\/wp-json\/wp\/v2\/media\/108550"}],"wp:attachment":[{"href":"https:\/\/www.europesays.com\/fr\/wp-json\/wp\/v2\/media?parent=108549"}],"wp:term":[{"taxonomy":"category","embeddable":true,"href":"https:\/\/www.europesays.com\/fr\/wp-json\/wp\/v2\/categories?post=108549"},{"taxonomy":"post_tag","embeddable":true,"href":"https:\/\/www.europesays.com\/fr\/wp-json\/wp\/v2\/tags?post=108549"}],"curies":[{"name":"wp","href":"https:\/\/api.w.org\/{rel}","templated":true}]}}