{"id":108557,"date":"2025-05-18T04:48:15","date_gmt":"2025-05-18T04:48:15","guid":{"rendered":"https:\/\/www.europesays.com\/fr\/108557\/"},"modified":"2025-05-18T04:48:15","modified_gmt":"2025-05-18T04:48:15","slug":"approbation-du-premier-test-sanguin-de-depistage-dalzheimer","status":"publish","type":"post","link":"https:\/\/www.europesays.com\/fr\/108557\/","title":{"rendered":"Approbation du premier test sanguin de d\u00e9pistage d\u2019Alzheimer"},"content":{"rendered":"<p><strong>sante &#8211; Le pays a donn\u00e9 son feu vert au premier test sanguin de d\u00e9pistage de la maladie d\u2019Alzheimer, une avanc\u00e9e pour les patients<\/strong><\/p>\n<p>Une innovation pour lutter contre la maladie<a href=\"https:\/\/www.20minutes.fr\/sante\/4095849-20240614-alzheimer-quoi-histoire-molecule-permettant-proteger-souris-maladie?at_medium=RSS%20feed&amp;at_campaign=ynews&amp;utm_source=yahoo&amp;utm_medium=rss&amp;utm_campaign=news_feed&amp;utm_content=in_article_link\" rel=\"nofollow noopener\" target=\"_blank\" data-ylk=\"slk:d\u2019Alzheimer;elm:context_link;itc:0;sec:content-canvas\" class=\"link \"> d\u2019Alzheimer<\/a>. Les Etats-Unis ont donn\u00e9 leur feu vert vendredi au premier test sanguin de d\u00e9pistage de cette maladie neurod\u00e9g\u00e9n\u00e9rative, ce qui pourrait permettre aux patients de prendre plus t\u00f4t des m\u00e9dicaments ralentissant la progression de cette maladie neurod\u00e9g\u00e9n\u00e9rative.<\/p>\n<p>Le test, mis au point par Fujirebio Diagnostics, mesure le ratio de deux prot\u00e9ines pr\u00e9sentes dans le sang. Ce ratio est corr\u00e9l\u00e9 \u00e0 la pr\u00e9sence de plaques b\u00eata-amylo\u00efdes dans le cerveau, caract\u00e9ristiques de la maladie d\u2019Alzheimer, qui jusqu\u2019ici n\u2019\u00e9taient d\u00e9tectables que par des scans du cerveau ou l\u2019analyse du <a href=\"https:\/\/www.20minutes.fr\/sante\/4090102-20240510-mulhouse-cancers-cerebraux-adn-va-faire-parler-coupables?at_medium=RSS%20feed&amp;at_campaign=ynews&amp;utm_source=yahoo&amp;utm_medium=rss&amp;utm_campaign=news_feed&amp;utm_content=in_article_link\" rel=\"nofollow noopener\" target=\"_blank\" data-ylk=\"slk:liquide c\u00e9phalo-rachidien;elm:context_link;itc:0;sec:content-canvas\" class=\"link \">liquide c\u00e9phalo-rachidien<\/a>.<\/p>\n<p>\u00ab La maladie d\u2019Alzheimer touche trop de personnes \u00bb<\/p>\n<p>\u00ab La maladie d\u2019Alzheimer touche trop de personnes, plus que le cancer du sein et le cancer de la prostate r\u00e9unis \u00bb, a d\u00e9clar\u00e9 Marty Makary, de la <a href=\"https:\/\/www.20minutes.fr\/monde\/etats-unis\/4130234-20241220-etats-unis-criteres-etiquetage-aliments-sains-revus-lutter-contre-maladies?at_medium=RSS%20feed&amp;at_campaign=ynews&amp;utm_source=yahoo&amp;utm_medium=rss&amp;utm_campaign=news_feed&amp;utm_content=in_article_link\" rel=\"nofollow noopener\" target=\"_blank\" data-ylk=\"slk:Food and Drug Administration;elm:context_link;itc:0;sec:content-canvas\" class=\"link \">Food and Drug Administration<\/a> (FDA), l\u2019agence de sant\u00e9 am\u00e9ricaine.<\/p>\n<p>\u00ab Sachant que 10 % des gens \u00e2g\u00e9s de 65 ans et plus sont atteints de la maladie d\u2019Alzheimer et que ce chiffre devrait doubler d\u2019ici 2050, j\u2019esp\u00e8re que de nouveaux produits m\u00e9dicaux tels que celui-ci aideront les patients. \u00bb<\/p>\n<p>Il existe actuellement deux traitements approuv\u00e9s de l\u2019Alzheimer, les lecanemab et donanemab, qui ciblent la plaque amylo\u00efde et ralentissent modestement le d\u00e9clin cognitif. Elles ne permettent pas la gu\u00e9rison.<\/p>\n<p>Pas de gu\u00e9rison \u00e0 cette maladie<\/p>\n<p>Les partisans de ces traitements, dont de nombreux neurologues, avancent qu\u2019ils peuvent offrir aux malades quelques (&#8230;)<\/p>\n<p><a href=\"https:\/\/www.20minutes.fr\/sante\/4154038-20250517-etats-unis-approbation-premier-test-sanguin-depistage-alzheimer?at_medium=RSS%20feed&amp;at_campaign=ynews&amp;utm_source=yahoo&amp;utm_medium=rss&amp;utm_campaign=news_feed&amp;utm_content=read_more_link\" rel=\"nofollow noopener\" target=\"_blank\" data-ylk=\"slk:Lire la suite sur 20minutes;elm:context_link;itc:0;sec:content-canvas\" class=\"link \">Lire la suite sur 20minutes<\/a><\/p>\n<p>\u00c0 lire aussi :<br \/><a href=\"https:\/\/www.20minutes.fr\/sante\/4153938-20250517-si-dromadaires-permettaient-soigner-partie-maladie-alzheimer?at_medium=RSS%20feed&amp;at_campaign=ynews&amp;utm_source=yahoo&amp;utm_medium=rss&amp;utm_campaign=news_feed&amp;utm_content=related_content_link\" rel=\"nofollow noopener\" target=\"_blank\" data-ylk=\"slk:Et si les dromadaires permettaient de soigner (en partie) la maladie d\u2019Alzheimer ?;elm:context_link;itc:0;sec:content-canvas\" class=\"link \">Et si les dromadaires permettaient de soigner (en partie) la maladie d\u2019Alzheimer ?<\/a><br \/><a href=\"https:\/\/www.20minutes.fr\/arts-stars\/cinema\/4150770-20250428-mort-gene-hackman-conclusions-finales-autopsie-enfin-revelees?at_medium=RSS%20feed&amp;at_campaign=ynews&amp;utm_source=yahoo&amp;utm_medium=rss&amp;utm_campaign=news_feed&amp;utm_content=related_content_link\" rel=\"nofollow noopener\" target=\"_blank\" data-ylk=\"slk:Mort de Gene Hackman : Les conclusions finales de l\u2019autopsie ont enfin \u00e9t\u00e9 r\u00e9v\u00e9l\u00e9es;elm:context_link;itc:0;sec:content-canvas\" class=\"link \">Mort de Gene Hackman : Les conclusions finales de l\u2019autopsie ont enfin \u00e9t\u00e9 r\u00e9v\u00e9l\u00e9es<\/a><\/p>\n","protected":false},"excerpt":{"rendered":"sante &#8211; Le pays a donn\u00e9 son feu vert au premier test sanguin de d\u00e9pistage de la maladie&hellip;\n","protected":false},"author":2,"featured_media":108558,"comment_status":"","ping_status":"","sticky":false,"template":"","format":"standard","meta":{"footnotes":""},"categories":[1589],"tags":[11,2776,73,1866,22658,277,12,374,1864,1865,1863,308],"class_list":{"0":"post-108557","1":"post","2":"type-post","3":"status-publish","4":"format-standard","5":"has-post-thumbnail","7":"category-etats-unis","8":"tag-actualites","9":"tag-cancer-du-sein","10":"tag-etats-unis","11":"tag-etats-unis-damerique","12":"tag-les-etats-unis","13":"tag-maladie-dalzheimer","14":"tag-news","15":"tag-test","16":"tag-united-states","17":"tag-united-states-of-america","18":"tag-us","19":"tag-usa"},"share_on_mastodon":{"url":"https:\/\/pubeurope.com\/@fr\/114527030699626159","error":""},"_links":{"self":[{"href":"https:\/\/www.europesays.com\/fr\/wp-json\/wp\/v2\/posts\/108557","targetHints":{"allow":["GET"]}}],"collection":[{"href":"https:\/\/www.europesays.com\/fr\/wp-json\/wp\/v2\/posts"}],"about":[{"href":"https:\/\/www.europesays.com\/fr\/wp-json\/wp\/v2\/types\/post"}],"author":[{"embeddable":true,"href":"https:\/\/www.europesays.com\/fr\/wp-json\/wp\/v2\/users\/2"}],"replies":[{"embeddable":true,"href":"https:\/\/www.europesays.com\/fr\/wp-json\/wp\/v2\/comments?post=108557"}],"version-history":[{"count":0,"href":"https:\/\/www.europesays.com\/fr\/wp-json\/wp\/v2\/posts\/108557\/revisions"}],"wp:featuredmedia":[{"embeddable":true,"href":"https:\/\/www.europesays.com\/fr\/wp-json\/wp\/v2\/media\/108558"}],"wp:attachment":[{"href":"https:\/\/www.europesays.com\/fr\/wp-json\/wp\/v2\/media?parent=108557"}],"wp:term":[{"taxonomy":"category","embeddable":true,"href":"https:\/\/www.europesays.com\/fr\/wp-json\/wp\/v2\/categories?post=108557"},{"taxonomy":"post_tag","embeddable":true,"href":"https:\/\/www.europesays.com\/fr\/wp-json\/wp\/v2\/tags?post=108557"}],"curies":[{"name":"wp","href":"https:\/\/api.w.org\/{rel}","templated":true}]}}