{"id":108559,"date":"2025-05-18T04:49:10","date_gmt":"2025-05-18T04:49:10","guid":{"rendered":"https:\/\/www.europesays.com\/fr\/108559\/"},"modified":"2025-05-18T04:49:10","modified_gmt":"2025-05-18T04:49:10","slug":"trois-iraniens-inculpes-pour-des-activites-despionnage-devant-la-justice-liberation","status":"publish","type":"post","link":"https:\/\/www.europesays.com\/fr\/108559\/","title":{"rendered":"trois Iraniens inculp\u00e9s pour des activit\u00e9s d\u2019espionnage devant la justice \u2013 Lib\u00e9ration"},"content":{"rendered":"<p class=\"sc-ksZaOG ehjQrN text-element\">Trois ressortissants iraniens ont \u00e9t\u00e9 inculp\u00e9s en Grande-Bretagne pour des activit\u00e9s d\u2019espionnage pr\u00e9sum\u00e9es au profit de l\u2019Iran entre 2024 et 2025, a annonc\u00e9 samedi la police de Londres, \u00e0 l\u2019issue d\u2019une enqu\u00eate men\u00e9e par son unit\u00e9 antiterroriste.<\/p>\n<p class=\"sc-ksZaOG ehjQrN text-element\">Ils font l\u2019objet \u00abd\u2019accusations extr\u00eamement graves\u00bb, a soulign\u00e9 dans un communiqu\u00e9 le commandant de cette unit\u00e9, Dominic Murphy. Inculp\u00e9s pour des \u00abactes susceptibles d\u2019aider un service de renseignement \u00e9tranger\u00bb entre ao\u00fbt 2024 et f\u00e9vrier 2025, les trois hommes, arr\u00eat\u00e9s le 3 mai, ont \u00e9t\u00e9 pr\u00e9sent\u00e9s samedi \u00e0 un tribunal de Londres.<\/p>\n<p class=\"sc-ksZaOG ehjQrN text-element\">Les trois hommes, v\u00eatus de sweatshirt gris, n\u2019ont pas d\u00e9clar\u00e9 s\u2019ils plaidaient coupables ou non. Ils ont \u00e9t\u00e9 plac\u00e9s en d\u00e9tention provisoire et compara\u00eetront lors d\u2019une audience pr\u00e9liminaire \u00e0 la cour criminelle de l\u2019Old Bailey \u00e0 Londres le 6 juin. <\/p>\n<p class=\"sc-ksZaOG ehjQrN text-element\">Mostafa Sepahvand, 39 ans, Farhad Javadi Manesh, 44 ans et Shapoor Qalehali Khani Noori, 55 ans, r\u00e9sidaient tous dans la capitale britannique. Ils ont \u00e9t\u00e9 interpell\u00e9s puis d\u00e9tenus depuis deux semaines en vertu de la loi de 2023 sur la s\u00e9curit\u00e9 nationale, qui permet \u00e0 la police d\u2019arr\u00eater des personnes soup\u00e7onn\u00e9es d\u2019\u00eatre impliqu\u00e9es \u00abdans une activit\u00e9 de menace \u00e9manant d\u2019une puissance \u00e9trang\u00e8re\u00bb.<\/p>\n<p class=\"sc-ksZaOG ehjQrN text-element\">Mostafa Sepahvand a \u00e9galement \u00e9t\u00e9 inculp\u00e9 pour des actes de surveillance, de recherche ou de reconnaissance \u00abdans l\u2019intention de commettre des actes de violence grave contre une personne au Royaume-Uni\u00bb, a indiqu\u00e9 la police, sans donner plus de d\u00e9tails. Farhad Javadi Manesh et Shapoor Qalehali Khani Noori, eux, sont inculp\u00e9s pour avoir commis des actes similaires, \u00abdans le but que des violences graves soient commises par d\u2019autres contre une personne au Royaume-Uni\u00bb, a-t-elle ajout\u00e9. Un quatri\u00e8me Iranien de 31 ans avait \u00e9t\u00e9 arr\u00eat\u00e9 le 9 mai, avant d\u2019\u00eatre rel\u00e2ch\u00e9 sans poursuites jeudi.<\/p>\n<p class=\"sc-ksZaOG ehjQrN text-element\">D\u2019apr\u00e8s la BBC, ces hommes pr\u00e9voyaient de s\u2019en prendre \u00e0 des journalistes d\u2019Iran International, cha\u00eene de TV priv\u00e9e bas\u00e9e \u00e0 Londres et class\u00e9e comme organisation terroriste par T\u00e9h\u00e9ran. En mars 2024, son reporter Pouria Zeraati, avait \u00e9t\u00e9 agress\u00e9 au couteau pr\u00e8s de son domicile \u00e0 Londres et a d\u00fb \u00eatre hospitalis\u00e9 pour une blessure \u00e0 la jambe. \u00abL\u2019enqu\u00eate porte sur un complot pr\u00e9sum\u00e9 visant un site sp\u00e9cifique\u00bb, avait indiqu\u00e9 la police. Il s\u2019agirait, selon des m\u00e9dias britanniques, de l\u2019ambassade d\u2019Isra\u00ebl \u00e0 Londres.<\/p>\n<p class=\"sc-ksZaOG ehjQrN text-element\">Londres a annonc\u00e9 d\u00e9but mars placer l\u2019Iran, ses services de renseignement et les Gardiens de la R\u00e9volution au niveau le plus \u00e9lev\u00e9 du Foreign Influence Registration Scheme (FIRS), qui entend lutter contre \u00ables influences \u00e9trang\u00e8res secr\u00e8tes\u00bb.<\/p>\n<p class=\"sc-ksZaOG ehjQrN text-element\"><b>Mise \u00e0 jour<\/b> \u00e0 10 h 25 avec davantage de d\u00e9tails ; \u00e0 16 h 40 avec les cibles vis\u00e9es selon les m\u00e9dias britanniques<\/p>\n","protected":false},"excerpt":{"rendered":"Trois ressortissants iraniens ont \u00e9t\u00e9 inculp\u00e9s en Grande-Bretagne pour des activit\u00e9s d\u2019espionnage pr\u00e9sum\u00e9es au profit de l\u2019Iran entre&hellip;\n","protected":false},"author":2,"featured_media":108560,"comment_status":"","ping_status":"","sticky":false,"template":"","format":"standard","meta":{"footnotes":""},"categories":[1588],"tags":[11,1777,674,3019,12,473,1853,1851,1850,1852],"class_list":{"0":"post-108559","1":"post","2":"type-post","3":"status-publish","4":"format-standard","5":"has-post-thumbnail","7":"category-royaume-uni","8":"tag-actualites","9":"tag-eu","10":"tag-europe","11":"tag-iran","12":"tag-news","13":"tag-royaume-uni","14":"tag-royaume-uni-de-grande-bretagne-et-dirlande-du-nord","15":"tag-uk","16":"tag-united-kingdom","17":"tag-united-kingdom-of-great-britain-and-northern-ireland"},"share_on_mastodon":{"url":"https:\/\/pubeurope.com\/@fr\/114527034693490955","error":""},"_links":{"self":[{"href":"https:\/\/www.europesays.com\/fr\/wp-json\/wp\/v2\/posts\/108559","targetHints":{"allow":["GET"]}}],"collection":[{"href":"https:\/\/www.europesays.com\/fr\/wp-json\/wp\/v2\/posts"}],"about":[{"href":"https:\/\/www.europesays.com\/fr\/wp-json\/wp\/v2\/types\/post"}],"author":[{"embeddable":true,"href":"https:\/\/www.europesays.com\/fr\/wp-json\/wp\/v2\/users\/2"}],"replies":[{"embeddable":true,"href":"https:\/\/www.europesays.com\/fr\/wp-json\/wp\/v2\/comments?post=108559"}],"version-history":[{"count":0,"href":"https:\/\/www.europesays.com\/fr\/wp-json\/wp\/v2\/posts\/108559\/revisions"}],"wp:featuredmedia":[{"embeddable":true,"href":"https:\/\/www.europesays.com\/fr\/wp-json\/wp\/v2\/media\/108560"}],"wp:attachment":[{"href":"https:\/\/www.europesays.com\/fr\/wp-json\/wp\/v2\/media?parent=108559"}],"wp:term":[{"taxonomy":"category","embeddable":true,"href":"https:\/\/www.europesays.com\/fr\/wp-json\/wp\/v2\/categories?post=108559"},{"taxonomy":"post_tag","embeddable":true,"href":"https:\/\/www.europesays.com\/fr\/wp-json\/wp\/v2\/tags?post=108559"}],"curies":[{"name":"wp","href":"https:\/\/api.w.org\/{rel}","templated":true}]}}