{"id":10856,"date":"2025-04-08T18:22:11","date_gmt":"2025-04-08T18:22:11","guid":{"rendered":"https:\/\/www.europesays.com\/fr\/10856\/"},"modified":"2025-04-08T18:22:11","modified_gmt":"2025-04-08T18:22:11","slug":"un-systeme-bride-sa-vitesse-maximale-a-110-km-h","status":"publish","type":"post","link":"https:\/\/www.europesays.com\/fr\/10856\/","title":{"rendered":"un syst\u00e8me bride sa vitesse maximale \u00e0 110 km\/h"},"content":{"rendered":"<p itemprop=\"description\">La Renault Clio est d\u00e9sormais bridable \u00e0 110 km\/h sur la route, pour permettre aux jeunes conducteurs de ne pas d\u00e9passer la limite de vitesse autoris\u00e9e.<\/p>\n<p>EN BREF<\/p>\n<ul class=\"bloc_resume_post_list\">\n<li>\n<p>\t\t\t\t\t\t\t\tRenault lance une campagne mondiale \u00ab\u00a0safety car\u00a0\u00bb pour la Clio, d\u00e9but\u00e9e le 6 avril lors du Grand Prix de F1 du Japon.\n\t\t\t\t\t\t<\/li>\n<li>\n<p>\t\t\t\t\t\t\t\tLa Clio peut \u00eatre brid\u00e9e \u00e0 110 km\/h pour les jeunes conducteurs.\n\t\t\t\t\t\t<\/li>\n<li>\n<p>\t\t\t\t\t\t\t\tD\u00e9couvrez combien co\u00fbte cette op\u00e9ration.\n\t\t\t\t\t\t<\/li>\n<\/ul>\n<p>Souvent largement oubli\u00e9 par les automobilistes d\u00e9butants, la limite de vitesse maximale d\u00a0\u00bbun permis probatoire n&rsquo;est pas la m\u00eame que pour un automobiliste qui poss\u00e8de son pr\u00e9cieux s\u00e9same rose depuis plus de trois ans. En effet, sur autoroute, l\u00e0 o\u00f9 le second est limit\u00e9 \u00e0 130 km\/h, un jeune permis <strong>ne doit th\u00e9oriquement pas d\u00e9passer les 110 km\/h.<\/strong> Pour \u00e9viter de potentiels fautes d&rsquo;inattention (ou infractions d\u00e9lib\u00e9r\u00e9es), le constructeur au losange permet aux acqu\u00e9reurs de sa citadine phare, la Renault Clio, de brider leur mod\u00e8le par une configuration du calculateur moteur. La vitesse maximale du v\u00e9hicule sera ainsi de 110 km\/h.<\/p>\n<p>    Le nouveau dispositif \u00ab\u00a0safety car\u00a0\u00bb de la Renault Clio <\/p>\n<p>\u00ab\u00a0drive slow on the road, drive fast on the track\u00a0\u00bb, pouvons-nous lire sur la nouvelle campagne de pub du constructeur. Soit \u00ab\u00a0roulez prudemment sur route, acc\u00e9l\u00e9rez sur circuit\u00a0\u00bb. Dans le film partag\u00e9 par Renault,<strong> le pilote de formule 1 de l&rsquo;\u00e9curie BWT Alpine F1 Team Pierre Gasly supervise un jeune conducteur<\/strong> au volant d&rsquo;une Renault Clio sur le trac\u00e9 urbain du circuit de Monaco.<\/p>\n<p> <img loading=\"lazy\" aria-describedby=\"caption-attachment-1375064\" itemprop=\"thumbnailUrl\" decoding=\"async\" class=\"wp-image-1375064 img-responsive  size-medium\" src=\"https:\/\/www.europesays.com\/fr\/wp-content\/uploads\/2025\/04\/human-first-program-safety-car-pierre-gasly-300x190.jpg\" alt=\"Renault Clio Safety car\" width=\"300\" height=\"190\"\/> \u00a9  Renault<\/p>\n<p id=\"caption-attachment-1375064\" class=\"wp-caption-text\">Le pilote de Formule 1 Pierre Gasly s&rsquo;investit dans la campagne.<\/p>\n<p>Cette campagne \u00ab\u00a0safety car\u00a0\u00bb mondiale, qui permet donc de limiter la Renault Clio \u00e0 110 km\/h, a d\u00e9but\u00e9 le 6 avril dernier <strong>\u00e0 l&rsquo;occasion du Grand Prix de Formule 1 du Japon<\/strong>. Elle s&rsquo;int\u00e8gre dans un projet plus large de Renault, appel\u00e9 \u00ab\u00a0human first program\u00a0\u00bb. Il repose sur quatre piliers : pr\u00e9venir, corriger, prot\u00e9ger et secourir.<\/p>\n<p>Pour b\u00e9n\u00e9ficier de ce service, il faudra passer dans un atelier du constructeur fran\u00e7ais. Apr\u00e8s les modifications, le conducteur pourra quand m\u00eame utiliser le r\u00e9gulateur ou le limiteur, jusqu&rsquo;\u00e0 un maximum de 110 km\/h. Cette op\u00e9ration est totalement r\u00e9versible. Pass\u00e9s les deux ou trois ans de p\u00e9riode probatoire pour les jeunes permis, l&rsquo;automobiliste pourra <strong>retourner en concession pour effectuer la man\u0153uvre inverse.<\/strong>\u00a0 <a href=\"https:\/\/www.renault.fr\/securite\/safetycar.html\" target=\"_blank\" rel=\"noopener nofollow\">Le service est propos\u00e9 en France<\/a> <strong>au prix de 59 \u20ac par op\u00e9ration<\/strong> (soit 118 \u20ac au total).<\/p>\n<p>    Les jeunes adultes ont la mortalit\u00e9 la plus importante sur la route <\/p>\n<p>Si Renault a lanc\u00e9 cette nouvelle campagne, c&rsquo;est pour alerter les jeunes conducteurs sur les dangers au volant. Dans le monde, <a href=\"https:\/\/www.autoplus.fr\/actualite\/le-regulateur-de-vitesse-adaptatif-entrainerait-davantage-daccidents-1367183.html\" target=\"_blank\" rel=\"noopener nofollow\">les accidents de la route<\/a> sont d&rsquo;ailleurs <strong>la premi\u00e8re cause de d\u00e9c\u00e8s chez les jeunes adultes<\/strong>. En France, les 18-24 sont aussi les premiers concern\u00e9s par la mortalit\u00e9 routi\u00e8re. L&rsquo;ann\u00e9e derni\u00e8re, 531 personnes de 18 \u00e0 24 ans ont perdu la vie sur les routes de France. C&rsquo;est le plus grand nombre de d\u00e9c\u00e8s pour une tranche d&rsquo;\u00e2ge. Elle est suivie par les 25-34 ans. 443 d&rsquo;entre eux sont d\u00e9c\u00e9d\u00e9s \u00e0 cause d&rsquo;un accident de la route en 2024. Les donn\u00e9es ont \u00e9t\u00e9 partag\u00e9es par l&rsquo;Observatoire national interminist\u00e9riel de la s\u00e9curit\u00e9 routi\u00e8re (ONISR).<\/p>\n<p> <img aria-describedby=\"caption-attachment-1355102\" decoding=\"async\" loading=\"lazy\" class=\"size-medium wp-image-1355102 img-responsive \" src=\"https:\/\/www.europesays.com\/fr\/wp-content\/uploads\/2025\/04\/permis-exces-vitesse-garder-300x158.jpg\" alt=\"Un exc\u00e8s de vitesse\" width=\"300\" height=\"158\"\/> \u00a9  Dr. Matthias Ripp (Flickr)<\/p>\n<p id=\"caption-attachment-1355102\" class=\"wp-caption-text\">La vitesse est un des facteurs principaux de la mortalit\u00e9 des jeunes sur la route.<\/p>\n<p>Enfin, <strong>un peu plus d&rsquo;un accident mortel sur deux li\u00e9s \u00e0 une vitesse excessive, concernent les moins de 35 ans<\/strong>. C&rsquo;est donc un des principaux facteurs de la mortalit\u00e9 des plus jeunes. Pour les sensibiliser au maximum, la campagne de pr\u00e9vention de Renault sera aussi partag\u00e9e sur les r\u00e9seaux sociaux.<\/p>\n","protected":false},"excerpt":{"rendered":"La Renault Clio est d\u00e9sormais bridable \u00e0 110 km\/h sur la route, pour permettre aux jeunes conducteurs de&hellip;\n","protected":false},"author":2,"featured_media":10857,"comment_status":"","ping_status":"","sticky":false,"template":"","format":"standard","meta":{"footnotes":""},"categories":[1412],"tags":[1451,1452,1453,1454,1455,1011,27,1638,60],"class_list":{"0":"post-10856","1":"post","2":"type-post","3":"status-publish","4":"format-standard","5":"has-post-thumbnail","7":"category-f1","8":"tag-f1","9":"tag-formula-1","10":"tag-formula1","11":"tag-formule-1","12":"tag-formule1","13":"tag-fr","14":"tag-france","15":"tag-has_diapo","16":"tag-sports"},"share_on_mastodon":{"url":"https:\/\/pubeurope.com\/@fr\/114303739200425547","error":""},"_links":{"self":[{"href":"https:\/\/www.europesays.com\/fr\/wp-json\/wp\/v2\/posts\/10856","targetHints":{"allow":["GET"]}}],"collection":[{"href":"https:\/\/www.europesays.com\/fr\/wp-json\/wp\/v2\/posts"}],"about":[{"href":"https:\/\/www.europesays.com\/fr\/wp-json\/wp\/v2\/types\/post"}],"author":[{"embeddable":true,"href":"https:\/\/www.europesays.com\/fr\/wp-json\/wp\/v2\/users\/2"}],"replies":[{"embeddable":true,"href":"https:\/\/www.europesays.com\/fr\/wp-json\/wp\/v2\/comments?post=10856"}],"version-history":[{"count":0,"href":"https:\/\/www.europesays.com\/fr\/wp-json\/wp\/v2\/posts\/10856\/revisions"}],"wp:featuredmedia":[{"embeddable":true,"href":"https:\/\/www.europesays.com\/fr\/wp-json\/wp\/v2\/media\/10857"}],"wp:attachment":[{"href":"https:\/\/www.europesays.com\/fr\/wp-json\/wp\/v2\/media?parent=10856"}],"wp:term":[{"taxonomy":"category","embeddable":true,"href":"https:\/\/www.europesays.com\/fr\/wp-json\/wp\/v2\/categories?post=10856"},{"taxonomy":"post_tag","embeddable":true,"href":"https:\/\/www.europesays.com\/fr\/wp-json\/wp\/v2\/tags?post=10856"}],"curies":[{"name":"wp","href":"https:\/\/api.w.org\/{rel}","templated":true}]}}