{"id":108561,"date":"2025-05-18T04:50:12","date_gmt":"2025-05-18T04:50:12","guid":{"rendered":"https:\/\/www.europesays.com\/fr\/108561\/"},"modified":"2025-05-18T04:50:12","modified_gmt":"2025-05-18T04:50:12","slug":"gaza-lallemagne-en-plein-dilemme-face-a-israel","status":"publish","type":"post","link":"https:\/\/www.europesays.com\/fr\/108561\/","title":{"rendered":"Gaza : l\u2019Allemagne en plein dilemme face \u00e0 Isra\u00ebl"},"content":{"rendered":"<p class=\"editorJs-text mb-5\">Jamais par le pass\u00e9, des chefs d\u2019\u00c9tat allemand et isra\u00e9lien n\u2019avaient encha\u00een\u00e9 de visites dans leur pays respectif. C\u2019est ce que r\u00e9alisent depuis lundi Frank-Walter Steinmeier et son homologue Isaak Herzog. Re\u00e7u en grande pompe lundi 12\u00a0mai \u00e0 Berlin, le pr\u00e9sident isra\u00e9lien accueille son coll\u00e8gue allemand, dans la foul\u00e9e ce mardi, et pour deux jours, en Isra\u00ebl cette fois. Trois jours ensemble pour c\u00e9l\u00e9brer les soixante ans des relations diplomatiques entre leurs deux pays marqu\u00e9s par la trag\u00e9die de la Shoah et ses six millions de victimes juives.\u00a0\u00ab\u00a0Pour nous, Allemands, c\u2019\u00e9tait un cadeau auquel nous ne pouvions pas nous attendre apr\u00e8s les ravages de la Seconde Guerre mondiale et la rupture civilisationnelle de la Shoah\u00a0\u00bb\u00a0a rappel\u00e9 lundi le chef d\u2019\u00c9tat allemand. Depuis 2008, l\u2019Allemagne a m\u00eame fait de la s\u00e9curit\u00e9 d\u2019Isra\u00ebl \u00ab\u00a0une raison d\u2019\u00c9tat\u00a0\u00bb.<\/p>\n<p class=\"editorJs-text mb-5\">Au-del\u00e0 de ces propos officiels, difficile de ne pas ressentir un malaise de fond. Solidaire du gouvernement isra\u00e9lien dans sa lutte contre le terrorisme du Hamas depuis les attaques terroristes du 7\u00a0octobre, l\u2019Allemagne\u00a0\u00ab\u00a0ne peut rester indiff\u00e9rente face aux souffrances croissantes des civils\u00a0\u00bb\u00a0\u00e0 Gaza, a rappel\u00e9 Frank-Walter Steinmeier, en appelant Isra\u00ebl \u00e0\u00a0\u00ab\u00a0laisser entrer l\u2019aide humanitaire\u00a0\u00bb,\u00a0\u00ab\u00a0pas n\u2019importe quand, maintenant\u00a0\u00bb.<\/p>\n<p>    Berlin \u00ab\u00a0d\u00e9pass\u00e9 par la situation\u00a0\u00bb<\/p>\n<p class=\"editorJs-text mb-5\">Depuis le 7-Octobre, l\u2019Allemagne tente un jeu d\u2019\u00e9quilibrisme compliqu\u00e9, entre un soutien actif \u00e0 Isra\u00ebl \u2013 notamment militaire \u2013 et un appel \u00e0 la retenue envers le gouvernement de Benyamin Netanyahou.\u00a0\u00ab\u00a0Plus qu\u2019un dilemme, l\u2019Allemagne est d\u00e9pass\u00e9e par la situation,\u00a0commente Peter Linld, de la Fondation SWP de Berlin.\u00a0Elle a tir\u00e9 deux le\u00e7ons de la Shoah\u00a0: une le\u00e7on universelle sur la protection des droits de l\u2019homme et des minorit\u00e9s, et une le\u00e7on particuli\u00e8re, vis-\u00e0-vis d\u2019Isra\u00ebl et de la population juive. Or, depuis le 7-Octobre, elle ne peut plus se positionner pour l\u2019un sans endommager l\u2019autre de ces principes. Il y a dissonance entre les deux piliers de sa politique.\u00a0\u00bb<\/p>\n<p class=\"editorJs-text mb-5\">C\u2019est dans ce contexte tr\u00e8s compliqu\u00e9 que\u00a0Friedrich Merz a pris les r\u00eanes de l\u2019Allemagne\u00a0la semaine derni\u00e8re. En f\u00e9vrier dernier, en pleine campagne \u00e9lectorale et pas encore chancelier, le chef des chr\u00e9tiens-d\u00e9mocrates, aux positions tr\u00e8s pro-isra\u00e9lienne, avait suscit\u00e9 la pol\u00e9mique en voulant\u00a0\u00ab\u00a0trouver un moyen\u00a0\u00bb\u00a0de recevoir Benyamin Netanyahou, en Allemagne, malgr\u00e9 le\u00a0mandat d\u2019arr\u00eat international lanc\u00e9 contre lui par la Cour internationale de Justice, pour crimes de guerre.\u00a0\u00ab\u00a0L\u2019Allemagne a sign\u00e9 le trait\u00e9 de Rome, fondateur de la CPI. Si elle refusait de faire arr\u00eater Netanyahou sur son sol, elle entrerait dans le groupe de pays qui ne respecte plus le droit international, et agirait comme les r\u00e9gimes autoritaires\u00a0\u00bb\u00a0commente la politologue Julia Reuschenbach.<\/p>\n<p>    Des d\u00e9clarations changeantes<\/p>\n<p class=\"editorJs-text mb-5\">Conscient de son faux pas, le nouveau chancelier n\u2019a pas r\u00e9it\u00e9r\u00e9 ce souhait depuis, et une telle invitation para\u00eet tr\u00e8s improbable. Friedrich Merz se montre au contraire plus critique que par le pass\u00e9, et se dit\u00a0\u00ab\u00a0pr\u00e9occup\u00e9 au plus haut point\u00a0\u00bb\u00a0par la situation en Isra\u00ebl et \u00e0 Gaza. Une opinion relay\u00e9e du bout des l\u00e8vres par son ministre des affaires \u00e9trang\u00e8res, Johann Wadephul, le week-end dernier \u00e0 Tel-Aviv.\u00a0\u00ab\u00a0Je ne suis pas s\u00fbr que l\u2019action militaire, qui s\u2019est intensifi\u00e9e depuis mars, serve \u00e0 long terme la s\u00e9curit\u00e9 d\u2019Isra\u00ebl\u00a0\u00bb\u00a0a-t-il os\u00e9, sans convaincre le politologue Peter Lintl.\u00a0\u00ab\u00a0L\u2019Allemagne a perdu sa cr\u00e9dibilit\u00e9 avec ces d\u00e9clarations changeantes,\u00a0estime ce dernier.\u00a0Elle n\u2019a aucune influence sur Isra\u00ebl.\u00a0\u00bb<\/p>\n","protected":false},"excerpt":{"rendered":"Jamais par le pass\u00e9, des chefs d\u2019\u00c9tat allemand et isra\u00e9lien n\u2019avaient encha\u00een\u00e9 de visites dans leur pays respectif.&hellip;\n","protected":false},"author":2,"featured_media":108562,"comment_status":"","ping_status":"","sticky":false,"template":"","format":"standard","meta":{"footnotes":""},"categories":[1587],"tags":[11,672,1804,1805,1803,1777,674,1801,5643,664,12,3518,1802],"class_list":{"0":"post-108561","1":"post","2":"type-post","3":"status-publish","4":"format-standard","5":"has-post-thumbnail","7":"category-allemagne","8":"tag-actualites","9":"tag-allemagne","10":"tag-bundesrepublik-deutschland","11":"tag-de","12":"tag-deutschland","13":"tag-eu","14":"tag-europe","15":"tag-germany","16":"tag-guerre-israel-hamas","17":"tag-israel","18":"tag-news","19":"tag-palestine","20":"tag-republique-federale-dallemagne"},"share_on_mastodon":{"url":"https:\/\/pubeurope.com\/@fr\/114527038575306990","error":""},"_links":{"self":[{"href":"https:\/\/www.europesays.com\/fr\/wp-json\/wp\/v2\/posts\/108561","targetHints":{"allow":["GET"]}}],"collection":[{"href":"https:\/\/www.europesays.com\/fr\/wp-json\/wp\/v2\/posts"}],"about":[{"href":"https:\/\/www.europesays.com\/fr\/wp-json\/wp\/v2\/types\/post"}],"author":[{"embeddable":true,"href":"https:\/\/www.europesays.com\/fr\/wp-json\/wp\/v2\/users\/2"}],"replies":[{"embeddable":true,"href":"https:\/\/www.europesays.com\/fr\/wp-json\/wp\/v2\/comments?post=108561"}],"version-history":[{"count":0,"href":"https:\/\/www.europesays.com\/fr\/wp-json\/wp\/v2\/posts\/108561\/revisions"}],"wp:featuredmedia":[{"embeddable":true,"href":"https:\/\/www.europesays.com\/fr\/wp-json\/wp\/v2\/media\/108562"}],"wp:attachment":[{"href":"https:\/\/www.europesays.com\/fr\/wp-json\/wp\/v2\/media?parent=108561"}],"wp:term":[{"taxonomy":"category","embeddable":true,"href":"https:\/\/www.europesays.com\/fr\/wp-json\/wp\/v2\/categories?post=108561"},{"taxonomy":"post_tag","embeddable":true,"href":"https:\/\/www.europesays.com\/fr\/wp-json\/wp\/v2\/tags?post=108561"}],"curies":[{"name":"wp","href":"https:\/\/api.w.org\/{rel}","templated":true}]}}