{"id":108567,"date":"2025-05-18T04:53:09","date_gmt":"2025-05-18T04:53:09","guid":{"rendered":"https:\/\/www.europesays.com\/fr\/108567\/"},"modified":"2025-05-18T04:53:09","modified_gmt":"2025-05-18T04:53:09","slug":"louane-et-la-france-ont-ete-lachees-par-le-public-europeen","status":"publish","type":"post","link":"https:\/\/www.europesays.com\/fr\/108567\/","title":{"rendered":"Louane et la France ont \u00e9t\u00e9 l\u00e2ch\u00e9es par le public europ\u00e9en"},"content":{"rendered":"<p>Inexplicable. Louane, qui pouvait encore viser le podium, voir mieux, apr\u00e8s les remises de points des jurys professionnels de l\u2019Eurovision 2025, a \u00e9t\u00e9 saqu\u00e9e par les publics europ\u00e9ens. Avec 50 petits points de leur part, elle termine finalement \u00e0 une incompr\u00e9hensible 7e place.<\/p>\n<\/p>\n<p>La chanteuse fran\u00e7aise abordait pourtant cette \u00e9dition 2025 de l\u2019Eurovision <a href=\"https:\/\/www.20minutes.fr\/arts-stars\/culture\/eurovision\/4153984-20250516-eurovision-2025-louane-france-peut-gagner-voici-pronostics-top-10\" class=\"color-ultramarine c-link\" target=\"_blank\" rel=\"noopener\">avec un statut de favorite<\/a> gr\u00e2ce \u00e0 sa chanson maman et une <a href=\"https:\/\/www.20minutes.fr\/arts-stars\/culture\/eurovision\/4153178-20250515-eurovision-2025-faux-sable-miroir-secrets-mise-scene-louane-reveles\" class=\"color-ultramarine c-link\" target=\"_blank\" rel=\"noopener\">mise en sc\u00e8ne audacieuse et \u00e9mouvante<\/a>. Sa prestation en direct samedi soir, toute en \u00e9motion, <a href=\"https:\/\/www.20minutes.fr\/arts-stars\/culture\/eurovision\/4153179-20250514-eurovision-2025-1-000-ca-voit-louane-racontee-ceux-travaille\" class=\"color-ultramarine c-link\" target=\"_blank\" rel=\"noopener\">pouvait laisser croire \u00e0 un triomphe<\/a>. Les jurys ont finalement plac\u00e9 l\u2019Autriche et JJ en t\u00eate. Un vote confirm\u00e9 par le public. Malgr\u00e9 un t\u00e9l\u00e9vote massivement favorable \u00e0 la candidate d\u2019Isra\u00ebl, c\u2019est bien l\u2019Autriche qui triomphe. C\u2019est donc troisi\u00e8me victoire pour l\u2019Autriche, 11 ans apr\u00e8s le triomphe de Conchita Wurst.<\/p>\n<p class=\"mb-m@xs text-l@xs\">En cliquant sur\u00ab J\u2019accepte \u00bb, vous acceptez le d\u00e9p\u00f4t de cookies par des services externes et aurez ainsi acc\u00e8s aux contenus de nos partenaires.<\/p>\n<p class=\"mb-xl@xs text-s@xs\">Plus d\u2019informations sur la page<a href=\"https:\/\/www.20minutes.fr\/gestion-cookies\" class=\"mx-xxs@xs color-ultramarine\" target=\"_blank\" rel=\"noopener\">Politique de gestion des cookies<\/a><\/p>\n<p>J\u2019accepteUne autre d\u00e9ception<\/p>\n<p>Sur le podium final, donc, JJ, alias Johannes Pietsch, contre-t\u00e9nor austro-philippin \u00e2g\u00e9 de 24 ans, a recueilli 436 points, avec Wasted love, dont les paroles d\u00e9crivent l\u2019exp\u00e9rience d\u2019un amour non partag\u00e9, devant l\u2019Isra\u00e9lienne Yuval Raphael (357 points) et l\u2019Estonien Tommy Cash (356 points). Louane est \u00e9galement d\u00e9pass\u00e9e par la Su\u00e8de, l\u2019Italie et la Gr\u00e8ce (d\u2019un tout petit point). Un classement final bien loin des pronostics et difficile \u00e0 avaler\u2026<\/p>\n<p><a href=\"https:\/\/www.20minutes.fr\/arts-stars\/culture\/eurovision\/\" class=\"c-link c-btn c-btn--primary\" target=\"_blank\" rel=\"noopener\">Tous nos articles sur l&rsquo;Eurovision<\/a><\/p>\n<p>Autre d\u00e9ception d\u2019<a href=\"https:\/\/www.20minutes.fr\/arts-stars\/4154039-20250517-direct-eurovision-2025-grand-soir-louane\" class=\"color-ultramarine c-link\" target=\"_blank\" rel=\"noopener\">une soir\u00e9e pourtant haute en couleurs <\/a>et en prestations d\u00e9tonantes, C\u00e9line Dion n\u2019a pas chant\u00e9 \u00e0 B\u00e2le. La star internationale, r\u00e9v\u00e9l\u00e9e par sa victoire \u00e0 l\u2019Eurovision, pour la Suisse, en\u00a01988, \u00e9tait annonc\u00e9e. On avait vu son avion \u00e0 B\u00e2le. Le pr\u00e9sentateur de la soir\u00e9e avait confirm\u00e9 sa venue. Finalement, C\u00e9line Dion n\u2019a pas chant\u00e9. Et le message qu\u2019elle avait enregistr\u00e9 n\u2019a finalement pas \u00e9t\u00e9 diffus\u00e9. Esp\u00e9rons que ce ne soit pas un souci de sant\u00e9 qui ait emp\u00each\u00e9 la chanteuse de se produire sur sc\u00e8ne.<\/p>\n","protected":false},"excerpt":{"rendered":"Inexplicable. Louane, qui pouvait encore viser le podium, voir mieux, apr\u00e8s les remises de points des jurys professionnels&hellip;\n","protected":false},"author":2,"featured_media":108568,"comment_status":"","ping_status":"","sticky":false,"template":"","format":"standard","meta":{"footnotes":""},"categories":[2],"tags":[11,1695,251,58,4500,1011,27,4501,873,12,25],"class_list":{"0":"post-108567","1":"post","2":"type-post","3":"status-publish","4":"format-standard","5":"has-post-thumbnail","7":"category-actualites","8":"tag-actualites","9":"tag-chanson","10":"tag-culture","11":"tag-divertissement","12":"tag-eurovision-2025","13":"tag-fr","14":"tag-france","15":"tag-louane","16":"tag-musique","17":"tag-news","18":"tag-republique-francaise"},"share_on_mastodon":{"url":"https:\/\/pubeurope.com\/@fr\/114527050423267779","error":""},"_links":{"self":[{"href":"https:\/\/www.europesays.com\/fr\/wp-json\/wp\/v2\/posts\/108567","targetHints":{"allow":["GET"]}}],"collection":[{"href":"https:\/\/www.europesays.com\/fr\/wp-json\/wp\/v2\/posts"}],"about":[{"href":"https:\/\/www.europesays.com\/fr\/wp-json\/wp\/v2\/types\/post"}],"author":[{"embeddable":true,"href":"https:\/\/www.europesays.com\/fr\/wp-json\/wp\/v2\/users\/2"}],"replies":[{"embeddable":true,"href":"https:\/\/www.europesays.com\/fr\/wp-json\/wp\/v2\/comments?post=108567"}],"version-history":[{"count":0,"href":"https:\/\/www.europesays.com\/fr\/wp-json\/wp\/v2\/posts\/108567\/revisions"}],"wp:featuredmedia":[{"embeddable":true,"href":"https:\/\/www.europesays.com\/fr\/wp-json\/wp\/v2\/media\/108568"}],"wp:attachment":[{"href":"https:\/\/www.europesays.com\/fr\/wp-json\/wp\/v2\/media?parent=108567"}],"wp:term":[{"taxonomy":"category","embeddable":true,"href":"https:\/\/www.europesays.com\/fr\/wp-json\/wp\/v2\/categories?post=108567"},{"taxonomy":"post_tag","embeddable":true,"href":"https:\/\/www.europesays.com\/fr\/wp-json\/wp\/v2\/tags?post=108567"}],"curies":[{"name":"wp","href":"https:\/\/api.w.org\/{rel}","templated":true}]}}