{"id":108576,"date":"2025-05-18T04:59:12","date_gmt":"2025-05-18T04:59:12","guid":{"rendered":"https:\/\/www.europesays.com\/fr\/108576\/"},"modified":"2025-05-18T04:59:12","modified_gmt":"2025-05-18T04:59:12","slug":"a-domicile-jasmine-paolini-remporte-le-tournoi-de-rome","status":"publish","type":"post","link":"https:\/\/www.europesays.com\/fr\/108576\/","title":{"rendered":"\u00e0 domicile, Jasmine Paolini remporte le tournoi de Rome"},"content":{"rendered":"<p>Ce samedi, Jasmine Paolini a remport\u00e9, chez elle, le WTA 1000 de Rome face \u00e0 Coco Gauff en deux sets.<\/p>\n<p class=\"fig-paragraph\">Sur ses terres.<a href=\"https:\/\/www.lefigaro.fr\/sports\/tennis\/wta\/classement\" target=\"_blank\" rel=\"noopener nofollow\" data-gtm-custom-categorie=\"navigation\" data-gtm-custom-action=\"crossclick\" data-gtm-custom-label=\"Contextuel\" data-gtm-event=\"customEventSPE\">\u00a0La N.5 mondiale<\/a>\u00a0Jasmine Paolini est devenue samedi la premi\u00e8re Italienne \u00e0 remporter le tournoi WTA 1000 de Rome depuis 1985 gr\u00e2ce \u00e0 sa victoire face \u00e0 l\u2019Am\u00e9ricaine Coco Gauff (3e) en finale. Paolini, 29 ans, s\u2019est impos\u00e9e 6-4, 6-2 et a mis fin \u00e0 quarante ans d\u2019attente pour le tennis italien depuis le sacre en 1985 de Raffaella Reggi.<\/p>\n<p class=\"fig-paragraph\">La Toscane s\u2019est offert le troisi\u00e8me titre de sa carri\u00e8re, le deuxi\u00e8me en WTA 1000,\u00a0<a href=\"http:\/\/www.lefigaro.fr\/sports\/tennis\/tennis-paolini-remporte-le-wta-1000-de-dubai-20240224\" data-fig-type=\"NewsFlash\" data-gtm-custom-categorie=\"navigation\" data-gtm-custom-action=\"crossclick\" data-gtm-custom-label=\"Contextuel\" data-gtm-event=\"customEventSPE\" data-fig-domain=\"LEFIGARO\" rel=\"nofollow noopener\" target=\"_blank\">apr\u00e8s Dubai 2024<\/a>, et confirme \u00e0 moins de dix jours de Roland-Garros (25 mai-8 juin) qu\u2019il faudra de nouveau compter sur elle dans le Grand Chelem sur terre battue o\u00f9 elle avait atteint la finale en 2024. Gr\u00e2ce \u00e0 ce succ\u00e8s, Paolini va passer lundi du 5e au 4e rang mondial, \u00e9galant ainsi son meilleur classement WTA.<\/p>\n<p class=\"fig-paragraph\">Contre Gauff qu\u2019elle avait d\u00e9j\u00e0 battue lors de leur seul duel sur terre battue, cette ann\u00e9e \u00e0 Stuttgart, l\u2019Italienne a toujours fait la course en t\u00eate, profitant de la f\u00e9brilit\u00e9 de l\u2019Am\u00e9ricaine (55 fautes directes) et sa fragilit\u00e9 sur sa mise en jeu (7 double-fautes, 53% de premi\u00e8res balles). Elle a fait le break \u00e0 chaque d\u00e9but de set. Si le premier set a \u00e9t\u00e9 tr\u00e8s disput\u00e9 et a \u00e9t\u00e9 boucl\u00e9 en 54 minutes, dans la seconde manche l\u2019Italienne a men\u00e9 rapidement 3-0, puis 5-1. Elle a sign\u00e9 la victoire la plus retentissante de sa carri\u00e8re sur sa deuxi\u00e8me balle de match, un service gagnant, pour la plus grande joie des spectateurs du Campo centrale.<\/p>\n<p class=\"fig-paragraph\">Jusqu\u2019\u00e0 2024 o\u00f9 elle s\u2019est hiss\u00e9e en finale \u00e0 Roland-Garros et Wimbledon, Paolini \u00e9tait avant tout connue pour ses r\u00e9sultats en double, discipline o\u00f9 elle a remport\u00e9 sept titres, dont la m\u00e9daille d\u2019or des JO-2024 de Paris. Associ\u00e9e \u00e0 sa compatriote Sara Errani, elle disputera dimanche la finale du tournoi de double contre la Russe Veronika Kudermetova et la Belge Elise Mertens, tournoi qu\u2019elles avaient remport\u00e9 l\u2019an dernier.<\/p>\n<p class=\"fig-paragraph\">L\u2019Italie \u00e9crase l\u2019\u00e9dition 2025 du tournoi romain et peut finir avec trois des quatre titres. Dimanche, le N.1 mondial Jannik Sinner, de retour d\u2019une suspension de trois mois pour deux contr\u00f4les antidopage positifs \u00e0 un anabolisant attribu\u00e9s \u00e0 une contamination accidentelle,\u00a0<a href=\"http:\/\/www.lefigaro.fr\/sports\/tennis\/tennis-chez-lui-a-rome-sinner-defiera-en-finale-carlos-alcaraz-en-finale-20250516\" data-fig-type=\"NewsFlash\" data-gtm-custom-categorie=\"navigation\" data-gtm-custom-action=\"crossclick\" data-gtm-custom-label=\"Contextuel\" data-gtm-event=\"customEventSPE\" data-fig-domain=\"LEFIGARO\" rel=\"nofollow noopener\" target=\"_blank\">d\u00e9fie l\u2019Espagnol Carlos Alcaraz<\/a>, N.3 mondial et meilleur joueur actuel sur terre battue.<\/p>\n","protected":false},"excerpt":{"rendered":"Ce samedi, Jasmine Paolini a remport\u00e9, chez elle, le WTA 1000 de Rome face \u00e0 Coco Gauff en&hellip;\n","protected":false},"author":2,"featured_media":108577,"comment_status":"","ping_status":"","sticky":false,"template":"","format":"standard","meta":{"footnotes":""},"categories":[1415],"tags":[47,4169,525,1981,15871,4178,4179,1011,27,1114,3996,4177,4176,4174,4175,1980,4171,3499,60,1467,4172,4173,4170],"class_list":{"0":"post-108576","1":"post","2":"type-post","3":"status-publish","4":"format-standard","5":"has-post-thumbnail","7":"category-tennis","8":"tag-actualite","9":"tag-atp","10":"tag-calendrier","11":"tag-classement","12":"tag-cori-gauff","13":"tag-coupe-davis","14":"tag-fed-cup","15":"tag-fr","16":"tag-france","17":"tag-infos","18":"tag-jeux-olympiques","19":"tag-masters-1000","20":"tag-masters-500","21":"tag-masters-series","22":"tag-open-daustralie","23":"tag-resultats","24":"tag-roland-garros","25":"tag-rome","26":"tag-sports","27":"tag-tennis","28":"tag-us-open","29":"tag-wimbledon","30":"tag-wta"},"share_on_mastodon":{"url":"https:\/\/pubeurope.com\/@fr\/114527073898344988","error":""},"_links":{"self":[{"href":"https:\/\/www.europesays.com\/fr\/wp-json\/wp\/v2\/posts\/108576","targetHints":{"allow":["GET"]}}],"collection":[{"href":"https:\/\/www.europesays.com\/fr\/wp-json\/wp\/v2\/posts"}],"about":[{"href":"https:\/\/www.europesays.com\/fr\/wp-json\/wp\/v2\/types\/post"}],"author":[{"embeddable":true,"href":"https:\/\/www.europesays.com\/fr\/wp-json\/wp\/v2\/users\/2"}],"replies":[{"embeddable":true,"href":"https:\/\/www.europesays.com\/fr\/wp-json\/wp\/v2\/comments?post=108576"}],"version-history":[{"count":0,"href":"https:\/\/www.europesays.com\/fr\/wp-json\/wp\/v2\/posts\/108576\/revisions"}],"wp:featuredmedia":[{"embeddable":true,"href":"https:\/\/www.europesays.com\/fr\/wp-json\/wp\/v2\/media\/108577"}],"wp:attachment":[{"href":"https:\/\/www.europesays.com\/fr\/wp-json\/wp\/v2\/media?parent=108576"}],"wp:term":[{"taxonomy":"category","embeddable":true,"href":"https:\/\/www.europesays.com\/fr\/wp-json\/wp\/v2\/categories?post=108576"},{"taxonomy":"post_tag","embeddable":true,"href":"https:\/\/www.europesays.com\/fr\/wp-json\/wp\/v2\/tags?post=108576"}],"curies":[{"name":"wp","href":"https:\/\/api.w.org\/{rel}","templated":true}]}}