{"id":10858,"date":"2025-04-08T18:23:08","date_gmt":"2025-04-08T18:23:08","guid":{"rendered":"https:\/\/www.europesays.com\/fr\/10858\/"},"modified":"2025-04-08T18:23:08","modified_gmt":"2025-04-08T18:23:08","slug":"tour-de-leure-2025-les-equipes-engagees-actualite","status":"publish","type":"post","link":"https:\/\/www.europesays.com\/fr\/10858\/","title":{"rendered":"Tour de l&rsquo;Eure 2025 : Les \u00e9quipes engag\u00e9es &#8211; Actualit\u00e9"},"content":{"rendered":"<p style=\"text-align: justify;\">Le Tour de l&rsquo;Eure Juniors aura lieu du 7 au 9 juin prochains. La course F\u00e9d\u00e9rale Juniors accueillera 28 \u00e9quipes. Le vainqueur succ\u00e8dera \u00e0 Arthur Alexandre au palmar\u00e8s de la 38e \u00e9dition (<a href=\"https:\/\/www.directvelo.com\/epreuve\/42078\/tour-de-leure-juniors-2024\" target=\"_blank\" rel=\"nofollow noopener\"><strong>voir classement<\/strong><\/a>).<\/p>\n<p><strong>Les \u00e9quipes du Tour de l&rsquo;Eure 2025<\/strong> :<br \/><strong>Comit\u00e9s d\u00e9partementaux<\/strong><br \/>Essonne<br \/>Eure<br \/>Oise<br \/>Seine-Maritime<br \/>Vend\u00e9e Piveteaubois<\/p>\n<p><strong>Structures fran\u00e7aises<\/strong><br \/>AC Lanester <br \/>Argenteuil Val de Seine Cyclisme<br \/>CC Etupes<br \/>Creuse Oxyg\u00e8ne Gu\u00e9ret<br \/>CSM Clamart Cyclisme 92<br \/>EC Montebourg<br \/>EM Cornouaille Sud Cyclisme<br \/>EM Pays de Broc\u00e9liande<br \/>Guidon Machecoulais<br \/>La Roche Vend\u00e9e Cyclisme<br \/>Lepelley Electricit\u00e9 U19<br \/>Olympique Hesdin Marconne U19<br \/>Orl\u00e9ans Loiret Cyclisme<br \/>Parisis Athletic Club 95<br \/>Team Avesnois<br \/>Team Factory 80<br \/>UC Briochine<br \/>US Pontch\u00e2teau<br \/>VC Bocage Vire<br \/>V\u00e9loce Vannetais Cyclisme<\/p>\n<p><strong>Clubs \u00e9trangers<\/strong><br \/>Onder Ons Parike (Belgique)<br \/>Shibden Apex RT (Grande-Bretagne)<br \/>VC Londres (Grande-Bretagne)<\/p>\n","protected":false},"excerpt":{"rendered":"Le Tour de l&rsquo;Eure Juniors aura lieu du 7 au 9 juin prochains. La course F\u00e9d\u00e9rale Juniors accueillera&hellip;\n","protected":false},"author":2,"featured_media":10859,"comment_status":"","ping_status":"","sticky":false,"template":"","format":"standard","meta":{"footnotes":""},"categories":[1411],"tags":[834,828,836,829,837,827,83,826,824,823,1154,207,814,817,815,816,822,821,832,211,839,1011,27,820,818,819,835,831,830,833,838,60,212,208,825],"class_list":{"0":"post-10858","1":"post","2":"type-post","3":"status-publish","4":"format-standard","5":"has-post-thumbnail","7":"category-cyclisme","8":"tag-attaque","9":"tag-belgique","10":"tag-braquet","11":"tag-bretagne","12":"tag-chute","13":"tag-competition","14":"tag-coupe-de-france","15":"tag-coureur","16":"tag-course-cyclisme","17":"tag-course-cycliste","18":"tag-cycling","19":"tag-cyclisme","20":"tag-direct","21":"tag-direct-velo","22":"tag-directvelo","23":"tag-directvelo-com","24":"tag-epreuve","25":"tag-epreuve-cycliste","26":"tag-federation-francaise-de-cyclisme","27":"tag-ffc","28":"tag-flandres","29":"tag-fr","30":"tag-france","31":"tag-live","32":"tag-live-course","33":"tag-live-epreuve","34":"tag-peloton","35":"tag-radio-peloton","36":"tag-radio-tour","37":"tag-ravitaillement","38":"tag-relance","39":"tag-sports","40":"tag-uci","41":"tag-velo","42":"tag-velos"},"share_on_mastodon":{"url":"https:\/\/pubeurope.com\/@fr\/114303743071778696","error":""},"_links":{"self":[{"href":"https:\/\/www.europesays.com\/fr\/wp-json\/wp\/v2\/posts\/10858","targetHints":{"allow":["GET"]}}],"collection":[{"href":"https:\/\/www.europesays.com\/fr\/wp-json\/wp\/v2\/posts"}],"about":[{"href":"https:\/\/www.europesays.com\/fr\/wp-json\/wp\/v2\/types\/post"}],"author":[{"embeddable":true,"href":"https:\/\/www.europesays.com\/fr\/wp-json\/wp\/v2\/users\/2"}],"replies":[{"embeddable":true,"href":"https:\/\/www.europesays.com\/fr\/wp-json\/wp\/v2\/comments?post=10858"}],"version-history":[{"count":0,"href":"https:\/\/www.europesays.com\/fr\/wp-json\/wp\/v2\/posts\/10858\/revisions"}],"wp:featuredmedia":[{"embeddable":true,"href":"https:\/\/www.europesays.com\/fr\/wp-json\/wp\/v2\/media\/10859"}],"wp:attachment":[{"href":"https:\/\/www.europesays.com\/fr\/wp-json\/wp\/v2\/media?parent=10858"}],"wp:term":[{"taxonomy":"category","embeddable":true,"href":"https:\/\/www.europesays.com\/fr\/wp-json\/wp\/v2\/categories?post=10858"},{"taxonomy":"post_tag","embeddable":true,"href":"https:\/\/www.europesays.com\/fr\/wp-json\/wp\/v2\/tags?post=10858"}],"curies":[{"name":"wp","href":"https:\/\/api.w.org\/{rel}","templated":true}]}}