{"id":108582,"date":"2025-05-18T05:03:09","date_gmt":"2025-05-18T05:03:09","guid":{"rendered":"https:\/\/www.europesays.com\/fr\/108582\/"},"modified":"2025-05-18T05:03:09","modified_gmt":"2025-05-18T05:03:09","slug":"en-direct-giro-9eme-etape-181km-gubbio-sienne-18-mai-2025-lequipe","status":"publish","type":"post","link":"https:\/\/www.europesays.com\/fr\/108582\/","title":{"rendered":"En direct : Giro, 9\u00e8me \u00e9tape, 181km, Gubbio &#8211; Sienne, 18 mai 2025 &#8211; L&#039;\u00c9quipe"},"content":{"rendered":"<ol>\n<li><a href=\"https:\/\/news.google.com\/rss\/articles\/CBMinAFBVV95cUxPejBBc1NhOGNmUFg3cFcyYkVTNUc3VllVZFRHVkJBU2FlWGdqVXQwcGFoT0VQQl92c3hKY2I0QVhTM2lTMkxienNqelZFcmhJVUhBWWN5eUdVTVAwZEJObEtxR0JSN2pweklDOFZNUFVrbE5uQ0RxdnJPMjZqV1Y5N3JBem54OTdhSVVKQURTOTVVWEt1b3JnNEZvakc?oc=5\" target=\"_blank\" rel=\"nofollow noopener\">En direct : Giro, 9\u00e8me \u00e9tape, 181km, Gubbio &#8211; Sienne, 18 mai 2025<\/a>&nbsp;&nbsp;L&rsquo;\u00c9quipe<\/li>\n<li><a href=\"https:\/\/news.google.com\/rss\/articles\/CBMihwJBVV95cUxQV0dXOHBlZHc1NU1KWkVBN0lHdUNlTzUydUNLYjZ0TURUbUREY0JmUnlCX0p1ejY0QzZPMGtjcnpTR3VSXzNEa2s1dXdyZHFRUjFISDA1bHFVTURFREhhOTIwSHJhcGE2Y010M0h2a2RvcjVPTndYdGdIVURsMEE1cGhfSU9nbFZveUZXOEZaeUN2UGpGbEdiNzdaM1Z5NS1FSGhiSjNubU45U3RRdDZvcFhYX2E1enB5bXJQMGlZVi1Xc1RHbnRjNFBiblR3TmJhcDRPWXNMamNqdkdZcFhDdWpVdXlONmFqaHhxM2RfUE9fVUtkSXJBN2dMNVFXZXVwMVlHT3ljSQ?oc=5\" target=\"_blank\" rel=\"nofollow noopener\">Giro 2025 &#8211; 9e \u00e9tape. Des chemins blancs et un classement qui pourrait \u00eatre chamboul\u00e9<\/a>&nbsp;&nbsp;Ouest-France<\/li>\n<li><a href=\"https:\/\/news.google.com\/rss\/articles\/CBMiwAFBVV95cUxNRUkyWnRJcEJyQTc5V0k0aUJOLU1JUHBRM2wtUEtOcXQ0Uk1MOG1uVVlCaTNGT255U09fbXhHWS1ITkd3QlpBX0U5QWhNYV9GeU9xclZLN2NoSDdORkwwYXNKM0E2TUVsdi1waS1CZzAtOXdueUhITDhSUE5oVFNjbFdVb3dXUXZPMkJJZmREemRPTTNFR1F1T0RrNmN4cDJhWkpFNTNleVVBSy1IZ2N5bDRDVDVERTBEdGtOZno2WkfSAcABQVVfeXFMTWV4MExaVlNEZGhrbVdRYmJ3OUstblpjNmlMbjVkMnI1ZGlTUEZoS01LdFBhUmNjU0MyZkl0VGtfZ1I2dklCWF9qSmVmbmRteHVOSzU3eHJ3MzZKZkNCSUNVT3ozcjlKenp3clRldU1yTEx6aXJTVFQteVB0SWJ1a3lFRzZRTEZ5am5waVZxVXVVcDRMNEgxczlhb19BLTFPekpodWJNZ0hNUUZkQVU1bUNFU29ZMWVQV2t6ZzNYQjdo?oc=5\" target=\"_blank\" rel=\"nofollow noopener\">Tour d&rsquo;Italie: Quentin Pacher, 7e : \u00abPour me mettre dans la roue de Pedersen&#8230;\u00bb<\/a>&nbsp;&nbsp;Cyclism&rsquo;Actu<\/li>\n<li><a href=\"https:\/\/news.google.com\/rss\/articles\/CBMimAFBVV95cUxOQ3hNYzdGQk1DdWJCYklsWTR0cjhpYkZXQXZ2alBjNDFxVEdDZEVxTk9INzd0M0U3cFNHUHUzQl9KaVZxOGFMYVF5R2k1VGY2V1lENEVPdDEwQ1RiQUtQWTA3NVBaZGZlbDRHMkZ5ejktZGRSRnFjYlpMWC1yT1o3R2F0enpaekZfbmNOS200NEZvMmZzcUVxNw?oc=5\" target=\"_blank\" rel=\"nofollow noopener\">Giro 2025 : Profil et parcours de la 5\u00e8me \u00e9tape<\/a>&nbsp;&nbsp;20 Minutes<\/li>\n<li><a href=\"https:\/\/news.google.com\/rss\/articles\/CBMihAJBVV95cUxNbFZlVldrWE1ubS11dmlJdjdLQ0FNTzNqVnEteEkzbXotRjBCVUpRak9tZ192ZXlhendpQ05lMGVzWUtQdXNqSWJWdmw0aF9GTkZaV3RONDhuWDlxem14RVlmZzBaRi16Tnl1NkhaWFR4Qm9sR3B1QlhMRlQyeEVsMUdLc0tXWVhMV3I2ZGJ4ZWJyZlB2WXBLczlqWVhmT3BoZ285XzJXOHNLQVNfdHNTY3NxOUNfTnJLVER3UkVyRmt5eWptOWNwWThLOV9uQnNkZktOcEZRNjNVQUlQek84YjY1R25ZU2hGUXkxWEJSNVhOdmpvMGo0dUlSWXhnTEN6bVBrTA?oc=5\" target=\"_blank\" rel=\"nofollow noopener\">Giro 2025. \u00c0 quelle heure et sur quelle cha\u00eene suivre la 9e \u00e9tape du Tour d\u2019Italie ?<\/a>&nbsp;&nbsp;Ouest-France<\/li>\n<\/ol>\n","protected":false},"excerpt":{"rendered":"En direct : Giro, 9\u00e8me \u00e9tape, 181km, Gubbio &#8211; Sienne, 18 mai 2025&nbsp;&nbsp;L&rsquo;\u00c9quipe Giro 2025 &#8211; 9e \u00e9tape.&hellip;\n","protected":false},"author":2,"featured_media":108583,"comment_status":"","ping_status":"","sticky":false,"template":"","format":"standard","meta":{"footnotes":""},"categories":[1411],"tags":[1154,207,1011,27,60],"class_list":{"0":"post-108582","1":"post","2":"type-post","3":"status-publish","4":"format-standard","5":"has-post-thumbnail","7":"category-cyclisme","8":"tag-cycling","9":"tag-cyclisme","10":"tag-fr","11":"tag-france","12":"tag-sports"},"share_on_mastodon":{"url":"https:\/\/pubeurope.com\/@fr\/114527089736028036","error":""},"_links":{"self":[{"href":"https:\/\/www.europesays.com\/fr\/wp-json\/wp\/v2\/posts\/108582","targetHints":{"allow":["GET"]}}],"collection":[{"href":"https:\/\/www.europesays.com\/fr\/wp-json\/wp\/v2\/posts"}],"about":[{"href":"https:\/\/www.europesays.com\/fr\/wp-json\/wp\/v2\/types\/post"}],"author":[{"embeddable":true,"href":"https:\/\/www.europesays.com\/fr\/wp-json\/wp\/v2\/users\/2"}],"replies":[{"embeddable":true,"href":"https:\/\/www.europesays.com\/fr\/wp-json\/wp\/v2\/comments?post=108582"}],"version-history":[{"count":0,"href":"https:\/\/www.europesays.com\/fr\/wp-json\/wp\/v2\/posts\/108582\/revisions"}],"wp:featuredmedia":[{"embeddable":true,"href":"https:\/\/www.europesays.com\/fr\/wp-json\/wp\/v2\/media\/108583"}],"wp:attachment":[{"href":"https:\/\/www.europesays.com\/fr\/wp-json\/wp\/v2\/media?parent=108582"}],"wp:term":[{"taxonomy":"category","embeddable":true,"href":"https:\/\/www.europesays.com\/fr\/wp-json\/wp\/v2\/categories?post=108582"},{"taxonomy":"post_tag","embeddable":true,"href":"https:\/\/www.europesays.com\/fr\/wp-json\/wp\/v2\/tags?post=108582"}],"curies":[{"name":"wp","href":"https:\/\/api.w.org\/{rel}","templated":true}]}}