{"id":108586,"date":"2025-05-18T05:05:10","date_gmt":"2025-05-18T05:05:10","guid":{"rendered":"https:\/\/www.europesays.com\/fr\/108586\/"},"modified":"2025-05-18T05:05:10","modified_gmt":"2025-05-18T05:05:10","slug":"jennifer-lawrence-et-robert-pattinson-duo-complice-sur-le-tapis-rouge-du-festival-de-cannes-2025","status":"publish","type":"post","link":"https:\/\/www.europesays.com\/fr\/108586\/","title":{"rendered":"Jennifer Lawrence et Robert Pattinson duo complice sur le tapis rouge du Festival de Cannes 2025"},"content":{"rendered":"<p>Apr\u00e8s <a href=\"https:\/\/www.vanityfair.fr\/galerie\/rachida-dati-sch-quentin-tarantino-nouvelle-vague-festival-de-cannes-2025\" target=\"_blank\" rel=\"noopener\">Nouvelle Vague plus t\u00f4t dans la soir\u00e9e<\/a>, c&rsquo;\u00e9tait au tour de l&rsquo;\u00e9quipe du film de Die, My Love de fouler le tapis rouge du Festival de Cannes. Sa r\u00e9alisatrice, l&rsquo;\u00c9cossaise <strong>Lynne Ramsay<\/strong> revenait pour sa huiti\u00e8me s\u00e9lection. Le long-m\u00e9trage, inspir\u00e9 du roman Cr\u00e8ve, mon amour de l&rsquo;autrice argentine <strong>Ariana Harwicz<\/strong>, conte l&rsquo;histoire d&rsquo;une m\u00e8re tortur\u00e9e r\u00e9sidant au beau milieu de la campagne fran\u00e7aise qui cherche \u00e0 \u00e9chapper \u00e0 sa psychose.<\/p>\n<p>Les cris du public ont redoubl\u00e9 \u00e0 l&rsquo;arriv\u00e9e de ses deux t\u00eates d&rsquo;affiche. D&rsquo;un c\u00f4t\u00e9, <a href=\"https:\/\/www.vanityfair.fr\/dossier\/jennifer-lawrence\" isautogenerated=\"true\" target=\"_blank\" rel=\"noopener\">Jennifer Lawrence<\/a>, sublime en robe bustier blanche sign\u00e9e Dior, ses cheveux retenus en chignon sophistiqu\u00e9. De l&rsquo;autre, son partenaire \u00e0 l&rsquo;\u00e9cran, <a href=\"https:\/\/www.vanityfair.fr\/dossier\/robert-pattinson\" isautogenerated=\"true\" target=\"_blank\" rel=\"noopener\">Robert Pattinson<\/a>, en costume noir et n\u0153ud papillon. Le bin\u00f4me s&rsquo;est retrouv\u00e9 devant les flashs, bras dessus bras dessous, a \u00e9chang\u00e9 plaisanteries et quelques rires lorsque les pieds de l&rsquo;acteur se sont pris dans le tissu de la robe de l&rsquo;actrice de Hunger Games.<\/p>\n<p>Juste avant l&rsquo;arriv\u00e9e des deux superstars, quelques figures incontournables du cin\u00e9ma fran\u00e7ais s&rsquo;\u00e9taient gliss\u00e9es sur le tapis rouge. Parmi elles, <strong>Rapha\u00ebl Quenard<\/strong>, venu d\u00e9fendre son documentaire I Love Peru, pr\u00e9sent\u00e9 en s\u00e9lection Cannes Classics 2025 : les documentaires, et qu&rsquo;il co-r\u00e9alise avec <strong>Hugo David<\/strong>. \u00c0 ses c\u00f4t\u00e9s, se trouvaient quelques acteurs du casting, \u00e0 l&rsquo;inster de <strong>Michel Hazanavicius<\/strong> et <strong>Jean-Pascal Zadi<\/strong>.<\/p>\n<p>Retrouvez ci-dessous les plus belles images de la mont\u00e9e des marches du 17 mai :<\/p>\n","protected":false},"excerpt":{"rendered":"Apr\u00e8s Nouvelle Vague plus t\u00f4t dans la soir\u00e9e, c&rsquo;\u00e9tait au tour de l&rsquo;\u00e9quipe du film de Die, My&hellip;\n","protected":false},"author":2,"featured_media":108587,"comment_status":"","ping_status":"","sticky":false,"template":"","format":"standard","meta":{"footnotes":""},"categories":[1359],"tags":[58,59,1011,27,22659,22563,973,22562],"class_list":{"0":"post-108586","1":"post","2":"type-post","3":"status-publish","4":"format-standard","5":"has-post-thumbnail","7":"category-people","8":"tag-divertissement","9":"tag-entertainment","10":"tag-fr","11":"tag-france","12":"tag-francois-civil","13":"tag-jennifer-lawrence","14":"tag-people","15":"tag-robert-pattinson"},"share_on_mastodon":{"url":"https:\/\/pubeurope.com\/@fr\/114527097555630347","error":""},"_links":{"self":[{"href":"https:\/\/www.europesays.com\/fr\/wp-json\/wp\/v2\/posts\/108586","targetHints":{"allow":["GET"]}}],"collection":[{"href":"https:\/\/www.europesays.com\/fr\/wp-json\/wp\/v2\/posts"}],"about":[{"href":"https:\/\/www.europesays.com\/fr\/wp-json\/wp\/v2\/types\/post"}],"author":[{"embeddable":true,"href":"https:\/\/www.europesays.com\/fr\/wp-json\/wp\/v2\/users\/2"}],"replies":[{"embeddable":true,"href":"https:\/\/www.europesays.com\/fr\/wp-json\/wp\/v2\/comments?post=108586"}],"version-history":[{"count":0,"href":"https:\/\/www.europesays.com\/fr\/wp-json\/wp\/v2\/posts\/108586\/revisions"}],"wp:featuredmedia":[{"embeddable":true,"href":"https:\/\/www.europesays.com\/fr\/wp-json\/wp\/v2\/media\/108587"}],"wp:attachment":[{"href":"https:\/\/www.europesays.com\/fr\/wp-json\/wp\/v2\/media?parent=108586"}],"wp:term":[{"taxonomy":"category","embeddable":true,"href":"https:\/\/www.europesays.com\/fr\/wp-json\/wp\/v2\/categories?post=108586"},{"taxonomy":"post_tag","embeddable":true,"href":"https:\/\/www.europesays.com\/fr\/wp-json\/wp\/v2\/tags?post=108586"}],"curies":[{"name":"wp","href":"https:\/\/api.w.org\/{rel}","templated":true}]}}