{"id":1085869,"date":"2026-07-24T19:58:21","date_gmt":"2026-07-24T19:58:21","guid":{"rendered":"https:\/\/www.europesays.com\/fr\/1085869\/"},"modified":"2026-07-24T19:58:21","modified_gmt":"2026-07-24T19:58:21","slug":"en-ille-et-vilaine-ce-passionne-de-bieres-plaque-tout-pour-devenir-caviste-et-remporte-un-concours-national","status":"publish","type":"post","link":"https:\/\/www.europesays.com\/fr\/1085869\/","title":{"rendered":"En Ille-et-Vilaine, ce passionn\u00e9 de bi\u00e8res plaque tout pour devenir caviste et remporte un concours national"},"content":{"rendered":"<p>                    Par<br \/>\n        <strong><br \/>\n            <a href=\"https:\/\/actu.fr\/auteur\/louis-beasse\" title=\"Consulter tous les articles de Louis Beasse\" rel=\"nofollow noopener\" target=\"_blank\">Louis Beasse<\/a><br \/>\n                    <\/strong><\/p>\n<p>        Publi\u00e9 le<\/p>\n<p>            24 juil. 2026 \u00e0 17h50        <\/p>\n<p>Sans avoir fait d\u2019\u00e9tudes dans ce domaine, <b>Pierre Gautier<\/b>, 30\u00a0ans, vient de s\u2019illustrer en mars\u00a02026 au niveau national en <b>remportant le concours de meilleur caviste de l\u2019enseigne V&amp;B dans la cat\u00e9gorie des bi\u00e8res.<\/b><\/p>\n<p class=\" wall-content\">Cette performance permet au g\u00e9rant du V&amp;B de <a href=\"https:\/\/actu.fr\/bretagne\/vitre_35360\" rel=\"nofollow noopener\" target=\"_blank\">Vitr\u00e9<\/a> (Ille-et-Vilaine) <b>de voyager partout en Europe afin de participer \u00e0 la cr\u00e9ation de nouveaux produits.<\/b><\/p>\n<p>\u00ab\u2009C\u2019\u00e9tait un pari, mais \u00e7a a pay\u00e9\u2009\u00bb<\/p>\n<p class=\" wall-content\">\u00c2g\u00e9 de 30\u00a0ans, le parcours de Pierre Gautier <b>ne pr\u00e9sageait pas une carri\u00e8re de caviste.<\/b><\/p>\n<p class=\" wall-content\">Titulaire d\u2019un \u00ab\u2009master en urbanisme, protection de l\u2019environnement et gestion de l\u2019eau\u2009\u00bb, c\u2019est un peu par hasard que le Vitr\u00e9en s\u2019oriente vers cette profession <b>avec ses d\u00e9buts en 2017 o\u00f9 il rejoint l\u2019enseigne vitr\u00e9enne en tant qu\u2019extra.<\/b><\/p>\n<p class=\" wall-content\">\u00ab\u2009Au d\u00e9but, c\u2019\u00e9tait juste pour filer des coups de main\u2009\u00bb, explique-t-il. Rapidement, alors qu\u2019il est toujours \u00e9tudiant,<b> il d\u00e9cide de tout quitter pour s\u2019investir davantage \u00e0 Vitr\u00e9.<\/b><\/p>\n<p class=\" wall-content\">\u00ab\u2009C\u2019\u00e9tait un pari, puisque j\u2019ai quitt\u00e9 mon master pour faire de l\u2019extra, mais \u00e7a a pay\u00e9\u2009\u00bb, accorde Pierre Gautier.<\/p>\n<p class=\" wall-content\">Au fil des ann\u00e9es, il acquiert des comp\u00e9tences, peaufine ses connaissances et monte en grade <b>au point de racheter le V&amp;B de Vitr\u00e9 en 2024.<\/b><\/p>\n<p class=\" wall-content\">Malgr\u00e9 ses \u00e9tudes, le milieu des spiritueux, du vin, de la bi\u00e8re et du sans alcool <b>est une passion n\u00e9e il y a bien des ann\u00e9es pour Pierre.<\/b><\/p>\n<p class=\" wall-content\">\u00ab\u2009J\u2019ai toujours aim\u00e9 les bonnes choses, que ce soit \u00e0 boire ou \u00e0 manger. J\u2019ai toujours aim\u00e9 comprendre comment c\u2019est fait\u2009\u00bb, explique-t-il.<\/p>\n<p class=\" wall-content\">Pour en apprendre davantage sur ce domaine,<b> le Vitr\u00e9en consacrait des vacances enti\u00e8res \u00e0 la d\u00e9couverte\u2009<\/b>: \u00ab\u2009Avec mon meilleur ami, Nicolas, on se faisait des voyages en s\u00e9lectionnant des brasseries \u00e0 visiter.\u2009\u00bb<\/p>\n<p>Deux participations et deux victoires<\/p>\n<p class=\" wall-content\">C\u2019est ainsi qu\u2019en 2024,<b> il participe pour la toute premi\u00e8re fois au concours <\/b>du meilleur caviste de l\u2019enseigne V&amp;B.<\/p>\n<p class=\" wall-content\">R\u00e9unissant pr\u00e8s de 1\u2009000\u00a0participants venus de toute la France et appartenant au groupe V&amp;B, <b>le Vitr\u00e9en parvient \u00e0 s\u2019imposer face \u00e0 des concurrents ayant des dipl\u00f4mes sp\u00e9cialis\u00e9s.<\/b><\/p>\n<p class=\" wall-content\">Organis\u00e9 tous les deux ans, Pierre Gautier a remis son titre en jeu pour sa seconde participation. Quiz, oraux, \u00e9preuves \u00e9crites, d\u00e9gustations \u00e0 l\u2019aveugle\u2026 Une grande vari\u00e9t\u00e9 d\u2019\u00e9preuves sont pr\u00e9sent\u00e9es aux candidats afin de les d\u00e9partager.<\/p>\n<p class=\" wall-content\">Cette ann\u00e9e,<b> la d\u00e9gustation des bi\u00e8res \u00e9tait particuli\u00e8rement complexe<\/b>\u2009: \u00ab\u2009Ils nous avaient mis les m\u00eames styles de bi\u00e8re \u00e0 chaque fois, avec juste des houblons diff\u00e9rents.\u2009\u00bb<\/p>\n<p class=\" wall-content\">Dans ce concours, <b>le plus difficile reste de diff\u00e9rencier bi\u00e8res et vins<\/b>, o\u00f9 parfois, tout se joue \u00e0 une minime diff\u00e9rence\u2009: \u00ab\u2009Le vin, ce sont des centaines de c\u00e9pages, des centaines de pays, des centaines de terroirs diff\u00e9rents. Vous prenez un vin qui est fait avec une esp\u00e8ce de raisin, vous le faites \u00e0 Bordeaux ou en Australie, il n\u2019aura absolument pas le m\u00eame go\u00fbt.\u2009\u00bb<\/p>\n<p class=\" wall-content\">Malgr\u00e9 toutes ces sp\u00e9cificit\u00e9s qu\u2019il a d\u00fb apprendre sur le tas, <b>Pierre Gautier est parvenu \u00e0 doubler la mise au concours en le gagnant une seconde fois.<\/b><\/p>\n<p>Ambassadeur V&amp;B<\/p>\n<p class=\" wall-content\">Avec cette victoire s\u2019accompagne un nouveau statut, <b>celui d\u2019ambassadeur V&amp;B<\/b>. Concr\u00e8tement, ce r\u00f4le lui permet d\u2019\u00eatre invit\u00e9 par des brasseries, des vignobles, des distilleries <b>afin de travailler et de faire des collaborations pour ensuite les introduire sur le march\u00e9 fran\u00e7ais.<\/b><\/p>\n<p class=\" wall-content\">\u00c0 la fin du mois de juillet, Pierre Gauthier va notamment se rendre de l\u2019autre c\u00f4t\u00e9 de la Manche, en \u00c9cosse\u2009: \u00ab\u2009On va dans la brasserie Vault City, \u00e0 \u00c9dimbourg, qui est ma brasserie pr\u00e9f\u00e9r\u00e9e. On part chez eux pour faire une collaboration, un brassin, une bi\u00e8re.\u2009\u00bb<\/p>\n<p class=\" wall-content\">Le plus fou dans l\u2019histoire, <b>Pierre Gautier avait visit\u00e9 cette m\u00eame brasserie avec son ami Nicolas en 2017\u2009:<\/b> \u00ab\u2009Dans notre programme, ce n\u2019\u00e9tait pas pr\u00e9vu, on \u00e9tait juste sur place et on a vu qu\u2019une brasserie ouvrait donc on y est all\u00e9.\u2009\u00bb Neuf ans apr\u00e8s, il y retourne, mais cette fois-ci pour travailler.<\/p>\n<p class=\" wall-content\">Personnalisez votre actualit\u00e9 en ajoutant vos villes et m\u00e9dias en favori avec <a href=\"https:\/\/moncompte.actu.fr\" title=\"D\u00e9couvez Mon Actu\" rel=\"nofollow noopener\" data-trk=\"{&quot;cta&quot;:{&quot;action&quot;:&quot;https:\\\/\\\/moncompte.actu.fr&quot;,&quot;category&quot;:&quot;mon compte&quot;,&quot;from&quot;:&quot;article footer&quot;,&quot;name&quot;:&quot;Mon actu&quot;,&quot;type&quot;:&quot;cta&quot;}}\" target=\"_blank\">Mon Actu<\/a>.<\/p>\n","protected":false},"excerpt":{"rendered":"Par Louis Beasse Publi\u00e9 le 24 juil. 2026 \u00e0 17h50 Sans avoir fait d\u2019\u00e9tudes dans ce domaine, Pierre&hellip;\n","protected":false},"author":2,"featured_media":1085870,"comment_status":"","ping_status":"","sticky":false,"template":"","format":"standard","meta":{"footnotes":"","_share_on_mastodon":"0"},"categories":[2821],"tags":[1111,11,7722,829,1777,674,1011,27,12,584,25,104,1662],"class_list":["post-1085869","post","type-post","status-publish","format-standard","has-post-thumbnail","category-rennes","tag-actu","tag-actualites","tag-biere","tag-bretagne","tag-eu","tag-europe","tag-fr","tag-france","tag-news","tag-rennes","tag-republique-francaise","tag-societe","tag-vin"],"share_on_mastodon":{"url":"https:\/\/pubeurope.com\/@fr\/116976727205170710","error":""},"_links":{"self":[{"href":"https:\/\/www.europesays.com\/fr\/wp-json\/wp\/v2\/posts\/1085869","targetHints":{"allow":["GET"]}}],"collection":[{"href":"https:\/\/www.europesays.com\/fr\/wp-json\/wp\/v2\/posts"}],"about":[{"href":"https:\/\/www.europesays.com\/fr\/wp-json\/wp\/v2\/types\/post"}],"author":[{"embeddable":true,"href":"https:\/\/www.europesays.com\/fr\/wp-json\/wp\/v2\/users\/2"}],"replies":[{"embeddable":true,"href":"https:\/\/www.europesays.com\/fr\/wp-json\/wp\/v2\/comments?post=1085869"}],"version-history":[{"count":0,"href":"https:\/\/www.europesays.com\/fr\/wp-json\/wp\/v2\/posts\/1085869\/revisions"}],"wp:featuredmedia":[{"embeddable":true,"href":"https:\/\/www.europesays.com\/fr\/wp-json\/wp\/v2\/media\/1085870"}],"wp:attachment":[{"href":"https:\/\/www.europesays.com\/fr\/wp-json\/wp\/v2\/media?parent=1085869"}],"wp:term":[{"taxonomy":"category","embeddable":true,"href":"https:\/\/www.europesays.com\/fr\/wp-json\/wp\/v2\/categories?post=1085869"},{"taxonomy":"post_tag","embeddable":true,"href":"https:\/\/www.europesays.com\/fr\/wp-json\/wp\/v2\/tags?post=1085869"}],"curies":[{"name":"wp","href":"https:\/\/api.w.org\/{rel}","templated":true}]}}