{"id":108594,"date":"2025-05-18T05:10:30","date_gmt":"2025-05-18T05:10:30","guid":{"rendered":"https:\/\/www.europesays.com\/fr\/108594\/"},"modified":"2025-05-18T05:10:30","modified_gmt":"2025-05-18T05:10:30","slug":"ce-membre-de-lequipe-va-affronter-tous-les-justiciers-marvel","status":"publish","type":"post","link":"https:\/\/www.europesays.com\/fr\/108594\/","title":{"rendered":"ce membre de l&rsquo;\u00e9quipe va affronter tous les justiciers Marvel"},"content":{"rendered":"<p class=\"chapo\">Iron Man, Spider-Man, les X-Men&#8230; <strong>Un des membres de l&rsquo;\u00e9quipe des\u00a04 Fantastiques va affronter les autres super-h\u00e9ros Marvel<\/strong> dans un num\u00e9ro qui s&rsquo;annonce \u00e9pique. Avant\u00a0<a href=\"https:\/\/hitek.fr\/actualite\/les-4-fantastiques-marvel-galactus-design_53595\" target=\"_blank\" rel=\"noopener nofollow\">d&rsquo;affronter Galactus sur grand \u00e9cran<\/a>, la team va devoir affronter une menace venue de l&rsquo;int\u00e9rieur !<\/p>\n<p><img decoding=\"async\" src=\"https:\/\/www.europesays.com\/fr\/wp-content\/uploads\/2025\/05\/c1840_hitek4fantastiqueslachosesuperherosmarvelcombat.webp\" alt=\"Les 4 Fantastiques : ce membre de la team va affronter tous les super-h\u00e9ros Marvel\" width=\"450\" height=\"236\" loading=\"lazy\"  \/><\/p>\n<p>Marvel All-On-One #1 : la Chose vs le reste du monde<\/p>\n<p><img decoding=\"async\" src=\"https:\/\/www.europesays.com\/fr\/wp-content\/uploads\/2025\/05\/cd76b_lachosemarvel.webp\" alt=\"la chose marvel\" width=\"450\" height=\"337\" loading=\"lazy\"  \/><\/p>\n<p><a href=\"https:\/\/hitek.fr\/actualite\/hulk-vs-la-chose-qui-est-le-gagnant_32545\" target=\"_blank\" rel=\"noopener nofollow\">Malgr\u00e9 son apparence de grosse brute \u00e9paisse, la Chose<\/a> poss\u00e8de un grand coeur et une sensibilit\u00e9 touchante. C&rsquo;est donc assez surprenant que <strong>Marvel ait choisi d&rsquo;en faire le bad guy de son one shot Marvel All-On-One #1 !<\/strong> Sous la plume de\u00a0Ryan North et le crayon d\u2019Ed McGuinness, Ben Grimm va se retrouver projet\u00e9 contre les autres super-h\u00e9ros de la Maison des Id\u00e9es, y compris ceux de sa famille. L&rsquo;intrigue le verra revenir sur Terre apr\u00e8s une mission dans l\u2019espace, fatigu\u00e9, et <strong>d\u00e9couvrir un monde en proie \u00e0 l\u2019animosit\u00e9 \u00e0 son \u00e9gard.<\/strong> Ses propres amis des Quatre Fantastiques lui ont tourn\u00e9 le dos, ainsi que les autres justiciers de la plan\u00e8te, et il se sent abandonn\u00e9 \u00e0 New York. Entre combat et cheminement int\u00e9rieur, le r\u00e9cit promet de <strong>nous montrer une facette in\u00e9dite de la Chose<\/strong>.\u00a0<\/p>\n<p>Un num\u00e9ro qui s&rsquo;annonce explosif<\/p>\n<p><img decoding=\"async\" src=\"https:\/\/www.europesays.com\/fr\/wp-content\/uploads\/2025\/05\/25b80_marvelallonone1.webp\" alt=\"MARVEL ALL-ON-ONE #1\" width=\"450\" height=\"690\" loading=\"lazy\"  \/><\/p>\n<p>Pr\u00e9vu pour une publication le 20 ao\u00fbt prochain, Marvel All-On-One #1 sera uniquement compos\u00e9 d&rsquo;illustrations\u00a0pleine page ou sur des\u00a0double-pages enti\u00e8res. Un format sp\u00e9cial qui <strong>promet son lot de combats titanesques<\/strong>, bien s\u00fbr, mais aussi des moments plus tendres ou \u00e9mouvants, alors que Ben Grimm part en qu\u00eate de r\u00e9ponses.\u00a0Ryan North ne cache pas son enthousiasme devant ce r\u00e9cit :<\/p>\n<blockquote><p>&#13;<\/p>\n<p>Ed McGuinness est une l\u00e9gende moderne, et travailler avec lui sera \u00e9videmment une exp\u00e9rience passionnante. Mais travailler avec lui sur un num\u00e9ro qui est si grand, si explosif et si rempli d&rsquo;action qu&rsquo;il doit \u00eatre racont\u00e9 avec uniquement des\u00a0pleines pages ou sur des\u00a0double-pages enti\u00e8res, eh bien, c&rsquo;est litt\u00e9ralement une exp\u00e9rience unique dans une vie. Chaque page est une vitrine pour l&rsquo;artiste, <strong>mais c&rsquo;est aussi la plus grande histoire de la Chose que j&rsquo;ai jamais racont\u00e9e<\/strong>, et il y a une tonne de batailles tr\u00e8s amusantes. Et l&rsquo;\u00e9motion aussi ? Des moments de reconnaissance et de d\u00e9couverte de soi ? C&rsquo;\u00e9tait un plaisir d&rsquo;\u00e9crire ce num\u00e9ro, et ce plaisir est encore plus grand chaque jour, car je vois Ed donner \u00e0 chaque page une vie spectaculaire.\u00a0<\/p>\n<p>&#13;\n<\/p><\/blockquote>\n<p>Un r\u00e9cit que les passionn\u00e9s des 4 Fantastiques ne voudront pas louper !<\/p>\n","protected":false},"excerpt":{"rendered":"Iron Man, Spider-Man, les X-Men&#8230; Un des membres de l&rsquo;\u00e9quipe des\u00a04 Fantastiques va affronter les autres super-h\u00e9ros Marvel&hellip;\n","protected":false},"author":2,"featured_media":108595,"comment_status":"","ping_status":"","sticky":false,"template":"","format":"standard","meta":{"footnotes":""},"categories":[1354],"tags":[58,59,1346,1011,27,1360],"class_list":{"0":"post-108594","1":"post","2":"type-post","3":"status-publish","4":"format-standard","5":"has-post-thumbnail","7":"category-films","8":"tag-divertissement","9":"tag-entertainment","10":"tag-films","11":"tag-fr","12":"tag-france","13":"tag-movies"},"share_on_mastodon":{"url":"https:\/\/pubeurope.com\/@fr\/114527117223377234","error":""},"_links":{"self":[{"href":"https:\/\/www.europesays.com\/fr\/wp-json\/wp\/v2\/posts\/108594","targetHints":{"allow":["GET"]}}],"collection":[{"href":"https:\/\/www.europesays.com\/fr\/wp-json\/wp\/v2\/posts"}],"about":[{"href":"https:\/\/www.europesays.com\/fr\/wp-json\/wp\/v2\/types\/post"}],"author":[{"embeddable":true,"href":"https:\/\/www.europesays.com\/fr\/wp-json\/wp\/v2\/users\/2"}],"replies":[{"embeddable":true,"href":"https:\/\/www.europesays.com\/fr\/wp-json\/wp\/v2\/comments?post=108594"}],"version-history":[{"count":0,"href":"https:\/\/www.europesays.com\/fr\/wp-json\/wp\/v2\/posts\/108594\/revisions"}],"wp:featuredmedia":[{"embeddable":true,"href":"https:\/\/www.europesays.com\/fr\/wp-json\/wp\/v2\/media\/108595"}],"wp:attachment":[{"href":"https:\/\/www.europesays.com\/fr\/wp-json\/wp\/v2\/media?parent=108594"}],"wp:term":[{"taxonomy":"category","embeddable":true,"href":"https:\/\/www.europesays.com\/fr\/wp-json\/wp\/v2\/categories?post=108594"},{"taxonomy":"post_tag","embeddable":true,"href":"https:\/\/www.europesays.com\/fr\/wp-json\/wp\/v2\/tags?post=108594"}],"curies":[{"name":"wp","href":"https:\/\/api.w.org\/{rel}","templated":true}]}}