{"id":108598,"date":"2025-05-18T05:13:14","date_gmt":"2025-05-18T05:13:14","guid":{"rendered":"https:\/\/www.europesays.com\/fr\/108598\/"},"modified":"2025-05-18T05:13:14","modified_gmt":"2025-05-18T05:13:14","slug":"revivez-la-sublime-prestation-de-louane-lors-de-la-finale-video","status":"publish","type":"post","link":"https:\/\/www.europesays.com\/fr\/108598\/","title":{"rendered":"Revivez la sublime prestation de Louane lors de la finale (VIDEO)"},"content":{"rendered":"<p>Ce samedi 17 mai, Louane a interpr\u00e9t\u00e9<b> <\/b>son titre maman \u00e0 B\u00e2le, en Suisse, lors de la finale de l&rsquo;Eurovision 2025 retransmise en direct sur France 2. Revivez sa sublime prestation !<\/p>\n<p>La chanteuse nous en a mis plein les yeux ! Ce samedi 17 mai, Louane a repr\u00e9sent\u00e9 la France comme il se doit lors de la finale de l&rsquo;Eurovision 2025, qui avait lieu \u00e0 B\u00e2le, en Suisse, et que France 2 retransmettait en direct dans l&rsquo;Hexagone. R\u00e9v\u00e9l\u00e9e au grand public en 2013 lors de sa participation \u00e0 la saison 2 de The Voice sur TF1, la chanteuse de 28 ans a interpr\u00e9t\u00e9<b> <\/b>son titre maman. Et il faut rappeler qu&rsquo;elle s&rsquo;est hiss\u00e9e parmi <a href=\"https:\/\/www.programme-tv.net\/news\/tv\/379045-eurovision-2025-qui-va-gagner-voici-les-favoris-des-bookmakers-et-les-chances-de-louane\/\" data-api-deeplink=\"teleloisirs:\/\/news\/379045\" target=\"_blank\" rel=\"noopener\">les favoris des bookmakers<\/a> qui l&rsquo;ont plac\u00e9e en 3e position des potentiels gagnants, derri\u00e8re la Su\u00e8de et l&rsquo;Autriche. Au total, ce sont <a href=\"https:\/\/www.programme-tv.net\/news\/tv\/378872-eurovision-2025-quels-sont-les-pays-qualifies-pour-la-finale-photos\/\" data-api-deeplink=\"teleloisirs:\/\/news\/378872\" target=\"_blank\" rel=\"noopener\">26 artistes<\/a> qui se sont pr\u00e9sent\u00e9s aux t\u00e9l\u00e9spectateurs afin de tenter de succ\u00e9der \u00e0<a href=\"https:\/\/www.programme-tv.net\/news\/tv\/352741-eurovision-2024-qui-est-nemo-le-representant-non-binaire-de-la-suisse-qui-pourrait-l-emporter\/\" data-api-deeplink=\"teleloisirs:\/\/news\/352741\" target=\"_blank\" rel=\"noopener\"> Nemo, le gagnant de l&rsquo;\u00e9dition 2024<\/a> avec sa chanson The Code. \u00c0 la 24e position, Louane est pass\u00e9e juste apr\u00e8s la prestation des ultra-favoris de la Su\u00e8de.<\/p>\n<p><b>Louane offre une prestation incroyable sur la sc\u00e8ne de l&rsquo;Eurovision 2025 avec la chanson <\/b><b>maman<\/b><\/p>\n<p>S&rsquo;il a fallu attendre la fin de la soir\u00e9e pour entendre <a href=\"https:\/\/www.programme-tv.net\/news\/tv\/378977-eurovision-2025-decouvrez-en-integralite-la-prestation-de-louane-qui-pourrait-faire-gagner-la-france-video\/\" data-api-deeplink=\"teleloisirs:\/\/news\/378977\" target=\"_blank\" rel=\"noopener\">la sublime voix de Louane<\/a>, les t\u00e9l\u00e9spectateurs n&rsquo;ont pas \u00e9t\u00e9 d\u00e9\u00e7us par sa prestation. Aux alentours de 23h15, la chanteuse est apparue sur sc\u00e8ne allong\u00e9e sur du sable, qui est en r\u00e9alit\u00e9 du li\u00e8ge, dans une robe en dentelle noire. Autour d\u2019elle, les grains s\u2019\u00e9coulent, \u00e9voquant le temps qui passe. Louane a alors commenc\u00e9 sa chanson avec beaucoup d&rsquo;\u00e9motion avant de se redresser. Lors de son refrain poignant, la chanteuse s&rsquo;est retrouv\u00e9e entour\u00e9e de sable. Et \u00e0 la fin de sa performance, c&rsquo;est la voix de sa fille Esm\u00e9e qui conclut le morceau en pronon\u00e7ant le mot \u00ab\u00a0maman\u00a0\u00bb. \u00ab\u00a0Quelle \u00e9motion\u00a0\u00bb, a d\u00e9clar\u00e9 St\u00e9phane Bern, tr\u00e8s \u00e9mu. \u00ab\u00a0C&rsquo;\u00e9tait le r\u00eave de sa maman\u00a0\u00bb, a ajout\u00e9 Laurence Boccolini.<\/p>\n<p>                        <b>Eurovision 2025 : quelle est l&rsquo;histoire de la chanson<\/b><b> maman <\/b><b>de Louane ?<\/b><\/p>\n<p>C&rsquo;est le 15 mars dernier que <a href=\"https:\/\/www.programme-tv.net\/news\/musique\/373740-eurovision-2025-preparation-de-louane-sa-fille-esmee-sur-la-chanson-maman-probleme-de-son-on-etait-dans-les-coulisses-du-show-au-stade-de-france\/\" data-api-deeplink=\"teleloisirs:\/\/news\/373740\" target=\"_blank\" rel=\"noopener\">Louane avait d\u00e9voil\u00e9 sa chanson maman <\/a>lors de la mi-temps de la finale du Tournoi des Six Nations 2025 au Stade de France. Avec son titre intime et \u00e9mouvant, co\u00e9crit avec Tristan Salvati, la chanteuse s&rsquo;adresse \u00e0 sa m\u00e8re disparue en 2014 d\u2019un cancer et \u00e0 sa fille Esm\u00e9e \u00e2g\u00e9e de 5 ans. Dans Quelle \u00e9poque !, le 12 avril, elle avait confi\u00e9 en avoir discut\u00e9 avec ses cinq fr\u00e8res et s\u0153urs. \u00ab\u00a0Ils m\u2019ont donn\u00e9 leur feu vert, donc c\u2019est bon. Ils m\u2019ont dit \u2018Vas-y\u2019, et ils savaient tr\u00e8s bien que \u00e7a voulait dire que j\u2019allais ouvrir le sujet. Et ils \u00e9taient absolument d\u2019accord avec \u00e7a\u00a0\u00bb, avait-elle expliqu\u00e9 avant d&rsquo;ajouter : \u00ab\u00a0(&#8230;) C\u2019est la premi\u00e8re chanson que j\u2019\u00e9cris sur ma m\u00e8re o\u00f9 je ne suis plus en col\u00e8re. Et en fait, ce qu\u2019ils m\u2019ont dit c\u2019est que j\u2019avais gu\u00e9ri. J\u2019ai mis plus de temps que d\u2019autres dans ma famille \u00e0 en gu\u00e9rir, c\u2019est s\u00fbr\u00a0\u00bb. <\/p>\n<blockquote class=\"instagram-media\" data-instgrm-captioned=\"\" data-instgrm-permalink=\"https:\/\/www.instagram.com\/reel\/DJxQMRRiSdz\/?utm_source=ig_embed&amp;utm_campaign=loading\" data-instgrm-version=\"14\" style=\" background:#FFF; border:0; border-radius:3px; box-shadow:0 0 1px 0 rgba(0,0,0,0.5),0 1px 10px 0 rgba(0,0,0,0.15); margin: 1px; max-width:658px; min-width:326px; padding:0; width:99.375%; width:-webkit-calc(100% - 2px); width:calc(100% - 2px);\"\/>\n<p>        <script async src=\"\/\/www.instagram.com\/embed.js\"><\/script><\/p>\n","protected":false},"excerpt":{"rendered":"Ce samedi 17 mai, Louane a interpr\u00e9t\u00e9 son titre maman \u00e0 B\u00e2le, en Suisse, lors de la finale&hellip;\n","protected":false},"author":2,"featured_media":108599,"comment_status":"","ping_status":"","sticky":false,"template":"","format":"standard","meta":{"footnotes":""},"categories":[8],"tags":[244,22249,58,59,2399,1011,27,594,14254],"class_list":{"0":"post-108598","1":"post","2":"type-post","3":"status-publish","4":"format-standard","5":"has-post-thumbnail","7":"category-divertissement","8":"tag-commentaire","9":"tag-concours-eurovision-de-la-chanson-2025","10":"tag-divertissement","11":"tag-entertainment","12":"tag-eurovision","13":"tag-fr","14":"tag-france","15":"tag-france-2","16":"tag-louane-emera"},"share_on_mastodon":{"url":"https:\/\/pubeurope.com\/@fr\/114527129147622462","error":""},"_links":{"self":[{"href":"https:\/\/www.europesays.com\/fr\/wp-json\/wp\/v2\/posts\/108598","targetHints":{"allow":["GET"]}}],"collection":[{"href":"https:\/\/www.europesays.com\/fr\/wp-json\/wp\/v2\/posts"}],"about":[{"href":"https:\/\/www.europesays.com\/fr\/wp-json\/wp\/v2\/types\/post"}],"author":[{"embeddable":true,"href":"https:\/\/www.europesays.com\/fr\/wp-json\/wp\/v2\/users\/2"}],"replies":[{"embeddable":true,"href":"https:\/\/www.europesays.com\/fr\/wp-json\/wp\/v2\/comments?post=108598"}],"version-history":[{"count":0,"href":"https:\/\/www.europesays.com\/fr\/wp-json\/wp\/v2\/posts\/108598\/revisions"}],"wp:featuredmedia":[{"embeddable":true,"href":"https:\/\/www.europesays.com\/fr\/wp-json\/wp\/v2\/media\/108599"}],"wp:attachment":[{"href":"https:\/\/www.europesays.com\/fr\/wp-json\/wp\/v2\/media?parent=108598"}],"wp:term":[{"taxonomy":"category","embeddable":true,"href":"https:\/\/www.europesays.com\/fr\/wp-json\/wp\/v2\/categories?post=108598"},{"taxonomy":"post_tag","embeddable":true,"href":"https:\/\/www.europesays.com\/fr\/wp-json\/wp\/v2\/tags?post=108598"}],"curies":[{"name":"wp","href":"https:\/\/api.w.org\/{rel}","templated":true}]}}