{"id":10860,"date":"2025-04-08T18:24:15","date_gmt":"2025-04-08T18:24:15","guid":{"rendered":"https:\/\/www.europesays.com\/fr\/10860\/"},"modified":"2025-04-08T18:24:15","modified_gmt":"2025-04-08T18:24:15","slug":"le-talk-oliver-kahn-fait-une-offre-pour-les-girondins-bordeaux-et-les-6-finales-a-jouer","status":"publish","type":"post","link":"https:\/\/www.europesays.com\/fr\/10860\/","title":{"rendered":"Le Talk : Oliver Kahn fait une offre pour les Girondins, Bordeaux et les 6 finales \u00e0 jouer"},"content":{"rendered":"<p><img decoding=\"async\" src=\"https:\/\/www.europesays.com\/fr\/wp-content\/uploads\/2025\/04\/671_89132610973d8a7e10af26016efd81f3.jpg\" alt=\"Le Talk : Oliver Kahn fait une offre pour les Girondins, Bordeaux et les 6 finales \u00e0 jouer\" class=\"img-responsive mt-3\"\/><\/p>\n<p class=\"text-center mb-3\" style=\"font-size: 14px\">\u00a9 Iconsport<\/p>\n<p style=\"text-align: justify;\">Cette \u00e9mission est plac\u00e9e sous le signe du d\u00e9bat, de l&rsquo;information et de l&rsquo;analyse.<\/p>\n<p class=\"p1\">\u00c9mission diffus\u00e9e sur la <a href=\"https:\/\/www.youtube.com\/watch?v=WgSWlw4L5u4\" target=\"_blank\" rel=\"noopener nofollow\">cha\u00eene YouTube de WebGirondins<\/a>.<\/p>\n<p>Ce navigateur ne supporte pas les iframes<\/p>\n<p class=\"p1\" style=\"text-align: justify;\">Ils sont pr\u00e9sents : les supporters et chroniqueurs Jonathan d&rsquo;Agostino et Djino Fort\u00e9, le journaliste du Club des 5 Samuel Vaslin, Conan pour l&rsquo;animation du chat avec Nicolas Pietrelli \u00e0 la pr\u00e9sentation.<\/p>\n<p class=\"p1\" style=\"text-align: justify;\">\u00c9mission r\u00e9alis\u00e9e avec le <a href=\"https:\/\/fr.tipeee.com\/webgirondins\" target=\"_blank\" rel=\"noopener nofollow\">soutien des socios<\/a>.<\/p>\n<p class=\"p1\" style=\"text-align: justify;\">Le programme :<\/p>\n<p class=\"p1\" style=\"text-align: justify;\"><img decoding=\"async\" src=\"https:\/\/www.europesays.com\/fr\/wp-content\/uploads\/2025\/04\/INFOGRAPHIES E\u0301MISSIONS.jpg\" alt=\"INFOGRAPHIES E\u0301MISSIONS.jpg (146 KB)\" style=\"width:700px;max-width:100%;\"\/><\/p>\n","protected":false},"excerpt":{"rendered":"\u00a9 Iconsport Cette \u00e9mission est plac\u00e9e sous le signe du d\u00e9bat, de l&rsquo;information et de l&rsquo;analyse. \u00c9mission diffus\u00e9e&hellip;\n","protected":false},"author":2,"featured_media":10861,"comment_status":"","ping_status":"","sticky":false,"template":"","format":"standard","meta":{"footnotes":""},"categories":[1410],"tags":[3396,1997,5244,3934,21,3390,5245,63,1011,27,1987,5239,1110,5236,4654,5235,4653,5241,5242,471,5240,4655,5243,60,5237,5234,3945,5238],"class_list":{"0":"post-10860","1":"post","2":"type-post","3":"status-publish","4":"format-standard","5":"has-post-thumbnail","7":"category-football","8":"tag-avec","9":"tag-bordeaux","10":"tag-club","11":"tag-coulisses","12":"tag-fait","13":"tag-finales","14":"tag-financieres","15":"tag-football","16":"tag-fr","17":"tag-france","18":"tag-girondins","19":"tag-gros","20":"tag-informations","21":"tag-jouer","22":"tag-kahn","23":"tag-offre","24":"tag-oliver","25":"tag-on","26":"tag-passe","27":"tag-pour","28":"tag-programme","29":"tag-proposition","30":"tag-racheter","31":"tag-sports","32":"tag-suivez","33":"tag-talk","34":"tag-terrain","35":"tag-webgirondins"},"share_on_mastodon":{"url":"https:\/\/pubeurope.com\/@fr\/114303747007624010","error":""},"_links":{"self":[{"href":"https:\/\/www.europesays.com\/fr\/wp-json\/wp\/v2\/posts\/10860","targetHints":{"allow":["GET"]}}],"collection":[{"href":"https:\/\/www.europesays.com\/fr\/wp-json\/wp\/v2\/posts"}],"about":[{"href":"https:\/\/www.europesays.com\/fr\/wp-json\/wp\/v2\/types\/post"}],"author":[{"embeddable":true,"href":"https:\/\/www.europesays.com\/fr\/wp-json\/wp\/v2\/users\/2"}],"replies":[{"embeddable":true,"href":"https:\/\/www.europesays.com\/fr\/wp-json\/wp\/v2\/comments?post=10860"}],"version-history":[{"count":0,"href":"https:\/\/www.europesays.com\/fr\/wp-json\/wp\/v2\/posts\/10860\/revisions"}],"wp:featuredmedia":[{"embeddable":true,"href":"https:\/\/www.europesays.com\/fr\/wp-json\/wp\/v2\/media\/10861"}],"wp:attachment":[{"href":"https:\/\/www.europesays.com\/fr\/wp-json\/wp\/v2\/media?parent=10860"}],"wp:term":[{"taxonomy":"category","embeddable":true,"href":"https:\/\/www.europesays.com\/fr\/wp-json\/wp\/v2\/categories?post=10860"},{"taxonomy":"post_tag","embeddable":true,"href":"https:\/\/www.europesays.com\/fr\/wp-json\/wp\/v2\/tags?post=10860"}],"curies":[{"name":"wp","href":"https:\/\/api.w.org\/{rel}","templated":true}]}}