{"id":108606,"date":"2025-05-18T05:18:09","date_gmt":"2025-05-18T05:18:09","guid":{"rendered":"https:\/\/www.europesays.com\/fr\/108606\/"},"modified":"2025-05-18T05:18:09","modified_gmt":"2025-05-18T05:18:09","slug":"2-morts-et-19-blesses-dont-deux-graves","status":"publish","type":"post","link":"https:\/\/www.europesays.com\/fr\/108606\/","title":{"rendered":"2 morts et 19 bless\u00e9s dont deux graves"},"content":{"rendered":"<p>Selon les m\u00e9dias am\u00e9ricains, ce navire de la Marine mexicaine de 1982 transportait pr\u00e8s de 300 passagers \u00e0 bord quand il s\u2019est dirig\u00e9 droit sur le pont, samedi soir.<\/p>\n<p class=\"fig-paragraph\">Un navire-\u00e9cole de la marine mexicaine a heurt\u00e9\u00a0<a href=\"https:\/\/www.lefigaro.fr\/flash-actu\/2016\/04\/26\/97001-20160426FILWWW00362-un-homme-saute-du-pont-de-brooklyn-a-new-york-et-survit.php\" data-fig-type=\"NewsFlash\" data-gtm-custom-categorie=\"navigation\" data-gtm-custom-action=\"crossclick\" data-gtm-custom-label=\"Contextuel\" data-gtm-event=\"customEventSPE\" data-fig-domain=\"LEFIGARO\" target=\"_blank\" rel=\"noopener\">le pont de Brooklyn<\/a>\u00a0\u00e0\u00a0<a href=\"http:\/\/www.lefigaro.fr\/voyages\/dossier\/new-york\" data-fig-type=\"Topic\" data-gtm-custom-categorie=\"navigation\" data-gtm-custom-action=\"crossclick\" data-gtm-custom-label=\"Contextuel\" data-gtm-event=\"customEventSPE\" data-fig-domain=\"LEFIGARO\" target=\"_blank\" rel=\"noopener\">New York<\/a>\u00a0samedi soir, faisant deux morts et 19 bless\u00e9s dont deux graves alors que les trois m\u00e2ts du voilier se sont fracass\u00e9s contre la structure embl\u00e9matique. Les passants qui profitaient d\u2019une soir\u00e9e printani\u00e8re au bord de l\u2019East River ont vu avec stup\u00e9faction le Cuauht\u00e9moc, se diriger toutes voiles d\u00e9ploy\u00e9es et lumi\u00e8res allum\u00e9es vers le pont, sans que la hauteur ne permette le passage de ses mats.<\/p>\n<p class=\"fig-paragraph\">\u00abPlus t\u00f4t dans la soir\u00e9e, le grand navire Cuauht\u00e9moc de la marine mexicaine a perdu de la puissance et a heurt\u00e9 le pont de Brooklyn\u00bb, a post\u00e9 le maire de New York Eric Adams sur X. Il a pr\u00e9cis\u00e9 que sur les 277 personnes \u00e0 bord, 19 avaient \u00e9t\u00e9 bless\u00e9es, dont deux ans un \u00e9tat critique, tandis que \u00abdeux autres sont malheureusement d\u00e9c\u00e9d\u00e9es des suites de leurs blessures\u00bb.<\/p>\n<p>48,2 m\u00e8tres de hauteur<\/p>\n<p class=\"fig-paragraph\">Construit en 1982, le navire, dont la hauteur atteint 48,2 m\u00e8tres, participe \u00e0 de nombreux rassemblements de voiliers dans le monde. Le navire a perdu de la puissance alors que le capitaine le man\u0153uvrait, le for\u00e7ant \u00e0 se diriger vers la cul\u00e9e du pont du c\u00f4t\u00e9 de Brooklyn, a d\u00e9clar\u00e9 Wilson Aramboles, chef des op\u00e9rations sp\u00e9ciales de la police de New York, lors d\u2019une conf\u00e9rence de presse.<\/p>\n<p class=\"fig-paragraph\">\u00abC\u2019\u00e9tait la panique sur le bateau\u00bb, a racont\u00e9 aupr\u00e8s de l\u2019AFP Nick Corso, 23 ans, habitant de Brooklyn, qui se tenait pr\u00e8s de l\u2019East River. Il s\u2019appr\u00eatait \u00e0 prendre une photo, mais lorsqu\u2019il a r\u00e9alis\u00e9 l\u2019accident qui se pr\u00e9parait, il est pass\u00e9 \u00e0 la vid\u00e9o. \u00abLa chose qui m\u2019a surtout frapp\u00e9, c\u2019est la panique qui r\u00e9gnait sur le bateau. Il y avait un homme \u00e0 l\u2019arri\u00e8re qui faisait signe aux gens de s\u2019\u00e9loigner de la passerelle o\u00f9 nous nous trouvions\u00bb, a-t-il ajout\u00e9.<\/p>\n<p>Personne \u00abn\u2019est tomb\u00e9 \u00e0 l\u2019eau\u00bb<\/p>\n<p class=\"fig-paragraph\">Aucune personne \u00e0 bord \u00abn\u2019est tomb\u00e9e \u00e0 l\u2019eau, ce qui fait qu\u2019il n\u2019a pas \u00e9t\u00e9 n\u00e9cessaire d\u2019activer des op\u00e9rations de secours\u00bb, a indiqu\u00e9 la marine dans un communiqu\u00e9. Le navire quittait New York peu avant la collision et un \u00e9norme drapeau mexicain flottait \u00e0 l\u2019arri\u00e8re du navire.<\/p>\n<p class=\"fig-paragraph\">Le pont qui relie Brooklyn \u00e0 Manhattan a \u00e9t\u00e9 ferm\u00e9 pendant une quarantaine de minutes avant de rouvrir. Les victimes ont \u00e9t\u00e9 transport\u00e9es d\u2019urgence dans les h\u00f4pitaux locaux, selon le New York Post, et des sir\u00e8nes ont \u00e9t\u00e9 entendues \u00e0 proximit\u00e9 du lieu de l\u2019accident.<\/p>\n","protected":false},"excerpt":{"rendered":"Selon les m\u00e9dias am\u00e9ricains, ce navire de la Marine mexicaine de 1982 transportait pr\u00e8s de 300 passagers \u00e0&hellip;\n","protected":false},"author":2,"featured_media":108607,"comment_status":"","ping_status":"","sticky":false,"template":"","format":"standard","meta":{"footnotes":""},"categories":[2],"tags":[259,11,260,22665,73,1011,27,14,261,415,12,262],"class_list":{"0":"post-108606","1":"post","2":"type-post","3":"status-publish","4":"format-standard","5":"has-post-thumbnail","7":"category-actualites","8":"tag-actualite-internationale","9":"tag-actualites","10":"tag-affaires-etrangeres","11":"tag-brooklyn","12":"tag-etats-unis","13":"tag-fr","14":"tag-france","15":"tag-international","16":"tag-ministere-des-affaires-etrangeres","17":"tag-new-york","18":"tag-news","19":"tag-politique-etrangere"},"share_on_mastodon":{"url":"https:\/\/pubeurope.com\/@fr\/114527148680804573","error":""},"_links":{"self":[{"href":"https:\/\/www.europesays.com\/fr\/wp-json\/wp\/v2\/posts\/108606","targetHints":{"allow":["GET"]}}],"collection":[{"href":"https:\/\/www.europesays.com\/fr\/wp-json\/wp\/v2\/posts"}],"about":[{"href":"https:\/\/www.europesays.com\/fr\/wp-json\/wp\/v2\/types\/post"}],"author":[{"embeddable":true,"href":"https:\/\/www.europesays.com\/fr\/wp-json\/wp\/v2\/users\/2"}],"replies":[{"embeddable":true,"href":"https:\/\/www.europesays.com\/fr\/wp-json\/wp\/v2\/comments?post=108606"}],"version-history":[{"count":0,"href":"https:\/\/www.europesays.com\/fr\/wp-json\/wp\/v2\/posts\/108606\/revisions"}],"wp:featuredmedia":[{"embeddable":true,"href":"https:\/\/www.europesays.com\/fr\/wp-json\/wp\/v2\/media\/108607"}],"wp:attachment":[{"href":"https:\/\/www.europesays.com\/fr\/wp-json\/wp\/v2\/media?parent=108606"}],"wp:term":[{"taxonomy":"category","embeddable":true,"href":"https:\/\/www.europesays.com\/fr\/wp-json\/wp\/v2\/categories?post=108606"},{"taxonomy":"post_tag","embeddable":true,"href":"https:\/\/www.europesays.com\/fr\/wp-json\/wp\/v2\/tags?post=108606"}],"curies":[{"name":"wp","href":"https:\/\/api.w.org\/{rel}","templated":true}]}}