{"id":108608,"date":"2025-05-18T05:19:10","date_gmt":"2025-05-18T05:19:10","guid":{"rendered":"https:\/\/www.europesays.com\/fr\/108608\/"},"modified":"2025-05-18T05:19:10","modified_gmt":"2025-05-18T05:19:10","slug":"loire-irrigation-biodiversite-la-quete-dinnovation-du-service-espaces-verts-de-la-ville-de-saint-chamond","status":"publish","type":"post","link":"https:\/\/www.europesays.com\/fr\/108608\/","title":{"rendered":"Loire. Irrigation, biodiversit\u00e9&#8230; La qu\u00eate d&rsquo;innovation du service espaces verts de la ville de Saint-Chamond"},"content":{"rendered":"<p>\u00ab\u00a0La p\u00e9riode printani\u00e8re se termine, on va commencer les plantations d\u2019\u00e9t\u00e9. La nature nous dicte son rythme entre tontes et d\u00e9sherbages. Cette ann\u00e9e, les massifs seront multicolores.\u00a0Des essences estivales \u00e9conomes en eau se joindront aux vivaces d\u00e9j\u00e0 en place pour 3 \u00e0 5 ans\u00a0\u00bb, d\u00e9clare Genevi\u00e8ve Massacrier, adjointe \u00e0 l\u2019embellissement urbain.<\/p>\n<p>\u00ab\u00a0Pour embellir la ville, lutter contre les effets du r\u00e9chauffement climatique et renforcer la biodiversit\u00e9, notre service des Espaces verts doit sans arr\u00eat innover et ma\u00eetriser la gestion diff\u00e9renci\u00e9e des espaces selon leur localisation et leur usage\u00a0\u00bb, affirme Bruno Changeat, adjoint au d\u00e9veloppement&#8230;<\/p>\n","protected":false},"excerpt":{"rendered":"\u00ab\u00a0La p\u00e9riode printani\u00e8re se termine, on va commencer les plantations d\u2019\u00e9t\u00e9. La nature nous dicte son rythme entre&hellip;\n","protected":false},"author":2,"featured_media":108609,"comment_status":"","ping_status":"","sticky":false,"template":"","format":"standard","meta":{"footnotes":""},"categories":[9653],"tags":[1111,11,2430,7539,436,1777,674,1011,27,12,25,9669,9670,4001],"class_list":{"0":"post-108608","1":"post","2":"type-post","3":"status-publish","4":"format-standard","5":"has-post-thumbnail","7":"category-saint-etienne","8":"tag-actu","9":"tag-actualites","10":"tag-auvergne-rhone-alpes","11":"tag-edition-loire-sud","12":"tag-environnement","13":"tag-eu","14":"tag-europe","15":"tag-fr","16":"tag-france","17":"tag-news","18":"tag-republique-francaise","19":"tag-saint-chamond","20":"tag-saint-chamond-ville","21":"tag-saint-etienne"},"share_on_mastodon":{"url":"https:\/\/pubeurope.com\/@fr\/114527152700048622","error":""},"_links":{"self":[{"href":"https:\/\/www.europesays.com\/fr\/wp-json\/wp\/v2\/posts\/108608","targetHints":{"allow":["GET"]}}],"collection":[{"href":"https:\/\/www.europesays.com\/fr\/wp-json\/wp\/v2\/posts"}],"about":[{"href":"https:\/\/www.europesays.com\/fr\/wp-json\/wp\/v2\/types\/post"}],"author":[{"embeddable":true,"href":"https:\/\/www.europesays.com\/fr\/wp-json\/wp\/v2\/users\/2"}],"replies":[{"embeddable":true,"href":"https:\/\/www.europesays.com\/fr\/wp-json\/wp\/v2\/comments?post=108608"}],"version-history":[{"count":0,"href":"https:\/\/www.europesays.com\/fr\/wp-json\/wp\/v2\/posts\/108608\/revisions"}],"wp:featuredmedia":[{"embeddable":true,"href":"https:\/\/www.europesays.com\/fr\/wp-json\/wp\/v2\/media\/108609"}],"wp:attachment":[{"href":"https:\/\/www.europesays.com\/fr\/wp-json\/wp\/v2\/media?parent=108608"}],"wp:term":[{"taxonomy":"category","embeddable":true,"href":"https:\/\/www.europesays.com\/fr\/wp-json\/wp\/v2\/categories?post=108608"},{"taxonomy":"post_tag","embeddable":true,"href":"https:\/\/www.europesays.com\/fr\/wp-json\/wp\/v2\/tags?post=108608"}],"curies":[{"name":"wp","href":"https:\/\/api.w.org\/{rel}","templated":true}]}}