{"id":108611,"date":"2025-05-18T05:21:11","date_gmt":"2025-05-18T05:21:11","guid":{"rendered":"https:\/\/www.europesays.com\/fr\/108611\/"},"modified":"2025-05-18T05:21:11","modified_gmt":"2025-05-18T05:21:11","slug":"nancy-une-femme-condamnee-apres-une-violente-altercation-dans-un-trolleybus","status":"publish","type":"post","link":"https:\/\/www.europesays.com\/fr\/108611\/","title":{"rendered":"Nancy. Une femme condamn\u00e9e apr\u00e8s une violente altercation dans un trolleybus"},"content":{"rendered":"<p>Silhouette fr\u00eale, teint blafard, le visage \u00e9maci\u00e9\u2026 Dans le box de la salle d\u2019audience du tribunal correctionnel de Nancy, ce vendredi, Jessica semble pourtant avoir ses rep\u00e8res. M\u00eame si elle a parfois du mal \u00e0 tenir en place.<\/p>\n<p>Une fois lib\u00e9r\u00e9e de ses menottes, elle ajuste le micro, puis sa coiffure et peut r\u00e9pondre aux questions du pr\u00e9sident Didier Gastaldi. Ce dernier \u00e9gr\u00e8ne les faits remontant au 13\u00a0mai. Au petit matin, avenue du G\u00e9n\u00e9ral-Leclerc \u00e0 Nancy, la situation d\u00e9g\u00e9n\u00e8re \u00e0 bord du trolleybus.<\/p>\n<p>La pr\u00e9venue, \u00e2g\u00e9e de 37 ans, reconna\u00eet, \u00e0 l\u2019arr\u00eat Exelmans, un homme qui lui devrait de l\u2019argent. Il lui aurait aussi vol\u00e9 son t\u00e9l\u00e9phone portable. Et alors qu\u2019elle s\u2019en prend \u00e0 lui lorsqu\u2019il monte \u00e0 bord, une femme tente, en vain, de s\u2019interposer. Idem pour le personnel Keolis. L\u2019un&#8230;<\/p>\n","protected":false},"excerpt":{"rendered":"Silhouette fr\u00eale, teint blafard, le visage \u00e9maci\u00e9\u2026 Dans le box de la salle d\u2019audience du tribunal correctionnel de&hellip;\n","protected":false},"author":2,"featured_media":108612,"comment_status":"","ping_status":"","sticky":false,"template":"","format":"standard","meta":{"footnotes":""},"categories":[9635],"tags":[1111,11,1704,1777,674,274,1011,27,775,1702,1703,12,25],"class_list":{"0":"post-108611","1":"post","2":"type-post","3":"status-publish","4":"format-standard","5":"has-post-thumbnail","7":"category-nancy","8":"tag-actu","9":"tag-actualites","10":"tag-edition-nancy-et-agglomeration","11":"tag-eu","12":"tag-europe","13":"tag-faits-divers-justice","14":"tag-fr","15":"tag-france","16":"tag-grand-est","17":"tag-nancy","18":"tag-nancy-ville-54b","19":"tag-news","20":"tag-republique-francaise"},"share_on_mastodon":{"url":"https:\/\/pubeurope.com\/@fr\/114527160442045917","error":""},"_links":{"self":[{"href":"https:\/\/www.europesays.com\/fr\/wp-json\/wp\/v2\/posts\/108611","targetHints":{"allow":["GET"]}}],"collection":[{"href":"https:\/\/www.europesays.com\/fr\/wp-json\/wp\/v2\/posts"}],"about":[{"href":"https:\/\/www.europesays.com\/fr\/wp-json\/wp\/v2\/types\/post"}],"author":[{"embeddable":true,"href":"https:\/\/www.europesays.com\/fr\/wp-json\/wp\/v2\/users\/2"}],"replies":[{"embeddable":true,"href":"https:\/\/www.europesays.com\/fr\/wp-json\/wp\/v2\/comments?post=108611"}],"version-history":[{"count":0,"href":"https:\/\/www.europesays.com\/fr\/wp-json\/wp\/v2\/posts\/108611\/revisions"}],"wp:featuredmedia":[{"embeddable":true,"href":"https:\/\/www.europesays.com\/fr\/wp-json\/wp\/v2\/media\/108612"}],"wp:attachment":[{"href":"https:\/\/www.europesays.com\/fr\/wp-json\/wp\/v2\/media?parent=108611"}],"wp:term":[{"taxonomy":"category","embeddable":true,"href":"https:\/\/www.europesays.com\/fr\/wp-json\/wp\/v2\/categories?post=108611"},{"taxonomy":"post_tag","embeddable":true,"href":"https:\/\/www.europesays.com\/fr\/wp-json\/wp\/v2\/tags?post=108611"}],"curies":[{"name":"wp","href":"https:\/\/api.w.org\/{rel}","templated":true}]}}