{"id":108613,"date":"2025-05-18T05:22:22","date_gmt":"2025-05-18T05:22:22","guid":{"rendered":"https:\/\/www.europesays.com\/fr\/108613\/"},"modified":"2025-05-18T05:22:22","modified_gmt":"2025-05-18T05:22:22","slug":"tranquille-face-a-nancy-paris-termine-premier-de-la-saison-reguliere-delite","status":"publish","type":"post","link":"https:\/\/www.europesays.com\/fr\/108613\/","title":{"rendered":"tranquille face \u00e0 Nancy, Paris termine premier de la saison r\u00e9guli\u00e8re d&rsquo;Elite"},"content":{"rendered":"<p>            <a href=\"https:\/\/www.lefigaro.fr\/sports\/basket\/basket-l-asvel-battu-au-mans-et-rate-le-coche-20250513\" class=\"fig-ranking-profile-link\" data-fig-domain=\"LEFIGARO\" target=\"_blank\" rel=\"noopener\"><\/p>\n<p>        Basket\u00a0: l&rsquo;Asvel battu au Mans, et rate le coche<\/p>\n<p>                                                                        <\/a><\/p>\n<p>        <img   class=\"fig-img fig-ranking-profile-media-small-picture__photo\" alt=\"Basket\u00a0: l'Asvel battu au Mans, et rate le coche\" height=\"2001\" width=\"3000\"\/><\/p>\n<p class=\"fig-ranking-profile-standfirst\">\n    Avec cette d\u00e9faite sur le parquet du Mans (97-80), l\u2019Asvel qui aurait pu ce lundi, pour le compte de la 29e journ\u00e9e d\u2019Elite, prendre la t\u00eate du championnat avec une victoire, rate le coche.\n<\/p>\n<p>            <a href=\"https:\/\/www.lefigaro.fr\/sports\/basket\/nba\/nba-grosse-inquietude-a-boston-apres-la-blessure-de-tatum-en-larmes-et-evacue-en-fauteuil-roulant-20250513\" class=\"fig-ranking-profile-link\" data-fig-domain=\"LEFIGARO\" target=\"_blank\" rel=\"noopener\"><\/p>\n<p>        NBA\u00a0: grosse inqui\u00e9tude \u00e0 Boston apr\u00e8s la blessure de Tatum, en larmes et \u00e9vacu\u00e9 en fauteuil roulant<\/p>\n<p>                                                                        <\/a><\/p>\n<p>        <img   class=\"fig-img fig-ranking-profile-media-small-picture__photo\" alt=\"NBA\u00a0: grosse inqui\u00e9tude \u00e0 Boston apr\u00e8s la blessure de Tatum, en larmes et \u00e9vacu\u00e9 en fauteuil roulant\" height=\"1603\" width=\"2850\"\/><\/p>\n<p class=\"fig-ranking-profile-standfirst\">\n    Jayson Tatum, joueur vedette des Boston Celtics, s\u2019est bless\u00e9 lors du match\u00a04 des demi-finales de conf\u00e9rence Est contre les New York Knicks lundi soir. Le pire est \u00e0 craindre.\n<\/p>\n<p>            <a href=\"https:\/\/www.lefigaro.fr\/sports\/basket\/nba\/nba-dallas-herite-du-premier-choix-de-la-draft-les-spurs-du-n-2-20250513\" class=\"fig-ranking-profile-link\" data-fig-domain=\"LEFIGARO\" target=\"_blank\" rel=\"noopener\"><\/p>\n<p>        NBA\u00a0: Dallas touche le jackpot et h\u00e9rite du premier choix de la draft, les Spurs du N.2<\/p>\n<p>                                                                        <\/a><\/p>\n<p>        <img   class=\"fig-img fig-ranking-profile-media-small-picture__photo\" alt=\"NBA\u00a0: Dallas touche le jackpot et h\u00e9rite du premier choix de la draft, les Spurs du N.2\" height=\"2001\" width=\"3000\"\/><\/p>\n<p class=\"fig-ranking-profile-standfirst\">\n    10 \u00e9quipes avaient plus de probabilit\u00e9s de l\u2019obtenir, mais ce sont bien les Dallas Mavericks qui ont h\u00e9rit\u00e9 du premier choix de la prochaine draft NBA en juin prochain. Les Spurs r\u00e9cup\u00e8rent le num\u00e9ro 2.<\/p>\n","protected":false},"excerpt":{"rendered":"Basket\u00a0: l&rsquo;Asvel battu au Mans, et rate le coche Avec cette d\u00e9faite sur le parquet du Mans (97-80),&hellip;\n","protected":false},"author":2,"featured_media":108614,"comment_status":"","ping_status":"","sticky":false,"template":"","format":"standard","meta":{"footnotes":""},"categories":[9635],"tags":[1111,11,2190,1465,1464,2180,2192,814,64,1777,450,2183,674,1011,27,775,2191,2193,820,2181,1702,2182,12,2179,2189,2186,2184,2185,25,1980,2188,2187],"class_list":{"0":"post-108613","1":"post","2":"type-post","3":"status-publish","4":"format-standard","5":"has-post-thumbnail","7":"category-nancy","8":"tag-actu","9":"tag-actualites","10":"tag-asvel","11":"tag-basket","12":"tag-basketball","13":"tag-championnats-deurope","14":"tag-cholet","15":"tag-direct","16":"tag-equipe-de-france","17":"tag-eu","18":"tag-euro","19":"tag-euroligue","20":"tag-europe","21":"tag-fr","22":"tag-france","23":"tag-grand-est","24":"tag-le-mans","25":"tag-limoges","26":"tag-live","27":"tag-mondial","28":"tag-nancy","29":"tag-nba","30":"tag-news","31":"tag-paris-basketball","32":"tag-photos","33":"tag-play-offs","34":"tag-pro-a","35":"tag-pro-b","36":"tag-republique-francaise","37":"tag-resultats","38":"tag-statistiques","39":"tag-stats"},"share_on_mastodon":{"url":"https:\/\/pubeurope.com\/@fr\/114527164342747181","error":""},"_links":{"self":[{"href":"https:\/\/www.europesays.com\/fr\/wp-json\/wp\/v2\/posts\/108613","targetHints":{"allow":["GET"]}}],"collection":[{"href":"https:\/\/www.europesays.com\/fr\/wp-json\/wp\/v2\/posts"}],"about":[{"href":"https:\/\/www.europesays.com\/fr\/wp-json\/wp\/v2\/types\/post"}],"author":[{"embeddable":true,"href":"https:\/\/www.europesays.com\/fr\/wp-json\/wp\/v2\/users\/2"}],"replies":[{"embeddable":true,"href":"https:\/\/www.europesays.com\/fr\/wp-json\/wp\/v2\/comments?post=108613"}],"version-history":[{"count":0,"href":"https:\/\/www.europesays.com\/fr\/wp-json\/wp\/v2\/posts\/108613\/revisions"}],"wp:featuredmedia":[{"embeddable":true,"href":"https:\/\/www.europesays.com\/fr\/wp-json\/wp\/v2\/media\/108614"}],"wp:attachment":[{"href":"https:\/\/www.europesays.com\/fr\/wp-json\/wp\/v2\/media?parent=108613"}],"wp:term":[{"taxonomy":"category","embeddable":true,"href":"https:\/\/www.europesays.com\/fr\/wp-json\/wp\/v2\/categories?post=108613"},{"taxonomy":"post_tag","embeddable":true,"href":"https:\/\/www.europesays.com\/fr\/wp-json\/wp\/v2\/tags?post=108613"}],"curies":[{"name":"wp","href":"https:\/\/api.w.org\/{rel}","templated":true}]}}