{"id":1086150,"date":"2026-07-24T23:34:34","date_gmt":"2026-07-24T23:34:34","guid":{"rendered":"https:\/\/www.europesays.com\/fr\/1086150\/"},"modified":"2026-07-24T23:34:34","modified_gmt":"2026-07-24T23:34:34","slug":"au-met-de-new-york-giacometti-en-majeste-dans-un-temple-egyptien","status":"publish","type":"post","link":"https:\/\/www.europesays.com\/fr\/1086150\/","title":{"rendered":"Au Met de New York, Giacometti en majest\u00e9 dans un temple \u00e9gyptien"},"content":{"rendered":"<p class=\"editor-content__paragraph\">Log\u00e9 \u00e0 l\u2019extr\u00e9mit\u00e9 nord du <a href=\"https:\/\/www.beauxarts.com\/lifestyle\/le-metropolitan-de-new-york-une-collection-dementielle-en-plein-central-park\/\" target=\"_blank\" rel=\"noopener nofollow\"><strong>Metropolitan Museum<\/strong><\/a> de New York, le <strong>temple de Dendour<\/strong> occupe une salle singuli\u00e8re. La baie vitr\u00e9e monumentale qui longe la paroi nord offre un panorama verdoyant sur Central Park. Baign\u00e9e de lumi\u00e8re naturelle, la salle s\u2019impose comme <strong>un havre de tranquillit\u00e9<\/strong>, bienvenu dans le parcours parfois \u00e9puisant des quelque 400\u00a0galeries du Met.<\/p>\n<p class=\"editor-content__paragraph\"><strong>Construit sous la commande de l\u2019empereur Auguste<\/strong>, vers 10\u00a0avant notre \u00e8re, puis<strong> offert aux \u00c9tats-Unis<\/strong> par l\u2019\u00c9gypte en 1965\u00a0en remerciement de leur contribution \u00e0 la sauvegarde des monuments de Nubie, le temple de Dendour est <strong>expos\u00e9 au Met depuis 1978<\/strong> en ayant pour ainsi dire jamais servi de cadre \u00e0 une exposition temporaire. C\u2019est d\u00e9sormais chose faite, et le choix d\u2019<a href=\"https:\/\/www.beauxarts.com\/grand-format\/alberto-giacometti-en-2-minutes\/\" target=\"_blank\" rel=\"noopener nofollow\"><strong>Alberto Giacometti<\/strong><\/a> (1901\u20131966) appara\u00eet comme une \u00e9vidence.<\/p>\n<p>        \u00c0 lire aussi :<br \/>\n        <a class=\"renvoi-explicite__link\" href=\"https:\/\/www.beauxarts.com\/expos\/un-ete-a-new-york-10-expositions-pour-tous-les-gouts\/\" rel=\"nofollow noopener\" target=\"_blank\">Un \u00e9t\u00e9 \u00e0 New York : 10 expositions pour tous les go\u00fbts<\/a><\/p>\n<p>Les silhouettes du sculpteur en dialogue avec le temple<\/p>\n<p class=\"editor-content__paragraph\">Jusqu\u2019au 8\u00a0septembre prochain, <strong>dix-sept sculptures<\/strong>, dont quatorze pr\u00eat\u00e9es par la fondation Giacometti et trois issues des collections du mus\u00e9e, investissent le temple d\u00e9di\u00e9 \u00e0 la d\u00e9esse Isis et aux fr\u00e8res divinis\u00e9s Pedesi et Pihor. La <strong>Femme qui marche I<\/strong> (1932) prend place <strong>dans le hall d\u2019offrandes<\/strong>, l\u00e0 o\u00f9 les statues cultuelles \u00e9taient jadis d\u00e9pos\u00e9es devant les fid\u00e8les.<\/p>\n<p>    <img loading=\"lazy\" decoding=\"async\" class=\"image__img\" src=\"https:\/\/www.europesays.com\/fr\/wp-content\/uploads\/2026\/07\/webdp-44664-010-jpg-original-300dpi-964x1040.jpg\" alt=\"Exposition \u00ab\u00a0Giacometti in The Temple of Dendur\u00a0\u00bb au Metropolitan Museum of art de New York\" width=\"964\" height=\"1040\"\/><\/p>\n<p>Exposition \u00ab\u00a0Giacometti in The Temple of Dendur\u00a0\u00bb au Metropolitan Museum of art de New York<\/p>\n<p>    i<\/p>\n<p class=\"legende__cartel\">\u00a9 Courtesy du MET \/ photo\u00a0: Anna-Marie Kellen<\/p>\n<p class=\"editor-content__paragraph\">Les <strong>Femmes de Venise<\/strong> (1956) se dressent \u00e0 l\u2019ext\u00e9rieur, silhouettes filiformes <strong>parmi les reliefs de gr\u00e8s<\/strong>. Les visiteurs se prom\u00e8nent entre sculptures et vestiges. Le dialogue est imm\u00e9diat, presque troublant.<\/p>\n<p>Une passion pour l\u2019\u00c9gypte ancienne<\/p>\n<p class=\"editor-content__paragraph\">Il faut dire que Giacometti n\u2019\u00e9tait pas \u00e9tranger \u00e0 l\u2019\u00c9gypte ancienne\u00a0: fascin\u00e9 d\u00e8s sa jeunesse par les statues qu\u2019il d\u00e9couvre en Italie, il <strong>fr\u00e9quente assid\u00fbment les salles \u00e9gyptiennes du Louvre<\/strong> une fois install\u00e9 \u00e0 Paris. Cette filiation nourrit sa <strong>recherche sur la figure humaine<\/strong> \u2014 sa frontalit\u00e9, sa retenue, son intensit\u00e9 spirituelle.<\/p>\n<p>    <img loading=\"lazy\" decoding=\"async\" class=\"image__img\" src=\"https:\/\/www.europesays.com\/fr\/wp-content\/uploads\/2026\/07\/webdp-44664-014-jpg-original-300dpi-964x858.jpg\" alt=\"Exposition \u00ab\u00a0Giacometti in The Temple of Dendur\u00a0\u00bb au Metropolitan Museum of art de New York\" width=\"964\" height=\"858\"\/><\/p>\n<p>Exposition \u00ab\u00a0Giacometti in The Temple of Dendur\u00a0\u00bb au Metropolitan Museum of art de New York<\/p>\n<p>    i<\/p>\n<p class=\"legende__cartel\">\u00a9 Courtesy du MET \/ photo\u00a0: Anna-Marie Kellen<\/p>\n<p class=\"editor-content__paragraph\">Coorganis\u00e9e <strong>avec la fondation Giacometti<\/strong> en un temps remarquablement court, l\u2019exposition est salu\u00e9e par Max Hollein, directeur g\u00e9n\u00e9ral du Met, qui s\u2019est f\u00e9licit\u00e9 d\u2019une \u00ab\u00a0formidable collaboration avec la fondation Giacometti, et la preuve que de la premi\u00e8re id\u00e9e \u00e0 une belle r\u00e9alisation, m\u00eame le Met peut aller vite\u00a0\u00bb.<\/p>\n<p>        \u00c0 lire aussi :<br \/>\n        <a class=\"renvoi-explicite__link\" href=\"https:\/\/www.beauxarts.com\/grand-format\/ce-que-vous-ne-saviez-peut-etre-pas-sur-alberto-giacometti\/\" rel=\"nofollow noopener\" target=\"_blank\">Ce que vous ne saviez (peut-\u00eatre) pas sur Alberto Giacometti<\/a><\/p>\n<p>  Arrow<\/p>\n<p>Giacometti in the Temple of Dendur<\/p>\n<p>Du 12 juin 2026 au 8 septembre 2026<\/p>\n<p class=\"url-expo\"><a href=\"https:\/\/www.metmuseum.org\/fr\/exhibitions\/giacometti-in-the-temple-of-dendur\" rel=\"nofollow noopener\" target=\"_blank\">www.metmuseum.org<\/a><\/p>\n<p class=\"annexe-content__infos\">The Metropolitan Museum of Art \u2022 1000 5th Avenue \u2022 10028 New York<br \/><a href=\"https:\/\/www.metmuseum.org\/\" rel=\"nofollow noopener\" target=\"_blank\">www.metmuseum.org<\/a><\/p>\n","protected":false},"excerpt":{"rendered":"Log\u00e9 \u00e0 l\u2019extr\u00e9mit\u00e9 nord du Metropolitan Museum de New York, le temple de Dendour occupe une salle singuli\u00e8re.&hellip;\n","protected":false},"author":2,"featured_media":1086151,"comment_status":"","ping_status":"","sticky":false,"template":"","format":"standard","meta":{"footnotes":"","_share_on_mastodon":"0"},"categories":[1358],"tags":[12870,1348,1384,1385,1386,58,59,1011,27,415,3899,86210],"class_list":["post-1086150","post","type-post","status-publish","format-standard","has-post-thumbnail","category-arts-et-design","tag-art-moderne","tag-arts","tag-arts-and-design","tag-arts-et-design","tag-design","tag-divertissement","tag-entertainment","tag-fr","tag-france","tag-new-york","tag-sculpture","tag-the-metropolitan-museum-of-art"],"share_on_mastodon":{"url":"https:\/\/pubeurope.com\/@fr\/116977578014886527","error":""},"_links":{"self":[{"href":"https:\/\/www.europesays.com\/fr\/wp-json\/wp\/v2\/posts\/1086150","targetHints":{"allow":["GET"]}}],"collection":[{"href":"https:\/\/www.europesays.com\/fr\/wp-json\/wp\/v2\/posts"}],"about":[{"href":"https:\/\/www.europesays.com\/fr\/wp-json\/wp\/v2\/types\/post"}],"author":[{"embeddable":true,"href":"https:\/\/www.europesays.com\/fr\/wp-json\/wp\/v2\/users\/2"}],"replies":[{"embeddable":true,"href":"https:\/\/www.europesays.com\/fr\/wp-json\/wp\/v2\/comments?post=1086150"}],"version-history":[{"count":0,"href":"https:\/\/www.europesays.com\/fr\/wp-json\/wp\/v2\/posts\/1086150\/revisions"}],"wp:featuredmedia":[{"embeddable":true,"href":"https:\/\/www.europesays.com\/fr\/wp-json\/wp\/v2\/media\/1086151"}],"wp:attachment":[{"href":"https:\/\/www.europesays.com\/fr\/wp-json\/wp\/v2\/media?parent=1086150"}],"wp:term":[{"taxonomy":"category","embeddable":true,"href":"https:\/\/www.europesays.com\/fr\/wp-json\/wp\/v2\/categories?post=1086150"},{"taxonomy":"post_tag","embeddable":true,"href":"https:\/\/www.europesays.com\/fr\/wp-json\/wp\/v2\/tags?post=1086150"}],"curies":[{"name":"wp","href":"https:\/\/api.w.org\/{rel}","templated":true}]}}