{"id":108624,"date":"2025-05-18T05:29:08","date_gmt":"2025-05-18T05:29:08","guid":{"rendered":"https:\/\/www.europesays.com\/fr\/108624\/"},"modified":"2025-05-18T05:29:08","modified_gmt":"2025-05-18T05:29:08","slug":"grenoble-avec-son-invention-de-genie-il-gagne-le-concours-lepine-cest-genial","status":"publish","type":"post","link":"https:\/\/www.europesays.com\/fr\/108624\/","title":{"rendered":"Grenoble. Avec son invention de g\u00e9nie, il gagne le concours L\u00e9pine : \u00ab\u00a0C&rsquo;est g\u00e9nial\u00a0\u00bb"},"content":{"rendered":"<p>            Par<br \/>\n        <strong><br \/>\n            <a href=\"https:\/\/actu.fr\/auteur\/lisa-rodrigues\" title=\"Consulter tous les articles de Lisa Rodrigues\" target=\"_blank\" rel=\"noopener\">Lisa Rodrigues<\/a><br \/>\n        <\/strong><\/p>\n<p>        Publi\u00e9 le<\/p>\n<p>            18 mai 2025 \u00e0 6h46        <\/p>\n<p>L\u2019annonce est tomb\u00e9e tard vendredi 9 mai. Le syst\u00e8me made in Grenoble <a href=\"https:\/\/www.dotdot.fr\/\" target=\"_blank\" rel=\"noopener\">#dotdot<\/a> a gagn\u00e9 la <strong>m\u00e9daille d\u2019or<\/strong> au c\u00e9l\u00e8bre concours L\u00e9pine 2025 (cat\u00e9gorie \u00ab\u00a0univers connect\u00e9\u00a0\u00bb), qui r\u00e9compense chaque ann\u00e9e les meilleures inventions \u00e0 Paris.<br \/>\u00ab\u00a0Le fait d\u2019avoir ce prix, c\u2019est aussi le message qui nous dit qu\u2019on est sur le bon cap. C\u2019est g\u00e9nial, se r\u00e9jouit l\u2019un des cofondateurs de DotDot, Christophe Bureau, \u00e0 la r\u00e9daction \u00e0 son retour \u00e0 <a href=\"https:\/\/actu.fr\/auvergne-rhone-alpes\/grenoble_38185\" target=\"_blank\" rel=\"noopener\">Grenoble<\/a>. Dix jours \u00e0 la foire de Paris, c\u2019est un marathon !\u00a0\u00bb<\/p>\n<p>\u00ab\u00a0Partage de connexion anonyme sous st\u00e9ro\u00efdes\u00a0\u00bb<\/p>\n<p class=\" wall-content\">Derri\u00e8re ce nom se cache une solution pour acc\u00e9der \u00e0 un r\u00e9seau internet sans besoin d\u2019abonnement mobile.<\/p>\n<p class=\" wall-content\">Une fois inscrit, on peut choisir de vendre son acc\u00e8s internet inutilis\u00e9 (1 euro par Giga) ou de le donner. Les Gigas sont ensuite partag\u00e9s \u00e0 travers un petit bo\u00eetier color\u00e9 intelligent qui cr\u00e9e \u00ab\u00a0un <strong>r\u00e9seau WiFi dans les 100 m autour de soi<\/strong>. C\u2019est un partage de connexion anonyme sous st\u00e9ro\u00efdes\u00a0\u00bb, r\u00e9sume Christophe Bureau.<\/p>\n<p>    <img   decoding=\"async\" loading=\"lazy\" src=\"https:\/\/www.europesays.com\/fr\/wp-content\/uploads\/2025\/05\/dotdot-concours-lepine-1-960x640.jpeg\" alt=\"L'invention made in Is\u00e8re #dotdot permet de cr\u00e9er un r\u00e9seau WiFi \u00e0 partir de ses Gigas inutilis\u00e9s.\" width=\"960\" height=\"640\"\/><br \/>\n    L\u2019invention made in Is\u00e8re #dotdot permet de cr\u00e9er un r\u00e9seau WiFi \u00e0 partir de ses Gigas inutilis\u00e9s. (\u00a9Document remis \u00e0 actu Grenoble \/ DotDot)<\/p>\n<p class=\" wall-content\">Chaque num\u00e9ro de t\u00e9l\u00e9phone est v\u00e9rifi\u00e9 pour s\u2019assurer de la s\u00e9curit\u00e9 du syst\u00e8me. L\u2019utilisateur se connecte \u00e0 un cloud, un espace num\u00e9rique, pour proposer un partage ou se connecter \u00e0 un r\u00e9seau disponible. De quoi assurer un \u00ab\u00a0r\u00e9seau plus s\u00e9curis\u00e9 qu\u2019un r\u00e9seau WiFi public\u00a0\u00bb classique.<\/p>\n<p>Utilis\u00e9 par des chauffeurs de bus<\/p>\n<p class=\" wall-content\">Depuis son lancement en janvier, <strong>40 000 t\u00e9l\u00e9chargements<\/strong> de l\u2019application ont \u00e9t\u00e9 comptabilis\u00e9s. \u00ab\u00a0C\u2019est encore petit\u00a0\u00bb, conc\u00e8de Christophe Bureau, qui vise \u00ab\u00a0entre 5 et 10 000 utilisateurs r\u00e9guliers\u00a0\u00bb d\u2019ici la fin de l\u2019ann\u00e9e.<\/p>\n<p class=\" wall-content\">Parmi les \u00ab\u00a0doteurs\u00a0\u00bb, les personnes offrant des Gigas, \u00ab\u00a0on a des chauffeurs de bus en p\u00e9riph\u00e9rie de Grenoble qui ont le bo\u00eetier pour leurs passagers, ou une personne qui travaille \u00e0 la gare Montparnasse\u00a0\u00bb \u00e0 <a href=\"https:\/\/actu.fr\/paris\/dernieres-actus\" target=\"_blank\" rel=\"noopener\">Paris<\/a>.<\/p>\n<p>Une version \u00ab\u00a0solidaire\u00a0\u00bb en projet<\/p>\n<p class=\" wall-content\">Avec le concours L\u00e9pine et son prix re\u00e7u au <a href=\"https:\/\/actu.fr\/ile-de-france\/paris_75056\/elles-font-briller-paris-et-l-ile-de-france-a-las-vegas-ces-start-up-presentes-au-ces-2025_62079928.html\" target=\"_blank\" rel=\"noopener\">CES de Las Vegas<\/a>, un salon sp\u00e9cialis\u00e9 dans les nouvelles technologies, le bo\u00eetier #dotdot est de plus en plus visible. Et Christophe Bureau pense d\u00e9j\u00e0 \u00e0 de futurs d\u00e9veloppements.\u00a0<\/p>\n<p class=\" wall-content\">Est notamment envisag\u00e9e une version \u00ab\u00a0solidaire\u00a0\u00bb de sa solution, pour donner un acc\u00e8s internet \u00e0 des sans-abris, des \u00e9tudiants ou des personnes <a href=\"https:\/\/actu.fr\/economie\/telephonie-mobile-des-forfaits-a-10-euros-en-moyenne-leurs-prix-n-ont-jamais-ete-aussi-bas-voici-pourquoi_61956395.html\" target=\"_blank\" rel=\"noopener\">sans abonnement internet<\/a> qui repr\u00e9sentent \u00ab\u00a0entre 20 et 25% de la population\u00a0\u00bb. \u00ab\u00a0On pense aussi \u00e0 un syst\u00e8me o\u00f9 on ne r\u00e9cup\u00e8re pas l\u2019int\u00e9gralit\u00e9 des euros, qui vont aller dans une cagnotte pour payer les Gigas de ceux qui en ont besoin.\u00a0\u00bb<\/p>\n<p class=\" wall-content\">Suivez toute l\u2019actualit\u00e9 de vos villes et m\u00e9dias favoris en vous inscrivant \u00e0 <a href=\"https:\/\/moncompte.actu.fr\" title=\"D\u00e9couvez Mon Actu\" rel=\"nofollow noopener\" data-trk=\"{&quot;cta&quot;:{&quot;action&quot;:&quot;https:\\\/\\\/moncompte.actu.fr&quot;,&quot;category&quot;:&quot;mon compte&quot;,&quot;from&quot;:&quot;article footer&quot;,&quot;name&quot;:&quot;Mon actu&quot;,&quot;type&quot;:&quot;cta&quot;}}\" target=\"_blank\">Mon Actu<\/a>.<\/p>\n","protected":false},"excerpt":{"rendered":"Par Lisa Rodrigues Publi\u00e9 le 18 mai 2025 \u00e0 6h46 L\u2019annonce est tomb\u00e9e tard vendredi 9 mai. Le&hellip;\n","protected":false},"author":2,"featured_media":108625,"comment_status":"","ping_status":"","sticky":false,"template":"","format":"standard","meta":{"footnotes":""},"categories":[9566],"tags":[1111,11,2430,1777,674,1011,27,2731,5701,1305,12,25],"class_list":{"0":"post-108624","1":"post","2":"type-post","3":"status-publish","4":"format-standard","5":"has-post-thumbnail","7":"category-grenoble","8":"tag-actu","9":"tag-actualites","10":"tag-auvergne-rhone-alpes","11":"tag-eu","12":"tag-europe","13":"tag-fr","14":"tag-france","15":"tag-grenoble","16":"tag-innovation","17":"tag-lifestyle","18":"tag-news","19":"tag-republique-francaise"},"share_on_mastodon":{"url":"https:\/\/pubeurope.com\/@fr\/114527192040284195","error":""},"_links":{"self":[{"href":"https:\/\/www.europesays.com\/fr\/wp-json\/wp\/v2\/posts\/108624","targetHints":{"allow":["GET"]}}],"collection":[{"href":"https:\/\/www.europesays.com\/fr\/wp-json\/wp\/v2\/posts"}],"about":[{"href":"https:\/\/www.europesays.com\/fr\/wp-json\/wp\/v2\/types\/post"}],"author":[{"embeddable":true,"href":"https:\/\/www.europesays.com\/fr\/wp-json\/wp\/v2\/users\/2"}],"replies":[{"embeddable":true,"href":"https:\/\/www.europesays.com\/fr\/wp-json\/wp\/v2\/comments?post=108624"}],"version-history":[{"count":0,"href":"https:\/\/www.europesays.com\/fr\/wp-json\/wp\/v2\/posts\/108624\/revisions"}],"wp:featuredmedia":[{"embeddable":true,"href":"https:\/\/www.europesays.com\/fr\/wp-json\/wp\/v2\/media\/108625"}],"wp:attachment":[{"href":"https:\/\/www.europesays.com\/fr\/wp-json\/wp\/v2\/media?parent=108624"}],"wp:term":[{"taxonomy":"category","embeddable":true,"href":"https:\/\/www.europesays.com\/fr\/wp-json\/wp\/v2\/categories?post=108624"},{"taxonomy":"post_tag","embeddable":true,"href":"https:\/\/www.europesays.com\/fr\/wp-json\/wp\/v2\/tags?post=108624"}],"curies":[{"name":"wp","href":"https:\/\/api.w.org\/{rel}","templated":true}]}}