{"id":108628,"date":"2025-05-18T05:33:09","date_gmt":"2025-05-18T05:33:09","guid":{"rendered":"https:\/\/www.europesays.com\/fr\/108628\/"},"modified":"2025-05-18T05:33:09","modified_gmt":"2025-05-18T05:33:09","slug":"vous-navez-pas-didees-de-cadeaux-voici-notre-selection","status":"publish","type":"post","link":"https:\/\/www.europesays.com\/fr\/108628\/","title":{"rendered":"vous n&rsquo;avez pas d&rsquo;id\u00e9es de cadeaux ? Voici notre s\u00e9lection"},"content":{"rendered":"<p>            Par<br \/>\n        <strong><br \/>\n            <a href=\"https:\/\/actu.fr\/auteur\/lou-batteux\" title=\"Consulter tous les articles de Lou Batteux\" target=\"_blank\" rel=\"noopener\">Lou Batteux<\/a><br \/>\n        <\/strong><\/p>\n<p>        Publi\u00e9 le<\/p>\n<p>            18 mai 2025 \u00e0 6h32        <\/p>\n<p>Pour \u00e9viter que vous ne vous y preniez (encore) \u00e0 la derni\u00e8re minute, <a href=\"https:\/\/actu.fr\/rennes\/\" target=\"_blank\" rel=\"noopener\">actu Rennes<\/a> a pris de l\u2019avance. \u00c0 l\u2019occasion de la <strong>f\u00eate des M\u00e8res<\/strong> dimanche 25 mai 2025, nous avons trouv\u00e9 plusieurs id\u00e9es de <strong>cadeaux<\/strong> \u00e0 offrir \u00e0 vos <strong>mamans rennaises<\/strong>.<\/p>\n<p>Une box g\u00e9n\u00e9reuse livr\u00e9e directement chez elle<\/p>\n<p class=\" wall-content\">Pourquoi se limiter \u00e0 un seul cadeau quand on peut offrir toute une <strong>bo\u00eete garnie<\/strong> ? Pour la f\u00eate des M\u00e8res, <a href=\"https:\/\/allopetitdejrennes.fr\/\" target=\"_blank\" rel=\"noopener\">Allo petit dej Rennes<\/a>, traiteur en entreprise et en \u00e9v\u00e9nements priv\u00e9s, propose une box comportant un <strong>bouquet de fleurs<\/strong>, <strong>quatre cookies <\/strong>c\u0153urs choco et une <strong>carte personnalis\u00e9e<\/strong> pour dire \u00e0 votre maman combien vous l\u2019aimez.\u00a0<\/p>\n<p>    <a href=\"https:\/\/www.facebook.com\/plugins\/post.php?href=https%3A%2F%2Fwww.facebook.com%2Fallopetitdejrennes.fr%2Fposts%2Fpfbid02BV6YN3WwJ7Mqd4Kppe6SJHLsYBcfrnxQEk6DpHPdU9sQDAB3mHVVtCbqVq2orQYLl&amp;show_text=true&amp;width=350\" title=\"Ouvrie le lien\" target=\"_blank\" rel=\"noopener\">Cliquez ici pour visualiser le contenu<\/a><\/p>\n<p class=\" wall-content\">Le tout est <strong>livr\u00e9<\/strong> directement chez elle, entre <strong>9h et 12h<\/strong> (un horaire plus affin\u00e9 sera donn\u00e9 un peu plus tard). Les communes concern\u00e9es par cette offre sont celles de <strong>Rennes<\/strong>, <strong>Thorign\u00e9-Fouillard<\/strong>, <strong>Betton<\/strong>, <strong>Saint-Sulpice-des-Landes<\/strong>, <strong>Saint-Aubin-d\u2019Aubign\u00e9<\/strong>, <strong>Feins<\/strong>, <strong>Ding\u00e9<\/strong>, <strong>Combourg<\/strong> et <strong>Meillac<\/strong>.<\/p>\n<p>Prix : 25 euros tout inclus, y compris la livraison. R\u00e9servation obligatoire avant le 20 mai au 06 81 05 13 98. Places limit\u00e9es, Allo petit dej Rennes vous invite donc \u00e0 anticiper au maximum pour \u00eatre livr\u00e9 le jour J.\u00a0<\/p>\n<p>Vid\u00e9os : en ce moment sur ActuDes v\u00eatements assortis faits main\u00a0<\/p>\n<p class=\" wall-content\">Pour la f\u00eate des M\u00e8res, <a href=\"https:\/\/www.facebook.com\/annesophie.plouzeau.7\" target=\"_blank\" rel=\"noopener\">Anne-Sophie Rubin<\/a> vous propose de <strong>\u00ab\u00a0c\u00e9l\u00e9brer votre lien unique\u00a0\u00bb<\/strong> avec votre maman gr\u00e2ce \u00e0 des <strong>pi\u00e8ces assorties<\/strong>, cousues main.<\/p>\n<p class=\" wall-content\">La\u00a0<strong>couturi\u00e8re<\/strong>\u00a0nous fait d\u00e9couvrir ses\u00a0<strong>cinq id\u00e9es<\/strong>\u00a0de cadeaux : des vestes matelass\u00e9es \u00ab\u00a0matchy-matchy\u00a0\u00bb, des foulards assortis, un foulard et le chouchou assorti, un bloomer et un foulard assorti ou encore des gilets de berger \u00ab\u00a0matchy-matchy\u00a0\u00bb.<\/p>\n<p>    <a href=\"https:\/\/www.facebook.com\/plugins\/post.php?href=https%3A%2F%2Fwww.facebook.com%2Fannesophie.plouzeau.7%2Fposts%2Fpfbid0VSrQQWqGSm9AiRhC7LcwiidVYchhy8pJj4PYDGMmNofsLeq31yayerR86D3HP3A6l&amp;show_text=true&amp;width=350\" title=\"Ouvrie le lien\" target=\"_blank\" rel=\"noopener\">Cliquez ici pour visualiser le contenu<\/a><\/p>\n<p class=\" wall-content\">Bon \u00e0 savoir : cette rennaise <b>confectionne <\/b>elle-m\u00eame tous ces v\u00eatements\u00a0avec des <strong>tissus responsables et certifi\u00e9s.<\/strong><\/p>\n<p>Pi\u00e8ces \u00e0 retrouver sur son site <a href=\"https:\/\/topette-creation.com\/\" target=\"_blank\" rel=\"noopener\">Topette cr\u00e9ation<\/a>.Un shooting photo avec votre maman<\/p>\n<p class=\" wall-content\">Cette ann\u00e9e, pour celles et ceux qui veulent immortaliser un <strong>moment<\/strong> unique avec leur maman, <a href=\"https:\/\/www.m-b-photographies.fr\/?fbclid=IwY2xjawKP3J5leHRuA2FlbQIxMABicmlkETFnQVk0MmtPazYzTmtTbEFKAR5R1SPN77xEdlwLoPy0XnILNLlk9evXADeJRbA3imhQcubs8QFw39pTnZukbw_aem_1ofbd77WJSlY4Tkhe9zuLw\" target=\"_blank\" rel=\"noopener\">Magali <\/a>d\u00e9clare ouvert son <strong>s<\/strong><strong>hooting photo<\/strong> sp\u00e9cial f\u00eate des M\u00e8res (mais aussi f\u00eate des P\u00e8res).\u00a0<\/p>\n<p class=\" wall-content\"><strong>Deux choix<\/strong> s\u2019offrent \u00e0 vous : un shooting en ext\u00e9rieur sur <strong>Eanc\u00e9<\/strong>, avec un d\u00e9cor champ\u00eatre pour <strong>40 euros<\/strong>, ou bien un shooting en <strong>bord de mer<\/strong> au prix de <strong>70 euros<\/strong>. Chaque s\u00e9ance dure <strong>30 minutes<\/strong>.<\/p>\n<p>    <a href=\"https:\/\/www.facebook.com\/plugins\/post.php?href=https%3A%2F%2Fwww.facebook.com%2Fpermalink.php%3Fstory_fbid%3Dpfbid0TuJM56JyLqWQ8UXGGDFYiJD4aScDFR9oSjhamcsoS8wCauaKG6MxQVe5SY6zAFDal%26id%3D61550688718102&amp;show_text=true&amp;width=350\" title=\"Ouvrie le lien\" target=\"_blank\" rel=\"noopener\">Cliquez ici pour visualiser le contenu<\/a><\/p>\n<p>Pour l\u2019achat d\u2019un shooting f\u00eate des M\u00e8res + f\u00eate des P\u00e8res, des photos de famille sont possibles, avec une r\u00e9duction de 10 euros sur le prix final. Places limit\u00e9es, r\u00e9servations possibles en message priv\u00e9 sur son <a href=\"https:\/\/www.facebook.com\/profile.php?id=61550688718102\" target=\"_blank\" rel=\"noopener\">Facebook<\/a> ou au 06 45 39 01 82.Un instant de bien-\u00eatre et de d\u00e9tente\u00a0<\/p>\n<p class=\" wall-content\">\u00c0 l\u2019occasion de la f\u00eate des M\u00e8res, <a href=\"https:\/\/www.facebook.com\/FannyPeloisSophrologie35\" target=\"_blank\" rel=\"noopener\">Fanny Pelois<\/a>, <strong>sophrologue<\/strong>, propose une remise de <strong>5 euros<\/strong> sur un\u00a0<strong>ch\u00e8que-cadeau<\/strong> pour un <strong>massage au choix<\/strong>.\u00a0 La remise est valable jusqu\u2019au <strong>24 mai 2025 <\/strong>et le bon cadeau six mois.<\/p>\n<p>    <a href=\"https:\/\/www.facebook.com\/plugins\/post.php?href=https%3A%2F%2Fwww.facebook.com%2FFannyPeloisSophrologie35%2Fposts%2Fpfbid0Mb7qxnKkMuJEDuNmyob4x9TnjdB5G4gFWmEatCXpGtnhWDeyzwB4G5N9LJfVYCYSl&amp;show_text=true&amp;width=350\" title=\"Ouvrie le lien\" target=\"_blank\" rel=\"noopener\">Cliquez ici pour visualiser le contenu<\/a><\/p>\n<p>Pour plus d\u2019informations, contactez le 06 25 95 07 38 ou l\u2019adresse mail <a href=\"https:\/\/actu.fr\/cdn-cgi\/l\/email-protection\" class=\"__cf_email__\" data-cfemail=\"bdded2d3c9dcdec9fddbdcd3d3c4cdd8d1d2d4ce93dbcf\" target=\"_blank\" rel=\"noopener\">[email\u00a0protected]<\/a>. Sinon, rendez-vous sur son <a href=\"https:\/\/fannypelois.fr\/?fbclid=IwY2xjawKQMlhleHRuA2FlbQIxMABicmlkETFnQVk0MmtPazYzTmtTbEFKAR7pTi34svu6rlMo0YQJ94voKz_iJ0yjGekWEgbKz6a8CbPDDcOO3h1Atu6W-Q_aem_4wkrD-2HwJT3Ss_vxq9pJw\" target=\"_blank\" rel=\"noopener\">site<\/a>.Un brunch en t\u00eate-\u00e0-t\u00eate ou en famille<\/p>\n<p class=\" wall-content\">Ma.Ho (Manon Horvais), cheffe \u00e0 domicile et traiteur ind\u00e9pendante \u00e0 Rennes, organise un <strong>brunch de la f\u00eate des M\u00e8res<\/strong> le dimanche 25 mai 2025, en collaboration avec\u00a0<strong>La Cabane<\/strong>, la conciergerie du quartier <strong>ViaSilva<\/strong>.<\/p>\n<p class=\" wall-content\">Rendez-vous en famille ou seul(e) avec votre maman \u00e0 partir de <strong>11h<\/strong> dans le jardin de La Cabane, au <strong>12, route des parcs Quercie<\/strong>, \u00e0<strong> Cesson-S\u00e9vign\u00e9<\/strong>, pour profiter du lieu et surtout de la cuisine.<\/p>\n<p>    <a href=\"https:\/\/www.facebook.com\/plugins\/post.php?href=https%3A%2F%2Fwww.facebook.com%2Fphoto.php%3Ffbid%3D122128984562766478%26set%3Dgm.1111104454394386%26type%3D3&amp;show_text=true&amp;width=350\" title=\"Ouvrie le lien\" target=\"_blank\" rel=\"noopener\">Cliquez ici pour visualiser le contenu<\/a><\/p>\n<p class=\" wall-content\">Le brunch est \u00e0 <strong>22 euros<\/strong> pour les adultes, <strong>10 euros<\/strong> pour les enfants et <strong>20 euros<\/strong> pour les adh\u00e9rents de La Cabane.<\/p>\n<p>R\u00e9servation et paiement en ligne avant le 22 mai sur ce <a href=\"https:\/\/www.maho-traiteur.fr\/brunch\" target=\"_blank\" rel=\"noopener\">site<\/a>. Pour les adh\u00e9rents de La Cabane, la r\u00e9servation se fait directement sur place, avant le 22 mai \u00e9galement.Des chocolats pour les gourmandes<\/p>\n<p class=\" wall-content\">Les chocolats ne sont pas uniquement r\u00e9serv\u00e9s \u00e0 la Saint-Valentin ou \u00e0 P\u00e2ques. Parce que tout le monde les aime, ils sont aussi une bonne id\u00e9e de cadeaux pour les mamans.<\/p>\n<p class=\" wall-content\">Les<strong> p\u00e2tisseries-chocolaterie<\/strong> rennaises de <a href=\"https:\/\/actu.fr\/bretagne\/rennes_35238\/on-m-a-dit-que-je-n-aurai-pas-mon-diplome-a-rennes-la-revanche-du-patissier-laurent-le-daniel_62002898.html\" target=\"_blank\" rel=\"noopener\"><strong>Laurent Le Daniel<\/strong> (meilleur ouvrier de France)<\/a>, proposent diff\u00e9rentes offres pour la f\u00eate des M\u00e8res.<\/p>\n<p class=\" wall-content\">Entre les coffrets garnis, les c\u0153urs en guimauve et les fleurs en chocolat, vous disposez d\u2019un large choix de <strong>cadeaux gourmands<\/strong> pour la f\u00eate des M\u00e8res, que vous pouvez retrouver sur son <a href=\"https:\/\/www.patisserieledaniel.fr\/fr\/boutique\/fete-des-meres\" target=\"_blank\" rel=\"noopener\">site<\/a>.<\/p>\n<p>Prix : \u00e0 partir de 10 euros (TTC). Pour toute commande pass\u00e9e, livraison sous 72h ou retrait sous 48h minimum en boutique en fonction du type de produit. Disponibles \u00e0 la boutique des Halles (19, rue Jules Simon), \u00e0 la boutique des Lices (13, rue de la Monnaie) ou \u00e0 la boutique du kiosque Alma (5, rue du Bosphore).<\/p>\n<p class=\" wall-content\">Suivez toute l\u2019actualit\u00e9 de vos villes et m\u00e9dias favoris en vous inscrivant \u00e0 <a href=\"https:\/\/moncompte.actu.fr\" title=\"D\u00e9couvez Mon Actu\" rel=\"nofollow noopener\" data-trk=\"{&quot;cta&quot;:{&quot;action&quot;:&quot;https:\\\/\\\/moncompte.actu.fr&quot;,&quot;category&quot;:&quot;mon compte&quot;,&quot;from&quot;:&quot;article footer&quot;,&quot;name&quot;:&quot;Mon actu&quot;,&quot;type&quot;:&quot;cta&quot;}}\" target=\"_blank\">Mon Actu<\/a>.<\/p>\n","protected":false},"excerpt":{"rendered":"Par Lou Batteux Publi\u00e9 le 18 mai 2025 \u00e0 6h32 Pour \u00e9viter que vous ne vous y preniez&hellip;\n","protected":false},"author":2,"featured_media":108629,"comment_status":"","ping_status":"","sticky":false,"template":"","format":"standard","meta":{"footnotes":""},"categories":[2821],"tags":[1111,11,829,1777,674,18808,1011,27,12,584,25,104],"class_list":{"0":"post-108628","1":"post","2":"type-post","3":"status-publish","4":"format-standard","5":"has-post-thumbnail","7":"category-rennes","8":"tag-actu","9":"tag-actualites","10":"tag-bretagne","11":"tag-eu","12":"tag-europe","13":"tag-fete-des-meres","14":"tag-fr","15":"tag-france","16":"tag-news","17":"tag-rennes","18":"tag-republique-francaise","19":"tag-societe"},"share_on_mastodon":{"url":"https:\/\/pubeurope.com\/@fr\/114527207720981778","error":""},"_links":{"self":[{"href":"https:\/\/www.europesays.com\/fr\/wp-json\/wp\/v2\/posts\/108628","targetHints":{"allow":["GET"]}}],"collection":[{"href":"https:\/\/www.europesays.com\/fr\/wp-json\/wp\/v2\/posts"}],"about":[{"href":"https:\/\/www.europesays.com\/fr\/wp-json\/wp\/v2\/types\/post"}],"author":[{"embeddable":true,"href":"https:\/\/www.europesays.com\/fr\/wp-json\/wp\/v2\/users\/2"}],"replies":[{"embeddable":true,"href":"https:\/\/www.europesays.com\/fr\/wp-json\/wp\/v2\/comments?post=108628"}],"version-history":[{"count":0,"href":"https:\/\/www.europesays.com\/fr\/wp-json\/wp\/v2\/posts\/108628\/revisions"}],"wp:featuredmedia":[{"embeddable":true,"href":"https:\/\/www.europesays.com\/fr\/wp-json\/wp\/v2\/media\/108629"}],"wp:attachment":[{"href":"https:\/\/www.europesays.com\/fr\/wp-json\/wp\/v2\/media?parent=108628"}],"wp:term":[{"taxonomy":"category","embeddable":true,"href":"https:\/\/www.europesays.com\/fr\/wp-json\/wp\/v2\/categories?post=108628"},{"taxonomy":"post_tag","embeddable":true,"href":"https:\/\/www.europesays.com\/fr\/wp-json\/wp\/v2\/tags?post=108628"}],"curies":[{"name":"wp","href":"https:\/\/api.w.org\/{rel}","templated":true}]}}