{"id":108632,"date":"2025-05-18T05:35:10","date_gmt":"2025-05-18T05:35:10","guid":{"rendered":"https:\/\/www.europesays.com\/fr\/108632\/"},"modified":"2025-05-18T05:35:10","modified_gmt":"2025-05-18T05:35:10","slug":"en-alsace-ils-devalisaient-les-caisses-des-magasins-avec-une-methode-originale","status":"publish","type":"post","link":"https:\/\/www.europesays.com\/fr\/108632\/","title":{"rendered":"en Alsace, ils d\u00e9valisaient les caisses des magasins avec une m\u00e9thode originale"},"content":{"rendered":"<p>            Par<br \/>\n        <strong><br \/>\n            <a href=\"https:\/\/actu.fr\/auteur\/redaction-strasbourg\" title=\"Consulter tous les articles de R\u00e9daction Strasbourg\" rel=\"nofollow noopener\" target=\"_blank\">R\u00e9daction Strasbourg<\/a><br \/>\n        <\/strong><\/p>\n<p>        Publi\u00e9 le<\/p>\n<p>            18 mai 2025 \u00e0 7h02        <\/p>\n<p>Le tribunal de Strasbourg a <strong>condamn\u00e9 deux hommes \u00e0 trois et cinq ans de prison ferme<\/strong> pour une <strong>s\u00e9rie de vols et de tentatives de vol<\/strong> dans plus d\u2019une dizaine de <strong>supermarch\u00e9s et magasins de bricolage<\/strong> entre mars et mai 2022.<\/p>\n<p class=\" wall-content\">Schirmeck (Bas-Rhin), Bouxwiller (Bas-Rhin), Wissembourg (Bas-Rhin), Hochfelden (Bas-Rhin) ou encore Bitche (Moselle)\u2026\u00a0les deux hommes d\u2019une trentaine d\u2019ann\u00e9es, \u00ab organis\u00e9s et professionnels \u00bb selon les mots du procureur Alban Gesbert, ont, sur une p\u00e9riode de deux mois, \u00e9cum\u00e9 les grandes surfaces de la r\u00e9gion \u00e0 la recherche d\u2019<a href=\"https:\/\/actu.fr\/tag\/argent\" rel=\"nofollow noopener\" target=\"_blank\">argent<\/a> liquide.<\/p>\n<p class=\" wall-content\"><strong>Plus de 36 000 euros<\/strong> ont en tout \u00e9t\u00e9 d\u00e9rob\u00e9s \u00e0 l\u2019occasion de 11 <a href=\"https:\/\/actu.fr\/tag\/cambriolage\" rel=\"nofollow noopener\" target=\"_blank\">cambriolages<\/a>.<\/p>\n<p>Une m\u00e9thode assez originale pour acc\u00e9der aux coffres fort<\/p>\n<p class=\" wall-content\">La s\u00e9rie de m\u00e9faits a rapidement \u00e9t\u00e9 imput\u00e9e aux deux trentenaires dont l\u2019un a \u00e9t\u00e9 <strong>interpell\u00e9 en flagrant d\u00e9lit<\/strong> fin mai 2022 non loin de la fronti\u00e8re allemande. Et pour cause : les cambrioleurs usaient d\u2019une <strong>m\u00e9thode assez originale pour acc\u00e9der aux coffres fort<\/strong> des <a href=\"https:\/\/actu.fr\/tag\/commerce\" rel=\"nofollow noopener\" target=\"_blank\">commerces<\/a>.<\/p>\n<p class=\" wall-content\">A la <strong>disqueuse<\/strong> ou \u00e0 la <strong>meuleuse<\/strong>, ils d<strong>\u00e9coupaient une partie du toit ou d\u2019un mur<\/strong> avant de <strong>se faufiler jusqu\u2019au syst\u00e8me d\u2019alarme sur une planche \u00e0 roulette<\/strong> pour \u00e9viter de le d\u00e9clencher. Ce dernier \u00e9tait ensuite <strong>d\u00e9truit \u00e0 coups de hache<\/strong>.<\/p>\n<p>Vid\u00e9os : en ce moment sur Actu<\/p>\n<p class=\" wall-content\">Un des supermarch\u00e9s a d\u00e9clar\u00e9 un <strong>pr\u00e9judice de 110 000 euros<\/strong> pour les seules d\u00e9gradations engendr\u00e9es.<\/p>\n<p>Un routard des cambriolages<\/p>\n<p class=\" wall-content\">\u00ab\u00a0Je pense que vous vivez du cambriolage, c\u2019est votre profession comme en atteste votre casier judiciaire\u00a0\u00bb, a analys\u00e9 le pr\u00e9sident Christophe Deshayes face \u00e0 l\u2019un des pr\u00e9venus.<\/p>\n<p class=\" wall-content\">L\u2019homme de 37 ans a en effet <strong>d\u00e9j\u00e0 \u00e9t\u00e9 condamn\u00e9 pour des cambriolages effectu\u00e9s avec un mode op\u00e9ratoire similaire<\/strong> en Autriche, en Allemagne, en Italie ainsi qu\u2019au Danemark.<\/p>\n<p class=\" wall-content\">Retourn\u00e9 en Roumanie, pays d\u2019origine des deux hommes, le second, plac\u00e9 sous contr\u00f4le judiciaire n\u2019a pas fait le d\u00e9placement.<\/p>\n<p class=\" wall-content\"><strong>Olivia Kouassi<\/strong><\/p>\n<p class=\" wall-content\">Suivez toute l\u2019actualit\u00e9 de vos villes et m\u00e9dias favoris en vous inscrivant \u00e0 <a href=\"https:\/\/moncompte.actu.fr\" title=\"D\u00e9couvez Mon Actu\" rel=\"nofollow noopener\" data-trk=\"{&quot;cta&quot;:{&quot;action&quot;:&quot;https:\\\/\\\/moncompte.actu.fr&quot;,&quot;category&quot;:&quot;mon compte&quot;,&quot;from&quot;:&quot;article footer&quot;,&quot;name&quot;:&quot;Mon actu&quot;,&quot;type&quot;:&quot;cta&quot;}}\" target=\"_blank\">Mon Actu<\/a>.<\/p>\n","protected":false},"excerpt":{"rendered":"Par R\u00e9daction Strasbourg Publi\u00e9 le 18 mai 2025 \u00e0 7h02 Le tribunal de Strasbourg a condamn\u00e9 deux hommes&hellip;\n","protected":false},"author":2,"featured_media":108633,"comment_status":"","ping_status":"","sticky":false,"template":"","format":"standard","meta":{"footnotes":""},"categories":[2820],"tags":[1111,11,1261,1174,1777,674,118,1011,27,775,12,25,640],"class_list":{"0":"post-108632","1":"post","2":"type-post","3":"status-publish","4":"format-standard","5":"has-post-thumbnail","7":"category-strasbourg","8":"tag-actu","9":"tag-actualites","10":"tag-argent","11":"tag-cambriolage","12":"tag-eu","13":"tag-europe","14":"tag-faits-divers","15":"tag-fr","16":"tag-france","17":"tag-grand-est","18":"tag-news","19":"tag-republique-francaise","20":"tag-strasbourg"},"share_on_mastodon":{"url":"https:\/\/pubeurope.com\/@fr\/114527215518129388","error":""},"_links":{"self":[{"href":"https:\/\/www.europesays.com\/fr\/wp-json\/wp\/v2\/posts\/108632","targetHints":{"allow":["GET"]}}],"collection":[{"href":"https:\/\/www.europesays.com\/fr\/wp-json\/wp\/v2\/posts"}],"about":[{"href":"https:\/\/www.europesays.com\/fr\/wp-json\/wp\/v2\/types\/post"}],"author":[{"embeddable":true,"href":"https:\/\/www.europesays.com\/fr\/wp-json\/wp\/v2\/users\/2"}],"replies":[{"embeddable":true,"href":"https:\/\/www.europesays.com\/fr\/wp-json\/wp\/v2\/comments?post=108632"}],"version-history":[{"count":0,"href":"https:\/\/www.europesays.com\/fr\/wp-json\/wp\/v2\/posts\/108632\/revisions"}],"wp:featuredmedia":[{"embeddable":true,"href":"https:\/\/www.europesays.com\/fr\/wp-json\/wp\/v2\/media\/108633"}],"wp:attachment":[{"href":"https:\/\/www.europesays.com\/fr\/wp-json\/wp\/v2\/media?parent=108632"}],"wp:term":[{"taxonomy":"category","embeddable":true,"href":"https:\/\/www.europesays.com\/fr\/wp-json\/wp\/v2\/categories?post=108632"},{"taxonomy":"post_tag","embeddable":true,"href":"https:\/\/www.europesays.com\/fr\/wp-json\/wp\/v2\/tags?post=108632"}],"curies":[{"name":"wp","href":"https:\/\/api.w.org\/{rel}","templated":true}]}}