{"id":108636,"date":"2025-05-18T05:37:11","date_gmt":"2025-05-18T05:37:11","guid":{"rendered":"https:\/\/www.europesays.com\/fr\/108636\/"},"modified":"2025-05-18T05:37:11","modified_gmt":"2025-05-18T05:37:11","slug":"abdoulaye-toure-en-sauveur-le-carton-de-nice-lessentiel-de-la-34e-journee-en-un-clic","status":"publish","type":"post","link":"https:\/\/www.europesays.com\/fr\/108636\/","title":{"rendered":"Abdoulaye Tour\u00e9 en sauveur, le carton de Nice&#8230; l&rsquo;essentiel de la 34e journ\u00e9e en un clic"},"content":{"rendered":"<p>  Le joueur : <a href=\"https:\/\/www.ledauphine.com\/p\/mason-greenwood\" target=\"_blank\" rel=\"nofollow noopener\">Mason Greenwood<\/a>, une saison r\u00e9ussie<\/p>\n<p>Auteur de deux buts et une passe d\u00e9cisive contre Rennes, l\u2019attaquant marseillais Mason Greenwood a port\u00e9 son total de r\u00e9alisations \u00e0 21 en championnat. Cela fait de lui le co-meilleur buteur, \u00e0 \u00e9galit\u00e9 avec le Parisien <a href=\"https:\/\/www.ledauphine.com\/p\/ousmane-dembele\" target=\"_blank\" rel=\"nofollow noopener\">Ousmane Demb\u00e9l\u00e9<\/a>. Mais le titre va tout de m\u00eame \u00e0 l\u2019attaquant fran\u00e7ais gr\u00e2ce \u00e0 la r\u00e8gle du penalty (seulement 1 but sur penalty pour Demb\u00e9l\u00e9, 7 pour Greenwood).<\/p>\n<p><strong>&gt;&gt; LIRE AUSSI\u00a0: <a href=\"https:\/\/www.ledauphine.com\/sport\/2025\/05\/17\/ligue-1-nice-dans-les-etoiles-reims-barragiste-saint-etienne-relegue\" target=\"_blank\" rel=\"nofollow noopener\">Ligue 1 : Marseille termine dauphin du PSG, Le Havre se sauve \u00e0 la derni\u00e8re seconde\u00a0<\/a><\/strong><\/p>\n<p>La phrase : \u00ab\u00a0C&rsquo;est la meilleure fa\u00e7on de pr\u00e9parer les deux finales qui arrivent\u00a0\u00bb (Vitinha)<\/p>\n<p>\u00ab C&rsquo;est la meilleure fa\u00e7on de pr\u00e9parer les deux finales qui arrivent \u00bb, a d\u00e9clar\u00e9 Vitinha apr\u00e8s la victoire du Paris SG (3-1) contre Auxerre en cl\u00f4ture de la Ligue 1, que le club a remport\u00e9e. Le PSG joue la finale de Coupe de France contre Reims le 24 mai et de Ligue des champions contre l&rsquo;Inter Milan le 31 mai.<\/p>\n<p>  La contre-performance : Saint-\u00c9tienne, une saison et puis s&rsquo;en va<\/p>\n<p>Saint-Etienne est rel\u00e9gu\u00e9 en Ligue 2, un an apr\u00e8s son retour dans l&rsquo;\u00e9lite, apr\u00e8s sa d\u00e9faite 3 \u00e0 2 face \u00e0 Toulouse combin\u00e9e au succ\u00e8s du Havre \u00e0 Strasbourg, lors de la 34e et derni\u00e8re journ\u00e9e de Ligue 1. Men\u00e9s 2 \u00e0 0 apr\u00e8s 15 minutes de jeu, les Verts ne sont pas parvenus \u00e0 renverser Toulouse, malgr\u00e9 les r\u00e9ductions du score de Tardieu (38e) et Batubinsika (63e), mais auraient, m\u00eame en cas de succ\u00e8s, termin\u00e9 \u00e0 la 17e place apr\u00e8s la victoire du Havre dans les derniers instants \u00e0 Strasbourg.<\/p>\n<p>  Le chiffre : 8<\/p>\n<p>Abdoulaye Tour\u00e9 a inscrit ses 7e et 8e but de la saison sur penalty face \u00e0 Strasbourg. Le Havrais est parmi les meilleurs joueurs en Europe dans l&rsquo;exercice.\u00a0<\/p>\n<p>Ce contenu est bloqu\u00e9 car vous n&rsquo;avez pas accept\u00e9 les cookies et autres traceurs.<\/p>\n<p>En cliquant sur \u00ab J\u2019accepte \u00bb, les cookies et autres traceurs seront d\u00e9pos\u00e9s et vous pourrez visualiser les contenus  (<a href=\"\" class=\"consentModule_policy\" target=\"_blank\" title=\"Consulter la politique de protection des donn\u00e9es du fournisseur\">plus d&rsquo;informations<\/a>).<\/p>\n<p>En cliquant sur \u00ab J\u2019accepte tous les cookies \u00bb, vous autorisez des d\u00e9p\u00f4ts de cookies et autres traceurs pour le stockage de vos donn\u00e9es sur nos sites et applications \u00e0 des fins de personnalisation et de ciblage publicitaire.<\/p>\n<p class=\"consentModule_secondaryText\">Vous gardez la possibilit\u00e9 de retirer votre consentement \u00e0 tout moment en consultant notre <a href=\"https:\/\/www.ledauphine.com\/protection-des-donnees\" target=\"_blank\" title=\"Consulter notre politique de protection des donn\u00e9es\" rel=\"nofollow noopener\">politique de protection des donn\u00e9es<\/a>. <br \/>&#13;<br \/>\n            <a href=\"https:\/\/www.ledauphine.com\/sport\/2025\/05\/18\/javascript:Didomi.notice.show()\" class=\"consentModule_cmp\" rel=\"nofollow noopener\" target=\"_blank\">G\u00e9rer mes choix<\/a>&#13;\n        <\/p>\n<p>&#13;<br \/>\n                        J&rsquo;accepte&#13;<br \/>\n            J&rsquo;accepte tous les cookies&#13;\n        <\/p>\n<p>  L&rsquo;\u00e9quipe\u00a0: Lens\u00a0<\/p>\n<p>Les Lensois ont fait honneur \u00e0 leur public dans le dernier match de la saison samedi soir. Face \u00e0 des Mon\u00e9gasques impuissants de bout en bout dans cette rencontre, les hommes de Will Still ont r\u00e9alis\u00e9 une d\u00e9monstration offensive (4-0).<\/p>\n<p>Neil El Aynaoui, en grande forme lors de cette fin de saison, a d\u2019abord inscrit un doubl\u00e9 (21e, 56e). Puis Adrien Thomasson a enfonc\u00e9 le clou juste avant le dernier quart d\u2019heure (73e) avant que Anass\u00a0Zaroury ne conclue le festival lensois (78e). De leur c\u00f4t\u00e9, les Mon\u00e9gasques, d\u00e9j\u00e0 qualifi\u00e9s pour la Ligue des champions avant la rencontre, terminent troisi\u00e8mes de la Ligue 1.<\/p>\n<p class=\"componentDescription\">Alexandre Lacazette, auteur de ses 200e et 201e buts avec l&rsquo;OL, est sorti sous une haie d&rsquo;honneur pour son dernier match avec le club rhodanien.<\/p>\n<p>    &#13;<br \/>\n    &#13;<br \/>\n    &#13;<br \/>\n    <a href=\"https:\/\/cdn-s-www.ledauphine.com\/images\/1a54498b-ba68-4929-92a0-82d682d143b6\/NW_raw\/photo-afp-olivier-chassignole-1747519439.jpg\" title=\"Photo AFP\/Olivier Chassignole\" class=\"chocolat-image GA-tracking\" data-ga_type=\"click\" data-ga_category=\"D\u00e9tail\" data-ga_action=\"zoomer\" data-ga_label=\"aggrandir image\" rel=\"nofollow noopener\" target=\"_blank\">&#13;<br \/>\n        <img src=\"https:\/\/www.europesays.com\/fr\/wp-content\/uploads\/2025\/05\/photo-afp-olivier-chassignole-1747519439.jpg\"   alt=\"Photo AFP\/Olivier Chassignole\" fetchpriority=\"high\" decoding=\"async\" data-mobile=\"NW_listA_M|1747519439\" data-base=\"NW_listA|1747519439\"\/>&#13;<br \/>\n    <\/a>&#13;<\/p>\n<p>Photo AFP\/Olivier Chassignole<\/p>\n","protected":false},"excerpt":{"rendered":"Le joueur : Mason Greenwood, une saison r\u00e9ussie Auteur de deux buts et une passe d\u00e9cisive contre Rennes,&hellip;\n","protected":false},"author":2,"featured_media":108637,"comment_status":"","ping_status":"","sticky":false,"template":"","format":"standard","meta":{"footnotes":""},"categories":[2819],"tags":[1111,11,1777,674,107,63,1011,27,12,2401,882,25,517,1947],"class_list":{"0":"post-108636","1":"post","2":"type-post","3":"status-publish","4":"format-standard","5":"has-post-thumbnail","7":"category-nice","8":"tag-actu","9":"tag-actualites","10":"tag-eu","11":"tag-europe","12":"tag-fil-info","13":"tag-football","14":"tag-fr","15":"tag-france","16":"tag-news","17":"tag-nice","18":"tag-provence-alpes-cote-dazur","19":"tag-republique-francaise","20":"tag-sport","21":"tag-sport-national"},"share_on_mastodon":{"url":"https:\/\/pubeurope.com\/@fr\/114527223411564589","error":""},"_links":{"self":[{"href":"https:\/\/www.europesays.com\/fr\/wp-json\/wp\/v2\/posts\/108636","targetHints":{"allow":["GET"]}}],"collection":[{"href":"https:\/\/www.europesays.com\/fr\/wp-json\/wp\/v2\/posts"}],"about":[{"href":"https:\/\/www.europesays.com\/fr\/wp-json\/wp\/v2\/types\/post"}],"author":[{"embeddable":true,"href":"https:\/\/www.europesays.com\/fr\/wp-json\/wp\/v2\/users\/2"}],"replies":[{"embeddable":true,"href":"https:\/\/www.europesays.com\/fr\/wp-json\/wp\/v2\/comments?post=108636"}],"version-history":[{"count":0,"href":"https:\/\/www.europesays.com\/fr\/wp-json\/wp\/v2\/posts\/108636\/revisions"}],"wp:featuredmedia":[{"embeddable":true,"href":"https:\/\/www.europesays.com\/fr\/wp-json\/wp\/v2\/media\/108637"}],"wp:attachment":[{"href":"https:\/\/www.europesays.com\/fr\/wp-json\/wp\/v2\/media?parent=108636"}],"wp:term":[{"taxonomy":"category","embeddable":true,"href":"https:\/\/www.europesays.com\/fr\/wp-json\/wp\/v2\/categories?post=108636"},{"taxonomy":"post_tag","embeddable":true,"href":"https:\/\/www.europesays.com\/fr\/wp-json\/wp\/v2\/tags?post=108636"}],"curies":[{"name":"wp","href":"https:\/\/api.w.org\/{rel}","templated":true}]}}