{"id":108641,"date":"2025-05-18T05:41:10","date_gmt":"2025-05-18T05:41:10","guid":{"rendered":"https:\/\/www.europesays.com\/fr\/108641\/"},"modified":"2025-05-18T05:41:10","modified_gmt":"2025-05-18T05:41:10","slug":"entretien-jussie-bordeaux-a-le-cancer-et-tant-que-ces-gens-la-ne-partiront-pas-il-restera-dans-le-coma","status":"publish","type":"post","link":"https:\/\/www.europesays.com\/fr\/108641\/","title":{"rendered":"Entretien. Jussi\u00e9 : \u00ab\u00a0Bordeaux a le cancer, et tant que ces gens-l\u00e0 ne partiront pas, il restera dans le coma\u00a0\u00bb"},"content":{"rendered":"<p><img decoding=\"async\" src=\"https:\/\/www.europesays.com\/fr\/wp-content\/uploads\/2025\/05\/671_d487033be90ad6ecce0e3baf5a020bb6.jpg\" alt=\"Entretien. Jussi\u00e9 : &quot;Bordeaux a le cancer, et tant que ces gens-l\u00e0 ne partiront pas, il restera dans le coma&quot;\" class=\"img-responsive mt-3\"\/><\/p>\n<p class=\"text-center mb-3\" style=\"font-size: 14px\">\u00a9 Iconsport<\/p>\n<p style=\"text-align: justify;\"><strong>WebGirondins : Jussi\u00e9, m\u00eame si vous n\u2019\u00eates plus Girondin, vous \u00eates rest\u00e9 Bordelais, notamment dans le cadre de votre reconversion. Racontez-nous\u2026<\/strong><\/p>\n<p>Jussi\u00ea : Mon contrat avec les Girondins s\u2019est termin\u00e9 en 2016. Et puis, dans la foul\u00e9e, j&rsquo;ai arr\u00eat\u00e9 ma carri\u00e8re un an plus tard. J&rsquo;avais d\u00e9j\u00e0 une connexion avec le monde du vin \u00e0 l\u2019\u00e9poque. J&rsquo;avais d\u00e9j\u00e0 plus ou moins pr\u00e9par\u00e9 ma retraite. Dans la foul\u00e9e, j&rsquo;ai entam\u00e9 un projet dans le vin. Je suis toujours li\u00e9 avec la France, avec Bordeaux o\u00f9 j\u2019habite, m\u00eame si je fais des d\u00e9placements r\u00e9guliers au Br\u00e9sil et dans toutes les r\u00e9gions viticoles fran\u00e7aises.<\/p>\n<p style=\"text-align: justify;\"><strong>Comment on se retrouve dans le vin quand on a \u00e9t\u00e9 footballeur toute sa vie ? Tous les joueurs qui ont port\u00e9 le maillot de Bordeaux ne continuent pas dans le vin apr\u00e8s leur carri\u00e8re !<\/strong><\/p>\n<p>C\u2019est le fruit du hasard. Surtout qu\u2019au Br\u00e9sil, ce n\u2019est pas comme en France. Le vin, ce n\u2019est pas dans l\u2019alimentation normale, c\u2019est de l\u2019alcool \u00e0 part enti\u00e8re, alors qu\u2019ici, \u00e7a fait partie du repas. Chez nous au Br\u00e9sil, on n&rsquo;a pas encore cette coutume du vin. C\u2019est vraiment quand je suis arriv\u00e9 \u00e0 Bordeaux que j&rsquo;ai d\u00e9couvert tout \u00e7a. Le pr\u00e9sident de l&rsquo;\u00e9poque, c&rsquo;\u00e9tait Jean-Louis Triaud, qui avait une \u00e9norme connexion avec les ch\u00e2telains, les propri\u00e9taires de vins \u00e0 Bordeaux. On faisait r\u00e9guli\u00e8rement des \u00e9v\u00e9nements autour du vin, que ce soit au Haillan, avec des partenaires&#8230; C&rsquo;est vraiment \u00e0 Bordeaux que j&rsquo;ai tout de suite compris l&rsquo;importance qu\u2019a le vin dans la soci\u00e9t\u00e9 fran\u00e7aise et mondiale.<\/p>\n<p><strong>\u00ab\u00a0On est trois associ\u00e9s et 90 personnes dans la soci\u00e9t\u00e9\u00a0\u00bb<\/strong><\/p>\n<p style=\"text-align: justify;\"><strong>Il y a une marge entre se mettre \u00e0 appr\u00e9cier un produit, un milieu, et en faire son m\u00e9tier. Qu\u2019est-ce qui vous a d\u00e9cid\u00e9 \u00e0 vous lancer dans cette aventure ?<\/strong><\/p>\n<p>J&rsquo;ai \u00e9t\u00e9 piqu\u00e9, parce qu&rsquo;en fait, le vin, ce n&rsquo;est pas simplement une boisson, il y a une culture, une histoire et surtout des hommes et des femmes derri\u00e8re, avec eux aussi, chacun leur histoire. La plupart du temps, ce sont des histoires de famille. Une fois que j&rsquo;ai \u00e9t\u00e9 piqu\u00e9, j&rsquo;ai plong\u00e9 l\u00e0-dedans, et petit \u00e0 petit, c&rsquo;est devenu ma passion. Je n\u2019ai pas envisag\u00e9 d\u00e8s le d\u00e9part d\u2019en faire mon projet apr\u00e8s le foot.<\/p>\n<p style=\"text-align: justify;\">M\u00eame une fois que j&rsquo;ai commenc\u00e9 \u00e0 aimer le vin et \u00e0 me connecter avec les gens du milieu, \u00e0 avoir cette connexion, \u00e0 m\u2019\u00e9clater. Je me suis pos\u00e9 des questions quand j\u2019ai eu plus ou moins 30 ans. La r\u00e9ponse logique, c&rsquo;\u00e9tait de continuer dans le foot. Mais plus le temps passait, plus j&rsquo;avais envie d&rsquo;autre chose. Et le vin, c&rsquo;\u00e9tait la r\u00e9ponse \u00e0 cette question-l\u00e0. Sauf que je n&rsquo;avais pas cette r\u00e9ponse-l\u00e0. C\u2019est en discutant avec un ami amateur de vin au Br\u00e9sil pendant les vacances qu\u2019il m\u2019a sugg\u00e9r\u00e9 de faire un business avec le Br\u00e9sil, d\u2019importer du vin fran\u00e7ais l\u00e0-bas. Mais le Br\u00e9sil, c&rsquo;est tr\u00e8s compliqu\u00e9. Ce n\u2019est pas un march\u00e9 m\u00fbr pour le vin. Tu as beaucoup d&rsquo;imp\u00f4ts, de taxes, de bureaucratie, donc c&rsquo;est tr\u00e8s compliqu\u00e9.<\/p>\n<p style=\"text-align: justify;\">Il fallait d&rsquo;abord que je m&rsquo;entoure des bonnes personnes au Br\u00e9sil. Sur le moment, j\u2019ai dit non, mais la graine \u00e9tait d\u00e9j\u00e0 plant\u00e9e et petit \u00e0 petit, je me suis fait un r\u00e9seau dans le milieu du vin au Br\u00e9sil et \u00e7a a \u00e9t\u00e9 la suite logique apr\u00e8s ma carri\u00e8re. Notre soci\u00e9t\u00e9 est bas\u00e9e au Br\u00e9sil, on distribue dans tout le pays majoritairement des vins fran\u00e7ais. 90% du portefeuille, ce sont des vins fran\u00e7ais. On est trois associ\u00e9s et 90 personnes dans la soci\u00e9t\u00e9.<\/p>\n<p style=\"text-align: justify;\"><strong>90 personnes !<\/strong><\/p>\n<p>Oui parce qu&rsquo;en fait, on ma\u00eetrise le processus de A \u00e0 Z. Alors, il faut du monde pour la logistique, la partie commerciale, l&rsquo;administratif, le marketing\u2026 C&rsquo;est une \u00e9quipe assez importante. Mes associ\u00e9s sont l\u00e0-bas, et moi ici. Je g\u00e8re la partie prospection et logistique aussi pour envoyer les vins fran\u00e7ais au Br\u00e9sil. C\u2019est pour cela que je parcours plus ou moins toute la France viticole aujourd&rsquo;hui, pour trouver des bons vignerons qui puissent faire partie de notre s\u00e9lection.<\/p>\n<p style=\"text-align: justify;\"><strong>\u00c9videmment, \u00e0 consommer avec mod\u00e9ration !<br \/><\/strong><br \/>(Il rit.) Toujours, toujours.<\/p>\n<p style=\"text-align: justify;\"><strong>Tout \u00e7a, c\u2019est bien beau, mais \u00e0 un moment, il va falloir parler des choses qui f\u00e2chent. C\u2019est vrai que vous pr\u00e9f\u00e9rez le Bourgogne au Bordeaux, vous, l\u2019ancien Girondin ? Sacril\u00e8ge !<\/strong><\/p>\n<p>(Il \u00e9clate de rire.) Alors, il faut se dire que le palais, il change. J&rsquo;ai d\u00e9marr\u00e9 dans le vin par le Bordeaux, forc\u00e9ment, puisque je vis ici. \u00c7a a \u00e9t\u00e9 une belle base, j&rsquo;ai pu go\u00fbter des choses merveilleuses. Et puis, petit \u00e0 petit, une fois que tu es piqu\u00e9, \u00e7a t&rsquo;am\u00e8ne \u00e0 la curiosit\u00e9 d&rsquo;aller chercher d&rsquo;autres choses, d&rsquo;autres r\u00e9gions, d&rsquo;autres vignerons. Pourquoi ils travaillent comme \u00e7a ? Pourquoi c\u2019est aussi divers ? Pourquoi deux vins de m\u00eame c\u00e9page \u00e0 200 m\u00e8tres de distance sont diff\u00e9rents ? Toutes ces questions-l\u00e0. \u00c7a m&rsquo;a amen\u00e9 \u00e0 la curiosit\u00e9, et donc, oui, mon palais a chang\u00e9. J&rsquo;appr\u00e9cie toujours autant les grands Bordeaux, mais c&rsquo;est vrai qu&rsquo;aujourd&rsquo;hui, je suis plus vers la Bourgogne.<\/p>\n<p style=\"text-align: justify;\"><strong>Avec cette entreprise, vous avez un pied au Br\u00e9sil et un en France. Un r\u00e9sum\u00e9 de votre vie, en quelque sorte, non ?<\/strong><\/p>\n<p>La moiti\u00e9 de ma vie, je l&rsquo;ai pass\u00e9e en France. (Il r\u00e9fl\u00e9chit.) Non, j\u2019ai m\u00eame pass\u00e9 plus de temps ici parce qu\u2019au Br\u00e9sil, il y a eu des moments o\u00f9 je voyageais, je suis all\u00e9 jouer au Japon (NDLR \u00c0 l\u2019\u00e2ge de 20 ans, au Kashiwa Reysol). Cela fait longtemps que je suis ici. J&rsquo;aime beaucoup ce pays, j&rsquo;aime beaucoup la r\u00e9gion. Garder ce lien avec le Br\u00e9sil en habitant en France, pour moi, c&rsquo;est superbe. Je suis forc\u00e9 d\u2019\u00eatre ici parce que la connexion avec les vignerons, les fournisseurs, elle se fait plus simplement. C&rsquo;est plus pratique pour les d\u00e9placements. Rester si proche de nos vignerons, c&rsquo;est un bel avantage par rapport \u00e0 nos concurrents au Br\u00e9sil qui vendent du vin.<\/p>\n<p style=\"text-align: justify;\">\u00catre une partie ici, une partie l\u00e0-bas, pour nous, c&rsquo;est le mod\u00e8le id\u00e9al. Alors oui, je suis br\u00e9silien, mais je me sens chez moi \u00e0 Bordeaux. C\u2019est pour \u00e7a qu&rsquo;on y passe beaucoup de temps, on a beaucoup d&rsquo;amis ici, de vrais amis. On a pass\u00e9 presque dix ans aux Girondins, avec des titres. On s&rsquo;est construit une histoire. Dix ans, c&rsquo;est quelque chose. Quand on est arriv\u00e9, on ne s&rsquo;\u00e9tait pas dit qu\u2019on allait rester dix ans. \u00c7a s&rsquo;est fait comme \u00e7a. Notre famille est ancr\u00e9e ici, c&rsquo;est une r\u00e9gion qu&rsquo;on aime beaucoup, une ville qu&rsquo;on aime beaucoup, un pays qu&rsquo;on aime beaucoup. Alors oui, ici, je me sens \u00e0 la maison, clairement.<\/p>\n<p style=\"text-align: justify;\"><strong>Vous venez de parler de titres. Vous avez beaucoup gagn\u00e9 dans votre carri\u00e8re, Coupe de France, Coupe de la Ligue, championnat de France et m\u00eame du Br\u00e9sil. Le plus marquant, c\u2019est lequel ? Le titre de 2009 avec les Girondins ?<\/strong><\/p>\n<p>Oui, oui, forc\u00e9ment, le titre de 2009. Je n&rsquo;ai pas plus beau souvenir que \u00e7a \u00e0 Bordeaux. Tous ces gens Place des Quinconces, dix ans apr\u00e8s le titre de 1999. Cela a amen\u00e9 une telle joie, un tel espoir pour la vie du club \u00e0 ce moment-l\u00e0. Je me souviens d\u2019un repr\u00e9sentant du Virage Sud qui m\u2019attrape et me dit \u2018Maintenant, ce ne sera plus un titre tous les dix ans, \u00e7a sera un titre tous les ans !\u2019\u2019 On \u00e9tait dans cette vibe. On ne se sentait pas tout puissants, mais il y avait une telle coh\u00e9sion, une telle \u00e9nergie, c&rsquo;\u00e9tait magnifique. C\u2019est pour \u00e7a que le plus beau souvenir, c\u2019est le titre. Cette communion, cette joie sur la Place des Quinconces, c\u2019est un instantan\u00e9 qui restera dans ma t\u00eate toute la vie.<\/p>\n<p><strong>\u00ab\u00a0Je n&rsquo;ai rien \u00e0 apporter aujourd&rsquo;hui \u00e0 ce projet. Et je n&rsquo;en ai pas envie, vu qui est derri\u00e8re\u00a0\u00bb<\/strong><\/p>\n<p style=\"text-align: justify;\"><strong>Et la Coupe de France 2013 ?<\/strong><\/p>\n<p>J\u2019ai appris \u00e7a dans le vin : \u00e0 partir du moment o\u00f9 tu compares, il y en a un qui perd. Comparer le titre de champion \u00e0 la Coupe de France ou aux Coupes de la Ligue, forc\u00e9ment, le titre de champion sera gagnant. Mais il ne faut pas d\u00e9valoriser les Coupes \u00e9videmment, il y a tout un processus pour arriver l\u00e0 aussi, et \u00e7a compte pour le club. \u00c7a valorise tout le travail qui a \u00e9t\u00e9 fait, les supporters sont hyper contents, nous aussi. Mais une Coupe de France, on ne va pas mentir, \u00e7a ne vaut pas un titre. Aujourd\u2019hui, quand je croise des gens sur Bordeaux, ils me disent \u2018\u2019tu as \u00e9t\u00e9 champion\u2019\u2019, ils ne me disent pas \u2018\u2019t\u2019as gagn\u00e9 la Coupe de France\u2019\u2019 ou \u2018\u2019t\u2019as gagn\u00e9 le Coupe de la Ligue\u2019\u2019 ! L\u2019impact est plus important. M\u00eame si je suis hyper content d\u2019avoir gagn\u00e9 des Coupes, hein !<\/p>\n<p style=\"text-align: justify;\"><strong>\u00c0 cette \u00e9poque, Bordeaux \u00e9tait aux sommets, mais vous avez \u00e9t\u00e9 l\u2019un des premiers \u00e0 sentir que \u00e7a n\u2019allait pas durer. Vous avez d\u00e9clar\u00e9 dans une interview il y a sept-huit ans que Bordeaux n\u2019\u00e9tait pas \u00e0 l\u2019abri de tomber, et qu\u2019en foot, tout va tr\u00e8s vite. Vous avez des dons de voyance ?<\/strong><\/p>\n<p>(L\u2019air grave, tout d\u2019un coup). Aujourd&rsquo;hui, le foot pour moi, c&rsquo;est \u00e0 la t\u00e9l\u00e9. Mon \u00e9nergie, ma t\u00eate, mes pens\u00e9es sont destin\u00e9es \u00e0 ce projet dans le vin. Mais je ne peux pas m&#8217;emp\u00eacher de voir et de sentir ce qui se passe \u00e0 aux Girondins. Forc\u00e9ment, j&rsquo;ai un sentiment d&rsquo;impuissance parce que je ne suis plus dans ce milieu-l\u00e0 et je n&rsquo;ai rien \u00e0 apporter aujourd&rsquo;hui \u00e0 ce projet. Et je n&rsquo;en ai pas envie, vu qui est derri\u00e8re ce projet. D&rsquo;ailleurs, j&rsquo;avais senti d\u00e8s le d\u00e9part que \u00e7a n\u2019irait pas, m\u00eame avant, quand il y a eu cette premi\u00e8re vente de M6 \u00e0 ce fonds d&rsquo;investissement.<\/p>\n<p><strong>\u00ab\u00a0Ce n&rsquo;est pas le m\u00eame club !\u00a0\u00bb<\/strong><\/p>\n<p style=\"text-align: justify;\">\u00a0<\/p>\n<p style=\"text-align: justify;\"><strong>Quel est votre sentiment sur la situation actuelle des Girondins ?<br \/><\/strong><br \/>Le mot, c&rsquo;est tristesse. Tristesse parce que\u2026 (Il ne termine pas sa phrase.) \u00c9coute, entre ce que j\u2019ai v\u00e9cu \u00e0 Bordeaux \u00e0 mon \u00e9poque et aujourd\u2019hui, on dirait que ce n&rsquo;est pas le m\u00eame club ! C&rsquo;est comme si c\u2019\u00e9tait dans une autre vie. Voir comment est Bordeaux aujourd&rsquo;hui\u2026 C&rsquo;est le coma. L\u00e0, le club, il est dans le coma, quoi. Les gens qui sont derri\u00e8re Bordeaux aujourd&rsquo;hui, c&rsquo;est une maladie. C&rsquo;est pire qu\u2019un cancer ! Tant que ces gens seront l\u00e0, forc\u00e9ment, \u00e7a ne changera pas. Bordeaux sera toujours \u00e0 l&rsquo;h\u00f4pital avec cette maladie-l\u00e0. Donc, le mot, c\u2019est tristesse.<\/p>\n<p style=\"text-align: justify;\"><strong>On vous sent particuli\u00e8rement touch\u00e9. Presque \u00e9mu.<\/strong><\/p>\n<p>En fait, je n&rsquo;arrive pas \u00e0 trouver des mots parce que tout ce qui se passe aujourd&rsquo;hui\u2026 (L\u00e0 encore, il ne finit pas sa phrase, il reformule.) Je pense qu&rsquo;il y a des gens qui ont tent\u00e9 quelque chose (pour que le club aille mieux), mais il y a une barri\u00e8re, une grosse barri\u00e8re aujourd&rsquo;hui, qui emp\u00eache que \u00e7a avance. Et franchement, je ne vois pas les choses changer, et je ne suis pas le seul \u00e0 penser \u00e7a. Tant que ces gens seront l\u00e0, \u00e7a ne va pas changer, d\u2019accord ? C&rsquo;est bien triste de voir un club comme Bordeaux, avec une telle Histoire, dans un tel \u00e9tat. Les Girondins, c\u2019est un club mythique, historiquement dans le top 5 des grands clubs fran\u00e7ais. Comment on a pu laisser le club tomber si bas ?<\/p>\n<p style=\"text-align: justify;\"><strong>Qu\u2019est-ce qui vous avez fait tirer la sonnette d\u2019alarme \u00e0 l\u2019\u00e9poque ?<br \/><\/strong><br \/>J&rsquo;avais dit qu\u2019il fallait faire attention parce que le foot, c&rsquo;est une histoire de gestion, mais il faut aussi beaucoup d&rsquo;amour. Ce n\u2019est pas que du business. Il faut des passionn\u00e9s, avec une id\u00e9e claire, avec du temps. Je rigolais quand j&rsquo;\u00e9coutais, je crois que c&rsquo;\u00e9tait King Street. Ils disaient qu&rsquo;ils allaient r\u00e9volutionner en trois ans, cinq ans. Mais vous vous rendez compte ? Bordeaux, \u00e7a a plus de cent ans d&rsquo;histoire. Qu&rsquo;est-ce que vous allez r\u00e9volutionner en trois ans\u2009? Le constat, il est l\u00e0, le mal est fait, \u00e7a ne sert \u00e0 rien de se demander comment c&rsquo;est arriv\u00e9, comment on en est arriv\u00e9 l\u00e0, on le sait tous. On a vu la chute.<\/p>\n<p style=\"text-align: justify;\">Maintenant, il faut se poser les bonnes questions. Je ne peux pas aller plus loin dans mes r\u00e9flexions parce que je suis \u00e7a de l&rsquo;ext\u00e9rieur, je ne connais pas vraiment ce qui se passe l\u00e0-dedans. Le constat, il est tr\u00e8s simple, Bordeaux a un cancer. Je me r\u00e9p\u00e8te, mais tant que ces gens seront l\u00e0, Bordeaux sera malade. Et il le sera toujours malheureusement. L&rsquo;avenir, pour moi, si \u00e7a reste comme \u00e7a, il est sombre. C\u2019est flou.<\/p>\n<p style=\"text-align: justify;\"><strong>Pensez-vous que le club peut tomber encore plus bas ? Qu\u2019il peut dispara\u00eetre, m\u00eame ?<\/strong><\/p>\n<p>Tomber plus bas que \u00e7a, qu&rsquo;est-ce que c\u2019est ? Qu\u2019est-ce qu\u2019il y a apr\u00e8s l&rsquo;enfer ? Je ne sais pas, mais il y a une chose que je tiens \u00e0 dire, c\u2019est un grand bravo aux supporters, aux gens qui vont au stade et tiennent encore cette flamme. Moi, j\u2019ai peur que cette flamme, elle s\u2019\u00e9teigne et qu\u2019apr\u00e8s, on soit dans le noir, qu\u2019il n\u2019y ait plus rien. Ici, j\u2019ai v\u00e9cu des moments magnifiques. Des bons, des moyens, des mauvais. Enfin, des mauvais, tout est relatif quand on voit ce qui se passe aujourd&rsquo;hui !<\/p>\n<p style=\"text-align: justify;\">Ce que j\u2019ai v\u00e9cu \u00e0 Bordeaux, c&rsquo;\u00e9tait magnifique, je ne peux pas l\u2019effacer, mais je ne peux pas non plus effacer les gens qui \u00e9taient dans ce club, tous ces gens qui travaillaient au club. Cette famille. Quand je suis arriv\u00e9 \u00e0 Bordeaux, on parlait de famille. Des fois, on disait que c&rsquo;\u00e9tait trop mou, pas tr\u00e8s ambitieux. Mais oui, c&rsquo;\u00e9tait une famille, on \u00e9tait tous l\u00e0 pour le club. Bien ou mal, on \u00e9tait l\u00e0 pour les Girondins, et quelque part, \u00e7a marchait. C\u2019est pour cela qu\u2019aujourd&rsquo;hui, je suis \u00e7a de loin avec une certaine tristesse.<\/p>\n<p style=\"text-align: justify;\"><strong>Vous seriez retourn\u00e9 au Br\u00e9sil, vous verriez \u00e7a de loin. Mais, habitant sur Bordeaux, on doit vous parler sans cesse du club\u2026<\/strong><\/p>\n<p>Forc\u00e9ment. Les gens me disent \u2018\u2019Ouah, notre Bordeaux\u2026\u2019\u2019 Tout le monde est triste. Heureusement qu\u2019aujourd\u2019hui, il y a le rugby qui sportivement, tient la route pour la ville de Bordeaux.<\/p>\n<p style=\"text-align: justify;\"><strong>Est-ce qu\u2019\u00e0 terme, l\u2019UBB peut remplacer les Girondins dans le c\u0153ur des Bordelais ?<\/strong><\/p>\n<p>J\u2019ai l&rsquo;impression que plus le temps passe, moins les gens ont envie d&rsquo;aller voir du foot \u00e0 Bordeaux. Ils veulent se faire plaisir, dans une bonne ambiance, dans un stade plein. Alors, ils se mettent au rugby. Il faudrait que les Girondins de Bordeaux reviennent assez rapidement sur la sc\u00e8ne. D\u00e9j\u00e0, qu\u2019ils montent en National. \u00c7a pourrait donner un coup de peps, quelque chose, un espoir aux gens.<\/p>\n<p style=\"text-align: justify;\"><strong>Un \u00e9lan.<\/strong><\/p>\n<p>Un \u00e9lan, voil\u00e0. Un petit \u00e9lan. L\u00e0, pour le moment, il faut faire le dos rond et puis repartir, quoi. Mais j&rsquo;ai peur que tout \u00e7a, \u00e7a fasse oublier les Girondins de Bordeaux petit \u00e0 petit. Le nom reste, l\u2019Histoire du club aussi, mais bon, on ne parle plus beaucoup de Bordeaux, et quand on en parle, c&rsquo;est toujours \u2018\u2019bah, c\u2019est moyen\u2019\u2019. \u00c7a rend un peu triste tout le monde. Les gens sont plut\u00f4t dans la piti\u00e9. Je pense que m\u00eame les rivaux du club, ils viennent jouer \u00e0 Bordeaux et ils se disent \u2018\u2019Punaise, c&rsquo;est dommage qu&rsquo;un club comme Bordeaux en soit l\u00e0 aujourd\u2019hui\u2019\u2019\u2026 Ils ont raison, c\u2019est tellement dommage qu\u2019on en soit arriv\u00e9 l\u00e0.<\/p>\n<p style=\"text-align: justify;\">Arnaud Tulipier<\/p>\n<p style=\"text-align: justify;\">\u00c0 lire &gt;&gt; <strong><a href=\"https:\/\/www.webgirondins.com\/actualite-girondins-girondins-pierre-hurmic-a-recu-gerard-lopez-et-exige-le-versement-du-loyer-pour-le-haillan-129101\" target=\"_blank\" rel=\"noopener\">Pierre Hurmic a re\u00e7u G\u00e9rard Lopez et exige le versement du loyer pour le Haillan<\/a><\/strong><\/p>\n","protected":false},"excerpt":{"rendered":"\u00a9 Iconsport WebGirondins : Jussi\u00e9, m\u00eame si vous n\u2019\u00eates plus Girondin, vous \u00eates rest\u00e9 Bordelais, notamment dans le&hellip;\n","protected":false},"author":2,"featured_media":108642,"comment_status":"","ping_status":"","sticky":false,"template":"","format":"standard","meta":{"footnotes":""},"categories":[2817],"tags":[1111,11,3396,1997,6950,22669,101,3362,22671,8982,1446,22670,19434,22672,2956,22673,1777,674,1011,27,7397,1987,13871,22666,4415,12,2219,22668,3948,6046,25,8292,22667,16812],"class_list":{"0":"post-108641","1":"post","2":"type-post","3":"status-publish","4":"format-standard","5":"has-post-thumbnail","7":"category-bordeaux","8":"tag-actu","9":"tag-actualites","10":"tag-avec","11":"tag-bordeaux","12":"tag-bordelais","13":"tag-bresilien","14":"tag-cancer","15":"tag-champion","16":"tag-coin","17":"tag-coma","18":"tag-dans","19":"tag-definitivement","20":"tag-devenu","21":"tag-entamer","22":"tag-entretien","23":"tag-etroit","24":"tag-eu","25":"tag-europe","26":"tag-fr","27":"tag-france","28":"tag-gens","29":"tag-girondins","30":"tag-installer","31":"tag-jussie","32":"tag-lien","33":"tag-news","34":"tag-nouvelle-aquitaine","35":"tag-partiront","36":"tag-point","37":"tag-reconversion","38":"tag-republique-francaise","39":"tag-restera","40":"tag-tant","41":"tag-terroir"},"share_on_mastodon":{"url":"https:\/\/pubeurope.com\/@fr\/114527239134766931","error":""},"_links":{"self":[{"href":"https:\/\/www.europesays.com\/fr\/wp-json\/wp\/v2\/posts\/108641","targetHints":{"allow":["GET"]}}],"collection":[{"href":"https:\/\/www.europesays.com\/fr\/wp-json\/wp\/v2\/posts"}],"about":[{"href":"https:\/\/www.europesays.com\/fr\/wp-json\/wp\/v2\/types\/post"}],"author":[{"embeddable":true,"href":"https:\/\/www.europesays.com\/fr\/wp-json\/wp\/v2\/users\/2"}],"replies":[{"embeddable":true,"href":"https:\/\/www.europesays.com\/fr\/wp-json\/wp\/v2\/comments?post=108641"}],"version-history":[{"count":0,"href":"https:\/\/www.europesays.com\/fr\/wp-json\/wp\/v2\/posts\/108641\/revisions"}],"wp:featuredmedia":[{"embeddable":true,"href":"https:\/\/www.europesays.com\/fr\/wp-json\/wp\/v2\/media\/108642"}],"wp:attachment":[{"href":"https:\/\/www.europesays.com\/fr\/wp-json\/wp\/v2\/media?parent=108641"}],"wp:term":[{"taxonomy":"category","embeddable":true,"href":"https:\/\/www.europesays.com\/fr\/wp-json\/wp\/v2\/categories?post=108641"},{"taxonomy":"post_tag","embeddable":true,"href":"https:\/\/www.europesays.com\/fr\/wp-json\/wp\/v2\/tags?post=108641"}],"curies":[{"name":"wp","href":"https:\/\/api.w.org\/{rel}","templated":true}]}}