{"id":108655,"date":"2025-05-18T05:48:08","date_gmt":"2025-05-18T05:48:08","guid":{"rendered":"https:\/\/www.europesays.com\/fr\/108655\/"},"modified":"2025-05-18T05:48:08","modified_gmt":"2025-05-18T05:48:08","slug":"on-baisse-en-impact-carbone-mais-on-gagne-en-intensite","status":"publish","type":"post","link":"https:\/\/www.europesays.com\/fr\/108655\/","title":{"rendered":"\u00ab\u00a0On baisse en impact carbone mais on gagne en intensit\u00e9\u00a0\u00bb"},"content":{"rendered":"<p>Aux c\u00f4t\u00e9s de l\u2019explorateur R\u00e9mi Camus, il a clos la s\u00e9rie de tables rondes de cette premi\u00e8re \u00e9dition lyonnaise du salon \u201cIci on agit\u201d.\u00a0Sim\u00e9on Baldit de Barral, qui s\u2019est fait conna\u00eetre apr\u00e8s avoir fait un tour du monde \u00e0 v\u00e9lo dont il a tir\u00e9 un documentaire, a accept\u00e9 de d\u00e9livrer quelques tips pour ceux qui souhaiteraient voyager \u00e9colo. Un \u00ab\u00a0mod\u00e8le accessible \u00e0 tous et moins cher\u00a0\u00bb, promet celui qui r\u00eave d\u2019Afrique et de Moyen-Orient en m\u00ealant autostop et v\u00e9lo.<\/p>\n<p>  Orga\u00a0: \u00ab\u00a0Prendre le temps\u00a0\u00bb<\/p>\n<p>\u00ab\u00a0C\u2019est super large. Il faut se poser la question d\u2019o\u00f9 on part et combien de temps on se laisse. Si on veut partir tr\u00e8s loin, c\u2019est un voyage rare dans notre vie. Pour moi c\u2019est tout les cinq \u00e0 sept ans pour une destination dont je r\u00eave depuis longtemps, o\u00f9 je vais rester longtemps. On se dit qu\u2019on va vivre des exp\u00e9riences tr\u00e8s fortes et qu\u2019on reviendra peut-\u00eatre transform\u00e9. On va donc prendre le temps. \u00c0 l\u2019autre bout du monde, c\u2019est a minima un mois. Je vais bien me renseigner sur le prix,\u00a0etc. Si je veux juste partir un week-end\u00a0: je voyagerais en local.\u00a0\u00bb<\/p>\n<p>  Transport\u00a0: \u00ab\u00a0Toujours une petite aventure\u00a0\u00bb<\/p>\n<p>\u00ab\u00a0Le pire c\u2019est quand m\u00eame l\u2019avion, apr\u00e8s il y a ferry, bateau \u00e0 moteur, voiture. Les plus \u00e9colos ce sont le bus, le v\u00e9lo, l\u2019auto-stop, le voilier, le cano\u00eb-kayak. On est quasiment \u00e0 z\u00e9ro. Je suis descendu en Ard\u00e8che avec mon fils de 3 ans et demi. Il s\u2019est \u00e9clat\u00e9. Trouver le bon moyen, le bon train, \u00e7a peut devenir aussi un jeu. Souvent on va aller moins loin, on va faire moins de choses mais on va plus les vivre tous ensemble, les d\u00e9cider. Il y aura des petites gal\u00e8res aussi, mais c\u2019est toujours une petite aventure. On baisse en impact carbone mais on gagne en intensit\u00e9.\u00a0\u00bb<\/p>\n<p>  Sur place\u00a0: bidouiller est devenu une habitude et un plaisir<\/p>\n<p>\u00ab\u00a0Il y a plein de choses sur lesquelles jouer. Sur l\u2019alimentation\u00a0: v\u00e9g\u00e9tarien ou pas, local ou pas. Pour le logement, il y a des labels comme \u201cclef verte\u201d, mais on peut aussi aller chez l\u2019habitant. \u00c7a m\u2019est arriv\u00e9 souvent. Je me souviens d\u2019une nuit dans une \u00e9table en Turquie sur du foin et un tapis avec un repas d\u00e9licieux servi par la famille alors qu\u2019il faisait froid\u2026 Avec le temps, on apprend \u00e0 savoir bidouiller, trouver des astuces. C\u2019est devenu une habitude et un plaisir.\u00a0\u00bb<\/p>\n","protected":false},"excerpt":{"rendered":"Aux c\u00f4t\u00e9s de l\u2019explorateur R\u00e9mi Camus, il a clos la s\u00e9rie de tables rondes de cette premi\u00e8re \u00e9dition&hellip;\n","protected":false},"author":2,"featured_media":108656,"comment_status":"","ping_status":"","sticky":false,"template":"","format":"standard","meta":{"footnotes":""},"categories":[1889],"tags":[1111,11,2430,2757,436,1777,674,107,1011,27,9588,2428,2756,12,25,2429,4604],"class_list":{"0":"post-108655","1":"post","2":"type-post","3":"status-publish","4":"format-standard","5":"has-post-thumbnail","7":"category-lyon","8":"tag-actu","9":"tag-actualites","10":"tag-auvergne-rhone-alpes","11":"tag-edition-lyon-villeurbanne","12":"tag-environnement","13":"tag-eu","14":"tag-europe","15":"tag-fil-info","16":"tag-fr","17":"tag-france","18":"tag-ici-on-agit","19":"tag-lyon","20":"tag-lyon-bassin","21":"tag-news","22":"tag-republique-francaise","23":"tag-rhone","24":"tag-selection-abonne"},"share_on_mastodon":{"url":"https:\/\/pubeurope.com\/@fr\/114527266688962076","error":""},"_links":{"self":[{"href":"https:\/\/www.europesays.com\/fr\/wp-json\/wp\/v2\/posts\/108655","targetHints":{"allow":["GET"]}}],"collection":[{"href":"https:\/\/www.europesays.com\/fr\/wp-json\/wp\/v2\/posts"}],"about":[{"href":"https:\/\/www.europesays.com\/fr\/wp-json\/wp\/v2\/types\/post"}],"author":[{"embeddable":true,"href":"https:\/\/www.europesays.com\/fr\/wp-json\/wp\/v2\/users\/2"}],"replies":[{"embeddable":true,"href":"https:\/\/www.europesays.com\/fr\/wp-json\/wp\/v2\/comments?post=108655"}],"version-history":[{"count":0,"href":"https:\/\/www.europesays.com\/fr\/wp-json\/wp\/v2\/posts\/108655\/revisions"}],"wp:featuredmedia":[{"embeddable":true,"href":"https:\/\/www.europesays.com\/fr\/wp-json\/wp\/v2\/media\/108656"}],"wp:attachment":[{"href":"https:\/\/www.europesays.com\/fr\/wp-json\/wp\/v2\/media?parent=108655"}],"wp:term":[{"taxonomy":"category","embeddable":true,"href":"https:\/\/www.europesays.com\/fr\/wp-json\/wp\/v2\/categories?post=108655"},{"taxonomy":"post_tag","embeddable":true,"href":"https:\/\/www.europesays.com\/fr\/wp-json\/wp\/v2\/tags?post=108655"}],"curies":[{"name":"wp","href":"https:\/\/api.w.org\/{rel}","templated":true}]}}