{"id":108659,"date":"2025-05-18T05:52:08","date_gmt":"2025-05-18T05:52:08","guid":{"rendered":"https:\/\/www.europesays.com\/fr\/108659\/"},"modified":"2025-05-18T05:52:08","modified_gmt":"2025-05-18T05:52:08","slug":"retraite-notre-classement-exclusif-des-villes-ou-bien-vieillir-en-france-en-2025","status":"publish","type":"post","link":"https:\/\/www.europesays.com\/fr\/108659\/","title":{"rendered":"Retraite\u00a0: notre classement exclusif des villes o\u00f9 bien vieillir en France en 2025"},"content":{"rendered":"<p class=\"paragraph text_align_left\">Afin de vous aider \u00e0 y voir plus clair, Le Parisien dresse le classement des villes o\u00f9 bien vieillir en 2025. Aux 2 100 communes de plus de 5 000 habitants, nous avons associ\u00e9 une trentaine de crit\u00e8res \u2014 refl\u00e9tant la qualit\u00e9 de vie, l\u2019environnement qui l\u2019entoure, ses capacit\u00e9s en termes de soins et de sant\u00e9, la s\u00e9curit\u00e9, la richesse de la vie culturelle et le pouvoir d\u2019achat immobilier, gr\u00e2ce aux donn\u00e9es SeLoger-Meilleurs Agents \u2014 que nous avons compar\u00e9s pour obtenir un palmar\u00e8s.<\/p>\n","protected":false},"excerpt":{"rendered":"Afin de vous aider \u00e0 y voir plus clair, Le Parisien dresse le classement des villes o\u00f9 bien&hellip;\n","protected":false},"author":2,"featured_media":108660,"comment_status":"","ping_status":"","sticky":false,"template":"","format":"standard","meta":{"footnotes":""},"categories":[1888],"tags":[1111,1928,11,1927,459,1777,674,1011,27,12,1926,626,1925,25,104],"class_list":{"0":"post-108659","1":"post","2":"type-post","3":"status-publish","4":"format-standard","5":"has-post-thumbnail","7":"category-paris","8":"tag-actu","9":"tag-actu-paris","10":"tag-actualites","11":"tag-actualites-paris","12":"tag-departements-horsidfo","13":"tag-eu","14":"tag-europe","15":"tag-fr","16":"tag-france","17":"tag-news","18":"tag-news-paris","19":"tag-paris","20":"tag-paris-news","21":"tag-republique-francaise","22":"tag-societe"},"share_on_mastodon":{"url":"https:\/\/pubeurope.com\/@fr\/114527282327680304","error":""},"_links":{"self":[{"href":"https:\/\/www.europesays.com\/fr\/wp-json\/wp\/v2\/posts\/108659","targetHints":{"allow":["GET"]}}],"collection":[{"href":"https:\/\/www.europesays.com\/fr\/wp-json\/wp\/v2\/posts"}],"about":[{"href":"https:\/\/www.europesays.com\/fr\/wp-json\/wp\/v2\/types\/post"}],"author":[{"embeddable":true,"href":"https:\/\/www.europesays.com\/fr\/wp-json\/wp\/v2\/users\/2"}],"replies":[{"embeddable":true,"href":"https:\/\/www.europesays.com\/fr\/wp-json\/wp\/v2\/comments?post=108659"}],"version-history":[{"count":0,"href":"https:\/\/www.europesays.com\/fr\/wp-json\/wp\/v2\/posts\/108659\/revisions"}],"wp:featuredmedia":[{"embeddable":true,"href":"https:\/\/www.europesays.com\/fr\/wp-json\/wp\/v2\/media\/108660"}],"wp:attachment":[{"href":"https:\/\/www.europesays.com\/fr\/wp-json\/wp\/v2\/media?parent=108659"}],"wp:term":[{"taxonomy":"category","embeddable":true,"href":"https:\/\/www.europesays.com\/fr\/wp-json\/wp\/v2\/categories?post=108659"},{"taxonomy":"post_tag","embeddable":true,"href":"https:\/\/www.europesays.com\/fr\/wp-json\/wp\/v2\/tags?post=108659"}],"curies":[{"name":"wp","href":"https:\/\/api.w.org\/{rel}","templated":true}]}}