{"id":108661,"date":"2025-05-18T05:53:27","date_gmt":"2025-05-18T05:53:27","guid":{"rendered":"https:\/\/www.europesays.com\/fr\/108661\/"},"modified":"2025-05-18T05:53:27","modified_gmt":"2025-05-18T05:53:27","slug":"paris-pour-lidee-dune-dette-europeenne","status":"publish","type":"post","link":"https:\/\/www.europesays.com\/fr\/108661\/","title":{"rendered":"Paris pour \u00abl&rsquo;id\u00e9e d&rsquo;une dette europ\u00e9enne\u00bb"},"content":{"rendered":"<p>\u00c9ric Lombard juge que cette id\u00e9e \u00abne devrait pas \u00eatre rejet\u00e9e par principe\u00bb, au moment o\u00f9 le nouveau gouvernement allemand fait du r\u00e9armement du pays \u00abune priorit\u00e9 absolue\u00bb.<\/p>\n<p class=\"fig-paragraph\">Comment financer le r\u00e9armement de l\u2019Europe\u00a0? Le ministre fran\u00e7ais de l&rsquo;\u00c9conomie demande de consid\u00e9rer \u00abl&rsquo;id\u00e9e d&rsquo;<a href=\"http:\/\/www.lefigaro.fr\/conjoncture\/l-idee-d-un-grand-emprunt-europeen-pour-la-defense-chere-a-emmanuel-macron-gagne-du-terrain-20250321\" target=\"_blank\" data-fig-type=\"Article\" rel=\"noopener\" data-gtm-custom-categorie=\"navigation\" data-gtm-custom-action=\"crossclick\" data-gtm-custom-label=\"Contextuel\" data-gtm-event=\"customEventSPE\" data-fig-domain=\"LEFIGARO\">une dette europ\u00e9enne<\/a> \u00bb pour financer l&rsquo;augmentation des d\u00e9penses militaires des Europ\u00e9ens, au moment o\u00f9 le nouveau gouvernement allemand fait du r\u00e9armement du pays \u00abune priorit\u00e9 absolue\u00bb. \u00abL&rsquo;id\u00e9e d&rsquo;une dette europ\u00e9enne pour financer des biens d&rsquo;armement ne devrait pas \u00eatre rejet\u00e9e par principe\u00bb, a d\u00e9clar\u00e9 \u00c9ric Lombard dans un entretien samedi au quotidien allemand Frankfurter Allgemeine Zeitung.<\/p>\n<p class=\"fig-paragraph\">Il s&rsquo;exprimait apr\u00e8s une rencontre avec le nouveau ministre allemand des Finances Lars Klingbeil, vice-chancelier dans le gouvernement du conservateur Friedrich Merz. Aussit\u00f4t investi, Friedrich Merz avait dit \u00e0 Varsovie \u00abpouvoir imaginer\u00bb, pour l&rsquo;UE et le Pacte de stabilit\u00e9 plafonnant les d\u00e9ficits publics des 27, \u00abquelque chose de similaire\u00bb \u00e0 ce qu&rsquo;il vient de faire en Allemagne, \u00e0 savoir exempter une partie des d\u00e9penses de d\u00e9fense des r\u00e8gles budg\u00e9taires. Puis \u00e0 Bruxelles, il a dit conserver la position de son pr\u00e9d\u00e9cesseur Olaf Scholz, qui a toujours refus\u00e9 de nouvelles dettes communes dans l&rsquo;UE, tout en laissant une porte entrouverte. \u00abCela doit rester des exceptions\u00bb, a gliss\u00e9 Friedrich Merz.<\/p>\n<p class=\"fig-paragraph\">Pour \u00c9ric Lombard, les Europ\u00e9ens doivent \u00abd&rsquo;abord (se) mettre d&rsquo;accord sur le paquet Rearm\u00bb, plan qui ambitionne de mobiliser jusqu&rsquo;\u00e0 800 milliards d&rsquo;euros d&rsquo;ici 2030, et \u00ables n\u00e9gociations progressent bien\u00bb. Si le programme \u00abSafe\u00bb, qui pr\u00e9voit des pr\u00eats de 150 milliards d&rsquo;euros pour financer, en commun, des achats et des projets d&rsquo;armement en Europe, est un autre \u00abprogr\u00e8s important\u00bb, les Europ\u00e9ens doivent \u00abcr\u00e9er les conditions d&rsquo;une autonomie strat\u00e9gique\u00bb, insiste \u00c9ric Lombard.<\/p>\n<p>Un emprunt commun comme pendant le Covid<\/p>\n<p class=\"fig-paragraph\">La \u00abr\u00e9flexion strat\u00e9gique\u00bb doit, selon lui, aussi prendre en compte le contexte \u00e9conomique mondial actuel, chamboul\u00e9 par Donald Trump. \u00abDepuis avril, le r\u00f4le du dollar \u00e9volue. La qu\u00eate de valeurs s\u00fbres est \u00e9vidente. L&rsquo;\u00e9conomie europ\u00e9enne en b\u00e9n\u00e9ficierait si l&rsquo;euro devenait une monnaie de r\u00e9serve encore plus importante, ce qui suppose des actifs s\u00fbrs comme des titres de dette \u00e9mis au niveau national et europ\u00e9en\u00bb, a ajout\u00e9 le ministre fran\u00e7ais.<\/p>\n<p class=\"fig-paragraph\">Face aux besoins massifs de r\u00e9armement pour contrer la menace russe, le pr\u00e9sident Emmanuel Macron pousse depuis quelques mois pour un emprunt commun, comme celui contract\u00e9 en pleine crise du Covid, en 2020. Il doit convaincre Friedrich Merz, qui a dit vouloir doter l&rsquo;Allemagne de \u00abl&rsquo;arm\u00e9e conventionnelle la plus puissante d&rsquo;Europe\u00bb, apr\u00e8s avoir fait voter une lev\u00e9e des restrictions des r\u00e8gles nationales tr\u00e8s strictes qui limitent la capacit\u00e9 du gouvernement \u00e0 emprunter. Le virage strat\u00e9gique du r\u00e9armement, longtemps jug\u00e9 impensable dans un pays profond\u00e9ment pacifiste et qui avait pour priorit\u00e9 l&rsquo;orthodoxie budg\u00e9taire, est serr\u00e9 pour Friedrich Merz, qui n&rsquo;a qu&rsquo;une courte majorit\u00e9 au parlement et voit l&rsquo;extr\u00eame droite le d\u00e9passer dans certains sondages.<\/p>\n","protected":false},"excerpt":{"rendered":"\u00c9ric Lombard juge que cette id\u00e9e \u00abne devrait pas \u00eatre rejet\u00e9e par principe\u00bb, au moment o\u00f9 le nouveau&hellip;\n","protected":false},"author":2,"featured_media":108662,"comment_status":"","ping_status":"","sticky":false,"template":"","format":"standard","meta":{"footnotes":""},"categories":[1888],"tags":[1111,1928,339,11,1927,340,343,345,350,130,344,352,554,349,6327,33,341,313,1777,674,1011,27,346,342,353,351,347,12,1926,626,1925,348,25,354],"class_list":{"0":"post-108661","1":"post","2":"type-post","3":"status-publish","4":"format-standard","5":"has-post-thumbnail","7":"category-paris","8":"tag-actu","9":"tag-actu-paris","10":"tag-actualite-economique","11":"tag-actualites","12":"tag-actualites-paris","13":"tag-bourse","14":"tag-cac-40","15":"tag-chef-dentreprise","16":"tag-concurrence","17":"tag-consommation","18":"tag-creation-dentreprise","19":"tag-crise","20":"tag-defense","21":"tag-delocalisations","22":"tag-dette","23":"tag-economie","24":"tag-emploi","25":"tag-entreprises","26":"tag-eu","27":"tag-europe","28":"tag-fr","29":"tag-france","30":"tag-grands-patrons","31":"tag-impots","32":"tag-licenciements","33":"tag-monopole","34":"tag-multinationales","35":"tag-news","36":"tag-news-paris","37":"tag-paris","38":"tag-paris-news","39":"tag-privatisation","40":"tag-republique-francaise","41":"tag-unio"},"share_on_mastodon":{"url":"https:\/\/pubeurope.com\/@fr\/114527286323491929","error":""},"_links":{"self":[{"href":"https:\/\/www.europesays.com\/fr\/wp-json\/wp\/v2\/posts\/108661","targetHints":{"allow":["GET"]}}],"collection":[{"href":"https:\/\/www.europesays.com\/fr\/wp-json\/wp\/v2\/posts"}],"about":[{"href":"https:\/\/www.europesays.com\/fr\/wp-json\/wp\/v2\/types\/post"}],"author":[{"embeddable":true,"href":"https:\/\/www.europesays.com\/fr\/wp-json\/wp\/v2\/users\/2"}],"replies":[{"embeddable":true,"href":"https:\/\/www.europesays.com\/fr\/wp-json\/wp\/v2\/comments?post=108661"}],"version-history":[{"count":0,"href":"https:\/\/www.europesays.com\/fr\/wp-json\/wp\/v2\/posts\/108661\/revisions"}],"wp:featuredmedia":[{"embeddable":true,"href":"https:\/\/www.europesays.com\/fr\/wp-json\/wp\/v2\/media\/108662"}],"wp:attachment":[{"href":"https:\/\/www.europesays.com\/fr\/wp-json\/wp\/v2\/media?parent=108661"}],"wp:term":[{"taxonomy":"category","embeddable":true,"href":"https:\/\/www.europesays.com\/fr\/wp-json\/wp\/v2\/categories?post=108661"},{"taxonomy":"post_tag","embeddable":true,"href":"https:\/\/www.europesays.com\/fr\/wp-json\/wp\/v2\/tags?post=108661"}],"curies":[{"name":"wp","href":"https:\/\/api.w.org\/{rel}","templated":true}]}}