{"id":108665,"date":"2025-05-18T05:55:11","date_gmt":"2025-05-18T05:55:11","guid":{"rendered":"https:\/\/www.europesays.com\/fr\/108665\/"},"modified":"2025-05-18T05:55:11","modified_gmt":"2025-05-18T05:55:11","slug":"a-paris-les-run-crew-debrident-les-codes-de-lathletisme","status":"publish","type":"post","link":"https:\/\/www.europesays.com\/fr\/108665\/","title":{"rendered":"\u00e0 Paris, les \u00ab\u00a0Run Crew\u00a0\u00bb d\u00e9brident les codes de l&rsquo;athl\u00e9tisme"},"content":{"rendered":"<p>            Par<br \/>\n        <strong><br \/>\n            <a href=\"https:\/\/actu.fr\/auteur\/augustin-delaporte\" title=\"Consulter tous les articles de Augustin Delaporte\" rel=\"nofollow noopener\" target=\"_blank\">Augustin Delaporte<\/a><br \/>\n        <\/strong><\/p>\n<p>        Publi\u00e9 le<\/p>\n<p>            18 mai 2025 \u00e0 7h04        <\/p>\n<p>Ils ont des slogans qui claquent, <a href=\"https:\/\/actu.fr\/ile-de-france\/paris_75056\/on-est-complementaires-a-paris-la-madeleine-est-devenue-le-nouveau-terrain-de-jeu-des-enseignes-de-sport_62627950.html\" rel=\"nofollow noopener\" target=\"_blank\">s\u2019\u00e9quipent comme des pros<\/a> et livrent des performances remarqu\u00e9es dans les pelotons. Sorte de \u00ab\u00a0club d\u2019athl\u00e9tisme 2.0\u00a0\u00bb et fournisseur d\u2019influenceurs pour les \u00e9quipementiers \u00e0 l\u2019occasion, les \u00ab\u00a0Run Crew\u00a0\u00bb ont envahi <a href=\"https:\/\/actu.fr\/ile-de-france\/paris_75056\/a-paris-la-meilleure-coureuse-de-1500-m-de-l-histoire-s-attaque-a-un-chrono-jamais-atteint-par-une-femme_62566122.html\" rel=\"nofollow noopener\" target=\"_blank\">Paris<\/a> depuis une dizaine d\u2019ann\u00e9es. Fondateur des <strong>Zoom Volt Runners<\/strong>, Nicolas Dalmasso revient sur les origines de l\u2019un des pionniers du genre dans la capitale.<\/p>\n<p>Un ton d\u00e9cal\u00e9 qui modernise la perception de la course \u00e0 pied<\/p>\n<p class=\" wall-content\">Ils ont fait leur r\u00e9putation sur l\u2019insolence de leur credo \u00ab\u00a0Go Fast or Be Last\u00a0\u00bb (\u00ab\u00a0cours vite ou soit dernier\u00a0\u00bb), comme celle des leurs trac\u00e9s <a href=\"https:\/\/actu.fr\/ile-de-france\/paris_75056\/a-paris-les-strava-jockeys-se-font-payer-pour-courir-a-la-place-d-autres-certains-ont-besoin-d-un-alibi_62550901.html\" rel=\"nofollow noopener\" target=\"_blank\">sur Strava<\/a>. \u00ab\u00a0On est souvent devant\u00a0\u00bb, sourit le boss du Zoom. Sans ironie : \u00ab\u00a0On court beaucoup, on s\u2019entra\u00eene dur. C\u2019est notre marque de fabrique\u00a0\u00bb.\u00a0<\/p>\n<p class=\" wall-content\">Et leurs membres n\u2019\u00e9chappent pas aux coureurs avertis dans les SAS des diff\u00e9rentes coures parisiennes, gr\u00e2ce \u00e0 leurs couleurs noir et jaune \u00e9lectrique, mais aussi un \u00ab\u00a0Z\u00a0\u00bb majuscule floqu\u00e9 sur leur pectoral droit.<\/p>\n<p class=\" wall-content\">Une recette qui emprunte les codes des <strong>\u00e9quipes d\u2019ambassadeurs des marques de running<\/strong>, tout en s\u2019en \u00e9mancipant et en renvoyant une image plus fun, moins rigide, en organisant des \u00e9v\u00e9nements \u00ab\u00a0non officiels\u00a0\u00bb ou en jouant avec cette \u00ab\u00a0arrogance feinte\u00a0\u00bb sur les r\u00e9seaux.\u00a0<\/p>\n<p class=\" wall-content\"><a href=\"https:\/\/www.instagram.com\/p\/DGvqQbYtTWz\/embed\" title=\"Ouvrir le lien sur Instagram\" rel=\"nofollow noopener\" target=\"_blank\">Visualiser le contenu sur Instagram<\/a><\/p>\n<p>Effet de mode et lieu de sociabilit\u00e9\u00a0<\/p>\n<p class=\" wall-content\">C\u2019est d\u2019ailleurs au sein du crew de Nike, que le premier Fran\u00e7ais du marathon de New York 2024 a rencontr\u00e9 ceux avec qui il lancera l\u2019association du Zoom en 2014. \u00ab\u00a0On s\u2019entra\u00eenait ensemble et on a voulu le faire de mani\u00e8re ind\u00e9pendante\u00a0\u00bb, retrace-t-il. Puis de l\u00e2cher : \u00ab\u00a0Au d\u00e9part, on \u00e9tait moins de dix\u00a0\u00bb.\u00a0<\/p>\n<p class=\" wall-content\">Avant de porter un regard plus global sur le d\u00e9veloppement des groupe de coureurs amateurs dans la capitale : \u00ab\u00a0Je crois, d\u2019abord, que les gens courent plus. En parall\u00e8le, il y a les marques\u2026 Et notamment Adidas, qui a lanc\u00e9 ses grands crews dans les diff\u00e9rentes zones de Paris (Adidas Runners Paris). \u00c0 partir de l\u00e0, je pense que certains ont voulu monter des structures plus petites <strong>pour que les gens puissent mieux se conna\u00eetre<\/strong> et cr\u00e9er une ambiance plus conviviale.\u00a0\u00bb\u00a0<\/p>\n<p>Des partenariats \u00e0 la carte\u00a0<\/p>\n<p class=\" wall-content\">Propuls\u00e9s par les gros chronos de ses membres, mais aussi des posts sur les r\u00e9seaux sociaux tr\u00e8s suivis par la communaut\u00e9 amateure, certains crews \u2013 peut-\u00eatre plus agile sur les r\u00e9seaux que les clubs FFA classiques \u2013 sont d\u00e9sormais s\u00e9lects.\u00a0<\/p>\n<blockquote class=\"ac-article-quote wall-content\">\n<p>Aujourd&rsquo;hui, on int\u00e8gre 10 \u00e0 20 personnes par an, alors qu&rsquo;on re\u00e7oit pr\u00e8s de 100 demandes. On veut garder l&rsquo;atmosph\u00e8re chaleureuse et puis on n&rsquo;a pas de structure ou de subventions derri\u00e8re<\/p>\n<p>    <strong>Nicolas Dalmasso <\/strong><br \/>\n        Fondateur des Zoom Volt Runners    <\/p><\/blockquote>\n<p class=\" wall-content\">Ils sont aussi un <strong>vecteur de marketing important<\/strong> pour les marques, qui les approchent notamment en proposant des dossards [inscription] \u00e0 leurs coureurs pour des courses sponsoris\u00e9es, en plus de leur offrir les nouveaux produits de l\u2019\u00e9quipementier \u00e0 tester pour l\u2019occasion.<\/p>\n<p class=\" wall-content\"><a href=\"https:\/\/www.instagram.com\/p\/DIQahBftxsk\/embed\" title=\"Ouvrir le lien sur Instagram\" rel=\"nofollow noopener\" target=\"_blank\">Visualiser le contenu sur Instagram<\/a><\/p>\n<p class=\" wall-content\">Nicolas Dalmasso pose les limites : \u00ab\u00a0Il n\u2019y a rien d\u2019obligatoire. C\u2019est du cas par cas. D\u00e8s qu\u2019on re\u00e7oit une proposition de partenariat \u2013 avec des dossards et une dotation en nature -, on consulte nos membres et si \u00e7a en int\u00e9resse certains, \u00e7a se fait\u00a0\u00bb. Une occasion pour eux d\u2019obtenir des dossards \u00e0 une course rapidement compl\u00e8te comme le Semi de Paris (sponsoris\u00e9 par Hoka en 2025) et du mat\u00e9riel dernier cri, <strong>gratuitement<\/strong>.\u00a0\u00a0<\/p>\n<p class=\" wall-content\"><a href=\"https:\/\/www.instagram.com\/p\/DG_D-01NRtk\/embed\" title=\"Ouvrir le lien sur Instagram\" rel=\"nofollow noopener\" target=\"_blank\">Visualiser le contenu sur Instagram<\/a><\/p>\n<p>\u00ab\u00a0Des clubs d\u2019athl\u00e9 2.0\u00a0\u00bb<\/p>\n<p class=\" wall-content\">Ni plus, ni moins, car les Zoom Volt Runners pr\u00e9f\u00e8rent <strong>les records personnels<\/strong> aux abonn\u00e9s Instagram.<\/p>\n<blockquote class=\"ac-article-quote wall-content\">\n<p>Quelques crews privil\u00e9gient leur image sur les r\u00e9seaux, mais nous, ce qui nous int\u00e9resse c&rsquo;est de courir, c&rsquo;est notre passion<\/p>\n<p>    <strong>Nicolas Dalmasso<\/strong><br \/>\n        Fondateur des Zoom Volt Runners    <\/p><\/blockquote>\n<p class=\" wall-content\">En plus de son travail et de l\u2019aspect administratif, Nicolas Dalmasso est aussi en charge des programmes d\u2019entra\u00eenement de ses coureurs. \u00ab\u00a0On essaie de s\u2019aligner sur les m\u00eames objectifs, comme \u00e7a on a des s\u00e9ances communes, des plans quasi identiques et cela cr\u00e9e de l\u2019\u00e9mulation\u00a0\u00bb, pr\u00e9cise-t-il.\u00a0<\/p>\n<p class=\" wall-content\">Et de poursuivre : \u00ab\u00a0On est des clubs d\u2019athl\u00e9 2.0, en quelque sorte. Il arrive d\u2019ailleurs que des <strong>coureurs prennent leur premi\u00e8re licence chez nous<\/strong>, parce que l\u2019offre classique leur convient moins\u00a0\u00bb.\u00a0<\/p>\n<p class=\" wall-content\">La structure, qui compte 70 membres et poss\u00e8de une licence \u00e0 la F\u00e9d\u00e9ration Fran\u00e7aise d\u2019Athl\u00e9tisme (FFA), organise deux rendez-vous hebdomadaires, sur la piste du centre Sportif Alain-Mimoun et au Lac Daumesnil, en plus des sorties informelles entre membres du Zoom le reste de la semaine.<\/p>\n<p class=\" wall-content\">Suivez toute l\u2019actualit\u00e9 de vos villes et m\u00e9dias favoris en vous inscrivant \u00e0 <a href=\"https:\/\/moncompte.actu.fr\" title=\"D\u00e9couvez Mon Actu\" rel=\"nofollow noopener\" data-trk=\"{&quot;cta&quot;:{&quot;action&quot;:&quot;https:\\\/\\\/moncompte.actu.fr&quot;,&quot;category&quot;:&quot;mon compte&quot;,&quot;from&quot;:&quot;article footer&quot;,&quot;name&quot;:&quot;Mon actu&quot;,&quot;type&quot;:&quot;cta&quot;}}\" target=\"_blank\">Mon Actu<\/a>.<\/p>\n<p>                    <script async src=\"\/\/www.instagram.com\/embed.js\"><\/script><\/p>\n","protected":false},"excerpt":{"rendered":"Par Augustin Delaporte Publi\u00e9 le 18 mai 2025 \u00e0 7h04 Ils ont des slogans qui claquent, s\u2019\u00e9quipent comme&hellip;\n","protected":false},"author":2,"featured_media":108666,"comment_status":"","ping_status":"","sticky":false,"template":"","format":"standard","meta":{"footnotes":""},"categories":[1888],"tags":[11,4132,1777,674,1011,27,12,626,25,517,60],"class_list":{"0":"post-108665","1":"post","2":"type-post","3":"status-publish","4":"format-standard","5":"has-post-thumbnail","7":"category-paris","8":"tag-actualites","9":"tag-athletisme","10":"tag-eu","11":"tag-europe","12":"tag-fr","13":"tag-france","14":"tag-news","15":"tag-paris","16":"tag-republique-francaise","17":"tag-sport","18":"tag-sports"},"share_on_mastodon":{"url":"https:\/\/pubeurope.com\/@fr\/114527294155367028","error":""},"_links":{"self":[{"href":"https:\/\/www.europesays.com\/fr\/wp-json\/wp\/v2\/posts\/108665","targetHints":{"allow":["GET"]}}],"collection":[{"href":"https:\/\/www.europesays.com\/fr\/wp-json\/wp\/v2\/posts"}],"about":[{"href":"https:\/\/www.europesays.com\/fr\/wp-json\/wp\/v2\/types\/post"}],"author":[{"embeddable":true,"href":"https:\/\/www.europesays.com\/fr\/wp-json\/wp\/v2\/users\/2"}],"replies":[{"embeddable":true,"href":"https:\/\/www.europesays.com\/fr\/wp-json\/wp\/v2\/comments?post=108665"}],"version-history":[{"count":0,"href":"https:\/\/www.europesays.com\/fr\/wp-json\/wp\/v2\/posts\/108665\/revisions"}],"wp:featuredmedia":[{"embeddable":true,"href":"https:\/\/www.europesays.com\/fr\/wp-json\/wp\/v2\/media\/108666"}],"wp:attachment":[{"href":"https:\/\/www.europesays.com\/fr\/wp-json\/wp\/v2\/media?parent=108665"}],"wp:term":[{"taxonomy":"category","embeddable":true,"href":"https:\/\/www.europesays.com\/fr\/wp-json\/wp\/v2\/categories?post=108665"},{"taxonomy":"post_tag","embeddable":true,"href":"https:\/\/www.europesays.com\/fr\/wp-json\/wp\/v2\/tags?post=108665"}],"curies":[{"name":"wp","href":"https:\/\/api.w.org\/{rel}","templated":true}]}}