{"id":108667,"date":"2025-05-18T05:56:30","date_gmt":"2025-05-18T05:56:30","guid":{"rendered":"https:\/\/www.europesays.com\/fr\/108667\/"},"modified":"2025-05-18T05:56:30","modified_gmt":"2025-05-18T05:56:30","slug":"la-russie-et-lukraine-ont-bien-passe-un-accord-mais-il-ne-sagit-pas-dune-treve","status":"publish","type":"post","link":"https:\/\/www.europesays.com\/fr\/108667\/","title":{"rendered":"La Russie et l\u2019Ukraine ont bien pass\u00e9 un accord, mais il ne s\u2019agit pas d\u2019une tr\u00eave"},"content":{"rendered":"\n<p> La lecture de ce contenu est susceptible d\u2019entra\u00eener un d\u00e9p\u00f4t de cookies de la part de l\u2019op\u00e9rateur tiers qui l\u2019h\u00e9berge. Compte-tenu des choix que vous avez exprim\u00e9s en mati\u00e8re de d\u00e9p\u00f4t de cookies, nous avons bloqu\u00e9 l\u2019affichage de ce contenu. Si vous souhaitez y acc\u00e9der, vous devez accepter la cat\u00e9gorie de cookies \u201cContenus tiers\u201d en cliquant sur le bouton ci-dessous. <\/p>\n<p> Lire la Vid\u00e9o              <\/p>\n<p class=\"asset asset-text\">INTERNATIONAL &#8211; Les <a href=\"https:\/\/www.huffingtonpost.fr\/international\/video\/les-pourparlers-entre-la-russie-et-l-ukraine-en-turquie-tournent-au-chaos-des-reunions-attendues_250093.html\" rel=\"nofollow noopener\" target=\"_blank\">n\u00e9gociations directes entre la Russie et l\u2019Ukraine<\/a> \u00e0 Istanbul ont bien donn\u00e9 lieu \u00e0 un accord. R\u00e9unis vendredi 16\u00a0mai pour leurs <a href=\"https:\/\/www.huffingtonpost.fr\/international\/article\/pourparlers-de-paix-ukraine-russie-voici-le-point-qui-a-fait-echouer-les-discussions_250122.html\" rel=\"nofollow noopener\" target=\"_blank\">premiers pourparlers de paix depuis le printemps 2022<\/a>, Russes et Ukrainiens ont convenu d\u2019un \u00e9change important de prisonniers.<\/p>\n<p class=\"asset asset-text\">Les deux d\u00e9l\u00e9gations, men\u00e9es par le ministre de la D\u00e9fense c\u00f4t\u00e9 ukrainien et par un conseiller pr\u00e9sidentiel de second plan c\u00f4t\u00e9 russe, ont \u00e9chang\u00e9 pendant environ 1h40, entour\u00e9es des m\u00e9diateurs turcs, au palais de Dolmabah\u00e7e. La rencontre s\u2019est sold\u00e9e sans annonce de cessez-le-feu, pourtant \u00ab\u00a0la priorit\u00e9\u00a0\u00bb affich\u00e9e par Kiev et ses alli\u00e9s.<\/p>\n<p class=\"asset asset-text\">Ukrainiens et Russes ont toutefois annonc\u00e9 s\u2019\u00eatre mis d\u2019accord pour un \u00e9change \u00ab\u00a0massif\u00a0\u00bb de prisonniers, comme l\u2019a expliqu\u00e9 le n\u00e9gociateur en chef russe Vladimir Medinski, \u00ab\u00a0\u00e0 raison de 1.000 contre 1.000\u00a0\u00bb, et ce \u00ab\u00a0dans les prochains jours\u00a0\u00bb. \u00ab\u00a0Un grand r\u00e9sultat\u00a0\u00bb, s\u2019est f\u00e9licit\u00e9 Gueorgi\u00ef Tykhy, le porte-parole de la diplomatie ukrainienne.<\/p>\n<p class=\"asset asset-text\">La poursuite des pourparlers avec l\u2019Ukraine sera possible uniqument au terme de cet \u00e9change a fait savoir le porte-parole du Kremlin ce samedi 17\u00a0mai. \u00ab\u00a0Il reste \u00e0 faire ce dont les d\u00e9l\u00e9gations sont convenues hier. Il s\u2019agit bien s\u00fbr avant tout de proc\u00e9der \u00e0 l\u2019\u00e9change de  1.000 contre 1.000\u00a0\u00bb, a insist\u00e9 Dmitri Peskov.<\/p>\n<p class=\"asset asset-text\">Le chef de la d\u00e9l\u00e9gation ukrainienne, Roustem Oumerov, et Vladimir Medinski ont pr\u00e9cis\u00e9 que la partie ukrainienne avait \u00e9galement \u00e9voqu\u00e9 une \u00e9ventuelle rencontre entre les pr\u00e9sidents Volodymyr Zelensky et Vladimir Poutine &#8211; ce qui serait une premi\u00e8re depuis le d\u00e9but de l\u2019invasion russe -, le n\u00e9gociateur russe indiquant simplement que Moscou avait \u00ab\u00a0pris note de cette demande\u00a0\u00bb.<\/p>\n<p class=\"asset asset-text\">Cela doit \u00eatre \u00ab\u00a0la prochaine \u00e9tape\u00a0\u00bb, a martel\u00e9 de son c\u00f4t\u00e9 le n\u00e9gociateur ukrainien face aux journalistes. Vladimir Poutine a pourtant de facto refus\u00e9 cette semaine de rencontrer en Turquie son homologue ukrainien, qui le lui avait propos\u00e9.<\/p>\n<p class=\"asset asset-text\"><strong>\u00c0 voir \u00e9galement sur Le HuffPost\u00a0:<\/strong> <\/p>\n<p> La lecture de ce contenu est susceptible d\u2019entra\u00eener un d\u00e9p\u00f4t de cookies de la part de l\u2019op\u00e9rateur tiers qui l\u2019h\u00e9berge. Compte-tenu des choix que vous avez exprim\u00e9s en mati\u00e8re de d\u00e9p\u00f4t de cookies, nous avons bloqu\u00e9 l\u2019affichage de ce contenu. Si vous souhaitez y acc\u00e9der, vous devez accepter la cat\u00e9gorie de cookies \u201cContenus tiers\u201d en cliquant sur le bouton ci-dessous. <\/p>\n<p> Lire la Vid\u00e9o                    <\/p>\n","protected":false},"excerpt":{"rendered":"La lecture de ce contenu est susceptible d\u2019entra\u00eener un d\u00e9p\u00f4t de cookies de la part de l\u2019op\u00e9rateur tiers&hellip;\n","protected":false},"author":2,"featured_media":108668,"comment_status":"","ping_status":"","sticky":false,"template":"","format":"standard","meta":{"footnotes":""},"categories":[1591],"tags":[11,221,1887,131,14,12,1885,1886,132,220],"class_list":{"0":"post-108667","1":"post","2":"type-post","3":"status-publish","4":"format-standard","5":"has-post-thumbnail","7":"category-russie","8":"tag-actualites","9":"tag-cessez-le-feu","10":"tag-federation-de-russie","11":"tag-guerre-en-ukraine","12":"tag-international","13":"tag-news","14":"tag-russia","15":"tag-russian-federation","16":"tag-russie","17":"tag-ukraine"},"share_on_mastodon":{"url":"https:\/\/pubeurope.com\/@fr\/114527298055760108","error":""},"_links":{"self":[{"href":"https:\/\/www.europesays.com\/fr\/wp-json\/wp\/v2\/posts\/108667","targetHints":{"allow":["GET"]}}],"collection":[{"href":"https:\/\/www.europesays.com\/fr\/wp-json\/wp\/v2\/posts"}],"about":[{"href":"https:\/\/www.europesays.com\/fr\/wp-json\/wp\/v2\/types\/post"}],"author":[{"embeddable":true,"href":"https:\/\/www.europesays.com\/fr\/wp-json\/wp\/v2\/users\/2"}],"replies":[{"embeddable":true,"href":"https:\/\/www.europesays.com\/fr\/wp-json\/wp\/v2\/comments?post=108667"}],"version-history":[{"count":0,"href":"https:\/\/www.europesays.com\/fr\/wp-json\/wp\/v2\/posts\/108667\/revisions"}],"wp:featuredmedia":[{"embeddable":true,"href":"https:\/\/www.europesays.com\/fr\/wp-json\/wp\/v2\/media\/108668"}],"wp:attachment":[{"href":"https:\/\/www.europesays.com\/fr\/wp-json\/wp\/v2\/media?parent=108667"}],"wp:term":[{"taxonomy":"category","embeddable":true,"href":"https:\/\/www.europesays.com\/fr\/wp-json\/wp\/v2\/categories?post=108667"},{"taxonomy":"post_tag","embeddable":true,"href":"https:\/\/www.europesays.com\/fr\/wp-json\/wp\/v2\/tags?post=108667"}],"curies":[{"name":"wp","href":"https:\/\/api.w.org\/{rel}","templated":true}]}}