{"id":108671,"date":"2025-05-18T05:58:12","date_gmt":"2025-05-18T05:58:12","guid":{"rendered":"https:\/\/www.europesays.com\/fr\/108671\/"},"modified":"2025-05-18T05:58:12","modified_gmt":"2025-05-18T05:58:12","slug":"usa-des-tempetes-balaient-le-kentucky-et-le-missouri-au-moins-21-morts-17-05-2025-a-1628","status":"publish","type":"post","link":"https:\/\/www.europesays.com\/fr\/108671\/","title":{"rendered":"USA-Des temp\u00eates balaient le Kentucky et le Missouri, au moins 21 morts &#8211; 17\/05\/2025 \u00e0 16:28"},"content":{"rendered":"<p>\n (Bilan actualis\u00e9)\n<\/p>\n<p>\n De violentes temp\u00eates et des tornades ont fait au moins 21<br \/>\nmorts dans le Kentucky et le Missouri, ont d\u00e9clar\u00e9 samedi les<br \/>\nautorit\u00e9s de ces deux Etats am\u00e9ricains, qui s&rsquo;attendent \u00e0 voir<br \/>\nce bilan s&rsquo;alourdir.\n<\/p>\n<p>\n Le gouverneur du Kentucky, Andy Beshear, a fait \u00e9tat de<br \/>\n14 morts dans son Etat.\n<\/p>\n<p>\n Les autorit\u00e9s avaient auparavant annonc\u00e9 qu&rsquo;une tornade<br \/>\ns&rsquo;\u00e9tait abattue vendredi sur Saint-Louis, dans le Missouri,<br \/>\nemportant les toits de quelque 5.000 b\u00e2timents, provoquant la<br \/>\nchute de lignes \u00e9lectriques et balayant une grande art\u00e8re de la<br \/>\nville en pleine heure de pointe.\n<\/p>\n<p>\n Cinq personnes sont mortes dans les intemp\u00e9ries \u00e0<br \/>\nSaint-Louis et deux autres dans le comt\u00e9 de Scott, dans le<br \/>\nsud-est du Missouri, selon un bilan des autorit\u00e9s fourni par NEC<br \/>\nNews.\n<\/p>\n<p>\n \u00ab\u00a0Notre ville est en deuil ce soir\u00a0\u00bb, a d\u00e9clar\u00e9 \u00e0 la presse la<br \/>\nmaire de la ville, Cara Spencer. \u00ab\u00a0Les pertes en vies humaines et<br \/>\nles destructions sont vraiment, vraiment horribles.\u00a0\u00bb\n<\/p>\n<p>\n Un porte-parole de l&rsquo;h\u00f4pital pour enfants de Saint-Louis et<br \/>\nde l&rsquo;h\u00f4pital Barnes-Jewish a d\u00e9clar\u00e9 \u00e0 la cha\u00eene NEC qu&rsquo;au moins<br \/>\n35 personnes bless\u00e9es avaient \u00e9t\u00e9 admises dans les deux<br \/>\n\u00e9tablissements \u00e0 la suite des intemp\u00e9ries, dont 15 \u00e0 l&rsquo;h\u00f4pital<br \/>\npour enfants et 20, voire 30 \u00e0 Barnes-Jewish.\n<\/p>\n<p>\n Un couvre-feu a \u00e9t\u00e9 impos\u00e9 de 21h00 \u00e0 06h00 (0200-1100<br \/>\nGMT) dans les deux quartiers les plus touch\u00e9s afin d&rsquo;\u00e9viter les<br \/>\npillages et le risque de voir des personnes bless\u00e9es par des<br \/>\nd\u00e9bris.\n<\/p>\n<p>\n Environ 500 secouristes, dont 17 \u00e9quipes de recherche, ont<br \/>\n\u00e9t\u00e9 d\u00e9ploy\u00e9s, et les premi\u00e8res constations sugg\u00e8rent que le<br \/>\nnombre de bless\u00e9s est relativement faible au regard de<br \/>\nl&rsquo;ensemble des d\u00e9g\u00e2ts, a d\u00e9clar\u00e9 le chef des pompiers Denis<br \/>\nHenderson.\n<\/p>\n<p>\n Le service national de m\u00e9t\u00e9orologie a signal\u00e9 au moins une<br \/>\ndemi-douzaine de tornades dans le Missouri et l&rsquo;Illinois voisin,<br \/>\nainsi que d&rsquo;autres ph\u00e9nom\u00e8nes violents jusqu&rsquo;\u00e0 la c\u00f4te<br \/>\natlantique, dont une tornade dans le New Jersey.\n<\/p>\n<p>\n (Reportage Daniel Trotta, Harshita Meenaktshi, Steve Gorman et<br \/>\nFrank McGurty ; version fran\u00e7aise Camille Raynaud et Benjamin<br \/>\nMallet)<\/p>\n","protected":false},"excerpt":{"rendered":"(Bilan actualis\u00e9) De violentes temp\u00eates et des tornades ont fait au moins 21 morts dans le Kentucky et&hellip;\n","protected":false},"author":2,"featured_media":2486,"comment_status":"","ping_status":"","sticky":false,"template":"","format":"standard","meta":{"footnotes":""},"categories":[1589],"tags":[400,11,398,408,405,73,1866,403,402,399,404,12,401,406,1864,1865,1863,308,407],"class_list":{"0":"post-108671","1":"post","2":"type-post","3":"status-publish","4":"format-standard","5":"has-post-thumbnail","7":"category-etats-unis","8":"tag-action-cac-40","9":"tag-actualites","10":"tag-bourse-de-paris","11":"tag-boursorama","12":"tag-cotations","13":"tag-etats-unis","14":"tag-etats-unis-damerique","15":"tag-indices-devises","16":"tag-investir","17":"tag-investissement","18":"tag-marche-boursier","19":"tag-news","20":"tag-sicav","21":"tag-trackers","22":"tag-united-states","23":"tag-united-states-of-america","24":"tag-us","25":"tag-usa","26":"tag-warrants"},"share_on_mastodon":{"url":"https:\/\/pubeurope.com\/@fr\/114527306064002812","error":""},"_links":{"self":[{"href":"https:\/\/www.europesays.com\/fr\/wp-json\/wp\/v2\/posts\/108671","targetHints":{"allow":["GET"]}}],"collection":[{"href":"https:\/\/www.europesays.com\/fr\/wp-json\/wp\/v2\/posts"}],"about":[{"href":"https:\/\/www.europesays.com\/fr\/wp-json\/wp\/v2\/types\/post"}],"author":[{"embeddable":true,"href":"https:\/\/www.europesays.com\/fr\/wp-json\/wp\/v2\/users\/2"}],"replies":[{"embeddable":true,"href":"https:\/\/www.europesays.com\/fr\/wp-json\/wp\/v2\/comments?post=108671"}],"version-history":[{"count":0,"href":"https:\/\/www.europesays.com\/fr\/wp-json\/wp\/v2\/posts\/108671\/revisions"}],"wp:featuredmedia":[{"embeddable":true,"href":"https:\/\/www.europesays.com\/fr\/wp-json\/wp\/v2\/media\/2486"}],"wp:attachment":[{"href":"https:\/\/www.europesays.com\/fr\/wp-json\/wp\/v2\/media?parent=108671"}],"wp:term":[{"taxonomy":"category","embeddable":true,"href":"https:\/\/www.europesays.com\/fr\/wp-json\/wp\/v2\/categories?post=108671"},{"taxonomy":"post_tag","embeddable":true,"href":"https:\/\/www.europesays.com\/fr\/wp-json\/wp\/v2\/tags?post=108671"}],"curies":[{"name":"wp","href":"https:\/\/api.w.org\/{rel}","templated":true}]}}