{"id":108672,"date":"2025-05-18T05:59:12","date_gmt":"2025-05-18T05:59:12","guid":{"rendered":"https:\/\/www.europesays.com\/fr\/108672\/"},"modified":"2025-05-18T05:59:12","modified_gmt":"2025-05-18T05:59:12","slug":"apres-la-decision-de-la-cour-supreme-britannique-sur-le-terme-femme-la-confusion-regne","status":"publish","type":"post","link":"https:\/\/www.europesays.com\/fr\/108672\/","title":{"rendered":"Apr\u00e8s la d\u00e9cision de la Cour supr\u00eame britannique sur le terme \u201cfemme\u201d, la confusion r\u00e8gne"},"content":{"rendered":"\n<p>C\u2019est une d\u00e9cision historique. Le 16\u00a0avril, la Cour supr\u00eame britannique a statu\u00e9 que dans l\u2019Equality Act de 2010 \u2013 la grande loi antidiscrimination du Royaume-Uni \u2013, la d\u00e9finition des mots \u201chomme\u201d et \u201cfemme\u201d s\u2019appuyait sur le sexe biologique des individus. Ce jugement vient mettre fin \u00e0 de longues ann\u00e9es de flou juridique. Le sexe \u00e9tant une \u201ccaract\u00e9ristique prot\u00e9g\u00e9e\u201d aux yeux de l\u2019Equality Act, c\u2019est-\u00e0-dire que la loi interdit toute discrimination sur la base de ce crit\u00e8re, les espaces ou services r\u00e9serv\u00e9s aux femmes, comme les toilettes publiques, peuvent d\u00e9sormais \u00eatre interdits aux femmes transgenres (car consid\u00e9r\u00e9es comme des hommes sur le plan biologique).<\/p>\n<p>D\u00e8s le lendemain, la police ferroviaire a annonc\u00e9 que les fouilles corporelles seraient d\u00e9sormais men\u00e9es par des agents du m\u00eame sexe biologique que la personne interpell\u00e9e, et non plus en fonction du genre auquel cette derni\u00e8re s\u2019identifie. [Le 1er\u00a0mai, les f\u00e9d\u00e9rations de football anglaise et \u00e9cossaise ont communiqu\u00e9 leur intention d\u2019exclure les femmes trans des \u00e9quipes f\u00e9minines d\u00e8s le mois de juin.]<\/p>\n<p>L\u2019annonce du jugement a <a href=\"https:\/\/www.courrierinternational.com\/article\/des-milliers-de-britanniques-manifestent-contre-un-jugement-sur-la-definition-legale-des-femmes_230076\" target=\"_blank\" rel=\"noopener\">d\u00e9vast\u00e9 la communaut\u00e9 trans<\/a> et r\u00e9joui les f\u00e9ministes oppos\u00e9es \u00e0 la notion de genre, dont il refl\u00e8te les opinions. Keir Starmer, le Premier ministre travailliste, a remerci\u00e9 la Cour pour cette clarification indispensable. Pourtant, quelques semaines plus tard, l\u2019espoir de voir cette d\u00e9cision r\u00e9gler rapidement l\u2019un de d\u00e9bats les plus clivants du Royaume-Uni s\u2019est envol\u00e9. Car une victoire juridique, tout historique qu\u2019elle soit, ne signifie pas la fin de la guerre du genre.<\/p>\n<p> Quelque 8\u00a0500\u00a0personnes concern\u00e9es <\/p>\n<p>Le jugement en lui-m\u00eame est on ne peut plus clair. Et si la plus haute juridiction britannique n\u2019est pas la premi\u00e8re \u00e0 statuer sur cette question dans le monde, c\u2019est elle qui s\u2019est montr\u00e9e la plus explicite. Jusqu\u2019\u00e0 pr\u00e9sent, dans l\u2019interpr\u00e9tation la plus courante de l\u2019Equality Act, le mot \u201cfemme\u201d d\u00e9signait \u00e0 la fois les femmes cisgenres et les femmes transgenres en possession d\u2019un certificat de reconnaissance du genre (GRC), un document d\u00e9livr\u00e9 \u00e0 quelque 8\u00a0500\u00a0personnes au Royaume-Uni et qui autorise officiellement le changement de sexe \u00e0 l\u2019\u00e9tat civil.<\/p>\n<p>L\u2019Equality Ac<\/p>\n<p> <strong>La\u00a0suite est r\u00e9serv\u00e9e aux abonn\u00e9s\u2026 <\/strong> <\/p>\n<p class=\"article-vo\"><a href=\"https:\/\/www.economist.com\/britain\/2025\/05\/01\/women-win-legal-clarity-but-britains-gender-wars-intensify\" rel=\"noopener\" target=\"_blank\">Lire l\u2019article original<\/a><\/p>\n<p>Source de l\u2019article<\/p>\n<p>   <img decoding=\"async\" class=\"source-logo\" src=\"https:\/\/www.europesays.com\/fr\/wp-content\/uploads\/2025\/05\/4704ab8_1692975814554-e.png\"  alt=\"Logo\" loading=\"lazy\" width=\"32\" height=\"32\"\/>  The Economist  (Londres)       <\/p>\n<p>Grande institution de la presse britannique, The Economist, fond\u00e9 en 1843 par un chapelier \u00e9cossais, est la bible de tous ceux qui s\u2019int\u00e9ressent \u00e0 l\u2019actualit\u00e9 internationale. Ouvertement lib\u00e9ral, il d\u00e9fend g\u00e9n\u00e9ralement le libre-\u00e9change, la mondialisation, l\u2019immigration et le lib\u00e9ralisme culturel. Il est imprim\u00e9 dans six pays, et 85\u00a0% de ses ventes se font \u00e0 l\u2019ext\u00e9rieur du Royaume-Uni.<\/p>\n<p>Aucun des articles n\u2019est sign\u00e9\u00a0: une tradition de longue date que l\u2019hebdomadaire soutient par l\u2019id\u00e9e que \u201cla personnalit\u00e9 et la voix collective comptent plus que l\u2019identit\u00e9 individuelle des journalistes\u201d.<\/p>\n<p>Sur le site de The Economist, outre les principaux articles du journal, on trouve d\u2019excellents dossiers th\u00e9matiques et g\u00e9ographiques faits par The Economist Intelligence Unit, ainsi que des\u00a0<a href=\"http:\/\/www.economist.com\/multimedia\" target=\"_blank\" rel=\"noopener\">contenus multim\u00e9dias,<\/a> des\u00a0<a href=\"http:\/\/www.economist.com\/latest-updates\" target=\"_blank\" rel=\"noopener\">blogs<\/a>\u00a0et le calendrier des\u00a0<a href=\"http:\/\/www.economist.com\/events-conferences\/emea\" target=\"_blank\" rel=\"noopener\">conf\u00e9rences<\/a>\u00a0organis\u00e9es par le journal \u00e0 travers le monde. En prime\u00a0: la mise \u00e0 jour r\u00e9guli\u00e8re des principaux cours de la Bourse.<\/p>\n<p>La couverture du magazine peut varier selon les \u00e9ditions (Royaume-Uni, Europe, Am\u00e9rique du Nord, Asie), mais le contenu est le m\u00eame\u2009; au Royaume-Uni, cependant, quelques pages suppl\u00e9mentaires traitent de l\u2019actualit\u00e9 nationale.<br \/>The Economist appartient pour 43,4\u00a0% \u00e0 la famille italienne Agnelli, le reste du capital \u00e9tant r\u00e9parti entre de grandes familles britanniques (Cadbury, Rothschild, Schroders\u2026) et des membres de la\u00a0r\u00e9daction.<\/p>\n<p>      <a href=\"https:\/\/www.courrierinternational.com\/notule-source\/the-economist\" class=\"source-link\" target=\"_blank\" rel=\"noopener\">Lire la suite<\/a>                 <\/p>\n<p>Nos services<\/p>\n","protected":false},"excerpt":{"rendered":"C\u2019est une d\u00e9cision historique. Le 16\u00a0avril, la Cour supr\u00eame britannique a statu\u00e9 que dans l\u2019Equality Act de 2010&hellip;\n","protected":false},"author":2,"featured_media":108673,"comment_status":"","ping_status":"","sticky":false,"template":"","format":"standard","meta":{"footnotes":""},"categories":[1588],"tags":[11,1777,674,12152,12,473,1853,1857,12154,1851,1850,1852],"class_list":{"0":"post-108672","1":"post","2":"type-post","3":"status-publish","4":"format-standard","5":"has-post-thumbnail","7":"category-royaume-uni","8":"tag-actualites","9":"tag-eu","10":"tag-europe","11":"tag-fu00e9minisme","12":"tag-news","13":"tag-royaume-uni","14":"tag-royaume-uni-de-grande-bretagne-et-dirlande-du-nord","15":"tag-sociu00e9tu00e9","16":"tag-transgenres-et-transidentitu00e9s","17":"tag-uk","18":"tag-united-kingdom","19":"tag-united-kingdom-of-great-britain-and-northern-ireland"},"share_on_mastodon":{"url":"https:\/\/pubeurope.com\/@fr\/114527309897236197","error":""},"_links":{"self":[{"href":"https:\/\/www.europesays.com\/fr\/wp-json\/wp\/v2\/posts\/108672","targetHints":{"allow":["GET"]}}],"collection":[{"href":"https:\/\/www.europesays.com\/fr\/wp-json\/wp\/v2\/posts"}],"about":[{"href":"https:\/\/www.europesays.com\/fr\/wp-json\/wp\/v2\/types\/post"}],"author":[{"embeddable":true,"href":"https:\/\/www.europesays.com\/fr\/wp-json\/wp\/v2\/users\/2"}],"replies":[{"embeddable":true,"href":"https:\/\/www.europesays.com\/fr\/wp-json\/wp\/v2\/comments?post=108672"}],"version-history":[{"count":0,"href":"https:\/\/www.europesays.com\/fr\/wp-json\/wp\/v2\/posts\/108672\/revisions"}],"wp:featuredmedia":[{"embeddable":true,"href":"https:\/\/www.europesays.com\/fr\/wp-json\/wp\/v2\/media\/108673"}],"wp:attachment":[{"href":"https:\/\/www.europesays.com\/fr\/wp-json\/wp\/v2\/media?parent=108672"}],"wp:term":[{"taxonomy":"category","embeddable":true,"href":"https:\/\/www.europesays.com\/fr\/wp-json\/wp\/v2\/categories?post=108672"},{"taxonomy":"post_tag","embeddable":true,"href":"https:\/\/www.europesays.com\/fr\/wp-json\/wp\/v2\/tags?post=108672"}],"curies":[{"name":"wp","href":"https:\/\/api.w.org\/{rel}","templated":true}]}}