{"id":108687,"date":"2025-05-18T06:08:09","date_gmt":"2025-05-18T06:08:09","guid":{"rendered":"https:\/\/www.europesays.com\/fr\/108687\/"},"modified":"2025-05-18T06:08:09","modified_gmt":"2025-05-18T06:08:09","slug":"vous-avez-huit-jours-pour-revenir-avec-un-autre-etat-desprit-la-colere-froide-du-toulousain-ugo-mola-envers-ses-joueurs","status":"publish","type":"post","link":"https:\/\/www.europesays.com\/fr\/108687\/","title":{"rendered":"\u00abVous avez huit jours pour revenir avec un autre \u00e9tat d\u2019esprit\u00bb, la col\u00e8re froide du Toulousain Ugo Mola envers ses joueurs"},"content":{"rendered":"<p>Apr\u00e8s la d\u00e9faite \u00e0 domicile face au Racing 92, 35-37, le manager du Stade Toulousain n\u2019a pas m\u00e2ch\u00e9 ses mots envers sa troupe.<\/p>\n<p class=\"fig-paragraph\">Le Stade Toulousain vient de\u00a0<a href=\"http:\/\/www.lefigaro.fr\/sports\/rugby\/top-14\/top-14-immense-exploit-du-racing-92-vainqueur-a-ernest-wallon-du-stade-toulousain-20250517\" data-fig-type=\"NewsFlash\" data-gtm-custom-categorie=\"navigation\" data-gtm-custom-action=\"crossclick\" data-gtm-custom-label=\"Contextuel\" data-gtm-event=\"customEventSPE\" data-fig-domain=\"LEFIGARO\" target=\"_blank\" rel=\"noopener\">conc\u00e9der sa deuxi\u00e8me d\u00e9faite \u00e0 domicile<\/a>\u00a0(apr\u00e8s l\u2019UBB) face au Racing 92 (35-37). Ugo Mola, aper\u00e7u passablement agac\u00e9 sur son banc de touche, se met au milieu du cercle constitu\u00e9 par ses joueurs pour le traditionnel discours de fin de match<\/p>\n<p class=\"fig-paragraph\">Le discours est sec, le constat implacable, la col\u00e8re \u00e0 peine rentr\u00e9e. \u00abRendez-vous dans huit jours. Avec l\u2019engagement qu\u2019on a pris dans la gueule aujourd\u2019hui, si on n\u2019en met pas autant, a minima\u2026 Pas un ballon pris, sept rucks perdus\u00a0: les gars vous pouvez m\u2019expliquer ce que vous voulez, faire toutes les soir\u00e9es que vous voulez\u2026 Chacun se regarde, vous avez huit jours pour revenir avec un autre \u00e9tat d\u2019esprit. Sinon on donne le championnat comme on a donn\u00e9 la coupe d\u2019Europe \u00e0 d\u2019autres. Bonne soir\u00e9e\u00a0!\u00bb<\/p>\n<p class=\"fig-paragraph\">Et de quitter le cercle sans un regard. Le rendez-vous est fix\u00e9. Apr\u00e8s la semaine de repos pour cause de finale de Champions Cup, que le tenant du titre ne d\u00e9fendra pas, il attend une prise de conscience et une r\u00e9action de sa troupe.<\/p>\n","protected":false},"excerpt":{"rendered":"Apr\u00e8s la d\u00e9faite \u00e0 domicile face au Racing 92, 35-37, le manager du Stade Toulousain n\u2019a pas m\u00e2ch\u00e9&hellip;\n","protected":false},"author":2,"featured_media":108688,"comment_status":"","ping_status":"","sticky":false,"template":"","format":"standard","meta":{"footnotes":""},"categories":[1416],"tags":[525,4590,1981,2313,814,1011,27,955,4589,2311,1980,479,1468,2259,60,478,2310,2312],"class_list":{"0":"post-108687","1":"post","2":"type-post","3":"status-publish","4":"format-standard","5":"has-post-thumbnail","7":"category-rugby","8":"tag-calendrier","9":"tag-championnat-france","10":"tag-classement","11":"tag-clermont","12":"tag-direct","13":"tag-fr","14":"tag-france","15":"tag-match","16":"tag-phase-finale","17":"tag-racing","18":"tag-resultats","19":"tag-rugby","20":"tag-rugby-football","21":"tag-score","22":"tag-sports","23":"tag-top-14","24":"tag-toulon","25":"tag-toulouse"},"share_on_mastodon":{"url":"https:\/\/pubeurope.com\/@fr\/114527345335946543","error":""},"_links":{"self":[{"href":"https:\/\/www.europesays.com\/fr\/wp-json\/wp\/v2\/posts\/108687","targetHints":{"allow":["GET"]}}],"collection":[{"href":"https:\/\/www.europesays.com\/fr\/wp-json\/wp\/v2\/posts"}],"about":[{"href":"https:\/\/www.europesays.com\/fr\/wp-json\/wp\/v2\/types\/post"}],"author":[{"embeddable":true,"href":"https:\/\/www.europesays.com\/fr\/wp-json\/wp\/v2\/users\/2"}],"replies":[{"embeddable":true,"href":"https:\/\/www.europesays.com\/fr\/wp-json\/wp\/v2\/comments?post=108687"}],"version-history":[{"count":0,"href":"https:\/\/www.europesays.com\/fr\/wp-json\/wp\/v2\/posts\/108687\/revisions"}],"wp:featuredmedia":[{"embeddable":true,"href":"https:\/\/www.europesays.com\/fr\/wp-json\/wp\/v2\/media\/108688"}],"wp:attachment":[{"href":"https:\/\/www.europesays.com\/fr\/wp-json\/wp\/v2\/media?parent=108687"}],"wp:term":[{"taxonomy":"category","embeddable":true,"href":"https:\/\/www.europesays.com\/fr\/wp-json\/wp\/v2\/categories?post=108687"},{"taxonomy":"post_tag","embeddable":true,"href":"https:\/\/www.europesays.com\/fr\/wp-json\/wp\/v2\/tags?post=108687"}],"curies":[{"name":"wp","href":"https:\/\/api.w.org\/{rel}","templated":true}]}}