{"id":108696,"date":"2025-05-18T06:14:08","date_gmt":"2025-05-18T06:14:08","guid":{"rendered":"https:\/\/www.europesays.com\/fr\/108696\/"},"modified":"2025-05-18T06:14:08","modified_gmt":"2025-05-18T06:14:08","slug":"psg-doue-revient-sur-la-soufflante-poussee-par-luis-enrique","status":"publish","type":"post","link":"https:\/\/www.europesays.com\/fr\/108696\/","title":{"rendered":"PSG- Dou\u00e9 revient sur la soufflante pouss\u00e9e par Luis Enrique"},"content":{"rendered":"<p>Le PSG s\u2019est impos\u00e9 contre l\u2019AJ Auxerre (3-1) gr\u00e2ce \u00e0 une<br \/>\ndeuxi\u00e8me mi-temps de bien meilleure qualit\u00e9 que la premi\u00e8re. Une<br \/>\nsituation qui a d\u00e9plu \u00e0 Luis Enrique comme l\u2019a confi\u00e9<br \/>\n<strong>D\u00e9sir\u00e9 Dou\u00e9.<\/strong><\/p>\n<p>La saison en Ligue 1 s\u2019est termin\u00e9e de la meilleure des mani\u00e8res<br \/>\npour le PSG avec une nouvelle victoire au Parc des Princes face \u00e0<br \/>\nl\u2019AJA (3-1). Pourtant les Rouge &amp; Bleu \u00e9taient men\u00e9s \u00e0 la pause, au<br \/>\nterme d\u2019une premi\u00e8re p\u00e9riode domin\u00e9e mais poussive. Une situation<br \/>\nqui n\u2019a pas du tout plu \u00e0 <strong><a href=\"https:\/\/canal-supporters.com\/luis-enrique-veut-aller-tranquille-a-munich\/\" title=\"\" rel=\"nofollow noopener\" target=\"_blank\">Luis Enrique,<\/a> comme l\u2019a confi\u00e9 D\u00e9sir\u00e9 Dou\u00e9 au micro de<br \/>\n<a href=\"https:\/\/x.com\/DAZN_FR\" title=\"\" rel=\"nofollow\">DAZN<\/a>.<\/strong><\/p>\n<blockquote class=\"wp-block-quote is-layout-flow wp-block-quote-is-layout-flow\">\n<p><strong>Luis Enrique \u00e9tait un peu en col\u00e8re sur certaines<br \/>\ns\u00e9quences et \u00e9tait soulag\u00e9 lorsque Kvara a inscrit le troisi\u00e8me<br \/>\nbut. C\u2019\u00e9tait important de bien finir la saison ?<\/strong><\/p>\n<p>\u00ab\u00a0Exactement, c\u2019\u00e9tait tr\u00e8s important de bien finir la<br \/>\nsaison ! Lors de la premi\u00e8re mi-temps, on a vu qu\u2019il y avait des<br \/>\nchoses \u00e0 corriger et on a mis beaucoup de s\u00e9rieux en deuxi\u00e8me<br \/>\nmi-temps. On a su cr\u00e9er des occasions et \u00eatre efficaces. C\u2019est<br \/>\nsuper ! On finit de belle mani\u00e8re devant nos supporters, donc on<br \/>\nles remercie !\u00a0\u00bb<\/p>\n<p><strong>Il a pouss\u00e9 une petite soufflante, le coach, \u00e0 la<br \/>\nmi-temps ?<\/strong><\/p>\n<p>\u00ab\u00a0Oui\u2026 Parce qu\u2019on sait lorsqu\u2019on on a des choses \u00e0<br \/>\nam\u00e9liorer sur certaines p\u00e9riodes de jeu, donc on \u00e9tait tous<br \/>\nconscients qu\u2019il fallait faire mieux en deuxi\u00e8me mi-temps. C\u2019est ce<br \/>\nqu\u2019on a fait, et on est tr\u00e8s contents !\u00a0\u00bb<\/p>\n<\/blockquote>\n<p>Interrog\u00e9 sur la finale de la <strong>Ligue des<br \/>\nChampions<\/strong> \u00e0 venir, le jeune international fran\u00e7ais veut<br \/>\nprendre les matchs les uns apr\u00e8s les autres.<\/p>\n<blockquote class=\"wp-block-quote is-layout-flow wp-block-quote-is-layout-flow\">\n<p>\u00ab\u00a0Chaque match ce sont des finales pour nous ! Il nous<br \/>\nen reste deux pour cette saison avant le <strong>Mondial des<br \/>\nClubs.<\/strong> On va se concentrer sur la Coupe de France, aller<br \/>\nremporter ce troph\u00e9e qui est tr\u00e8s important. Et apr\u00e8s on pourra se<br \/>\nconcentrer sur la <strong>Ligue des Champions<\/strong><br \/>\n!\u00a0\u00bb<\/p>\n<\/blockquote>\n","protected":false},"excerpt":{"rendered":"Le PSG s\u2019est impos\u00e9 contre l\u2019AJ Auxerre (3-1) gr\u00e2ce \u00e0 une deuxi\u00e8me mi-temps de bien meilleure qualit\u00e9 que&hellip;\n","protected":false},"author":2,"featured_media":108697,"comment_status":"","ping_status":"","sticky":false,"template":"","format":"standard","meta":{"footnotes":""},"categories":[1410],"tags":[448,4928,1640,63,1011,27,789,447,921,91,92,93,22625,60,96],"class_list":{"0":"post-108696","1":"post","2":"type-post","3":"status-publish","4":"format-standard","5":"has-post-thumbnail","7":"category-football","8":"tag-champions-league","9":"tag-dazn","10":"tag-desire-doue","11":"tag-football","12":"tag-fr","13":"tag-france","14":"tag-ldc","15":"tag-ligue-des-champions","16":"tag-luis-enrique","17":"tag-paris-saint-germain","18":"tag-paris-sg","19":"tag-psg","20":"tag-psg-aja","21":"tag-sports","22":"tag-une"},"share_on_mastodon":{"url":"https:\/\/pubeurope.com\/@fr\/114527368932608447","error":""},"_links":{"self":[{"href":"https:\/\/www.europesays.com\/fr\/wp-json\/wp\/v2\/posts\/108696","targetHints":{"allow":["GET"]}}],"collection":[{"href":"https:\/\/www.europesays.com\/fr\/wp-json\/wp\/v2\/posts"}],"about":[{"href":"https:\/\/www.europesays.com\/fr\/wp-json\/wp\/v2\/types\/post"}],"author":[{"embeddable":true,"href":"https:\/\/www.europesays.com\/fr\/wp-json\/wp\/v2\/users\/2"}],"replies":[{"embeddable":true,"href":"https:\/\/www.europesays.com\/fr\/wp-json\/wp\/v2\/comments?post=108696"}],"version-history":[{"count":0,"href":"https:\/\/www.europesays.com\/fr\/wp-json\/wp\/v2\/posts\/108696\/revisions"}],"wp:featuredmedia":[{"embeddable":true,"href":"https:\/\/www.europesays.com\/fr\/wp-json\/wp\/v2\/media\/108697"}],"wp:attachment":[{"href":"https:\/\/www.europesays.com\/fr\/wp-json\/wp\/v2\/media?parent=108696"}],"wp:term":[{"taxonomy":"category","embeddable":true,"href":"https:\/\/www.europesays.com\/fr\/wp-json\/wp\/v2\/categories?post=108696"},{"taxonomy":"post_tag","embeddable":true,"href":"https:\/\/www.europesays.com\/fr\/wp-json\/wp\/v2\/tags?post=108696"}],"curies":[{"name":"wp","href":"https:\/\/api.w.org\/{rel}","templated":true}]}}