{"id":108704,"date":"2025-05-18T06:19:10","date_gmt":"2025-05-18T06:19:10","guid":{"rendered":"https:\/\/www.europesays.com\/fr\/108704\/"},"modified":"2025-05-18T06:19:10","modified_gmt":"2025-05-18T06:19:10","slug":"louane-devoile-pour-la-premiere-fois-une-photo-de-sa-fille-avant-la-grande-finale-de-leurovision","status":"publish","type":"post","link":"https:\/\/www.europesays.com\/fr\/108704\/","title":{"rendered":"Louane d\u00e9voile pour la premi\u00e8re fois une photo de sa fille avant la grande finale de l&rsquo;Eurovision"},"content":{"rendered":"<p>\u00c0 quelques heures de monter sur la sc\u00e8ne de l&rsquo;Eurovision , Louane a cr\u00e9\u00e9 l&rsquo;\u00e9v\u00e9nement sur les r\u00e9seaux sociaux. La chanteuse de 28 ans, d&rsquo;ordinaire si discr\u00e8te sur sa vie priv\u00e9e, a partag\u00e9 un clich\u00e9 totalement in\u00e9dit de sa fille Esm\u00e9e. Une premi\u00e8re qui a fait sensation aupr\u00e8s de ses fans ! Le grand d\u00e9voilement de Louane C&rsquo;est via son compte Instagram que Louane a fait chavirer le c\u0153ur de ses abonn\u00e9s. Dans une publication charg\u00e9e d&rsquo;\u00e9motion, la jeune maman a d\u00e9voil\u00e9 deux photos symboliques : l&rsquo;une avec sa propre m\u00e8re Isabel, et l&rsquo;autre \u2014 et c&rsquo;est l\u00e0 toute la surprise \u2014 avec sa petite Esm\u00e9e , \u00e2g\u00e9e de 5 ans. Si la fillette appara\u00eet de dos, prot\u00e9geant ainsi son intimit\u00e9, on d\u00e9couvre n\u00e9anmoins sa magnifique chevelure blonde qui cascade sur ses \u00e9paules. M\u00eame style vestimentaire, m\u00eame teinte de cheveux&#8230; La ressemblance entre la m\u00e8re et la fille saute aux yeux ! \u00ab\u00a0Quand les r\u00eaves deviennent r\u00e9alit\u00e9. \u00c0 ma m\u00e8re, \u00e0 ma fille, je vous aime\u00a0\u00bb , a \u00e9crit l&rsquo;artiste en l\u00e9gende. Cette publication marque un v\u00e9ritable tournant pour Louane qui, jusqu&rsquo;\u00e0 pr\u00e9sent, n&rsquo;avait partag\u00e9 que quelques rares clich\u00e9s montrant simplement les mains de sa fille. La voir ainsi, m\u00eame de dos, assise sur les genoux de sa maman qui l&rsquo;observe avec des yeux d\u00e9bordants de tendresse, a cr\u00e9\u00e9 l&rsquo;\u00e9v\u00e9nement. Voir cette publication sur Instagram Une publication partag\u00e9e par LOUANE (@watchoutforthetornado) L\u2019hommage de Louane \u00e0 sa m\u00e8re et sa fille \u00e0 l\u2019Eurovision Ce partage si personnel n&rsquo;est pas anodin. Il fait directement \u00e9cho au titre \u00ab\u00a0Maman\u00a0\u00bb que Louane d\u00e9fendra ce samedi soir \u00e0 B\u00e2le. La chanson, v\u00e9ritable fil conducteur entre trois g\u00e9n\u00e9rations de femmes, prend d\u00e9sormais une dimension encore plus touchante. \u00ab\u00a0Cette chanson, c&rsquo;est un lien, une mani\u00e8re de faire rencontrer ma m\u00e8re et ma fille\u00a0\u00bb, avait confi\u00e9 la chanteuse. On comprend mieux pourquoi elle a choisi ce moment pr\u00e9cis pour lever un peu le voile sur sa vie familiale. \u00c0 lire \u00e9galement \u00ab\u00a0La France a le droit d\u2019y croire\u00a0\u00bb : Pourquoi Louane peut remporter l\u2019Eurovision selon St\u00e9phane Bern (EXCLU) La petite Esm\u00e9e, fruit de son amour avec le musicien Florian Rossi, est n\u00e9e en mars 2020 . Sa naissance a profond\u00e9ment transform\u00e9 Louane : \u00ab\u00a0J&rsquo;ai recommenc\u00e9 \u00e0 aller en th\u00e9rapie quand elle est n\u00e9e, parce que je me suis dit : \u00e0 aucun moment, je ne veux que mes n\u00e9vroses se posent sur elle\u00a0\u00bb , avait-elle expliqu\u00e9 sans d\u00e9tour dans \u00ab\u00a050&prime; Inside\u00a0\u00bb. Le r\u00eave d&rsquo;une m\u00e8re qui devient r\u00e9alit\u00e9 Si Louane se retrouve aujourd&rsquo;hui \u00e0 l&rsquo;Eurovision , c&rsquo;est aussi pour honorer une pr\u00e9diction maternelle . Isabel, sa m\u00e8re d\u00e9c\u00e9d\u00e9e d&rsquo;un cancer en 2014, lui r\u00e9p\u00e9tait souvent : \u00ab\u00a0Un jour, tu feras l&rsquo;Eurovision\u00a0\u00bb. Un concours qu&rsquo;elles regardaient ensemble chaque ann\u00e9e. \u00a0\u00bb C&rsquo;\u00e9tait le r\u00eave de ma maman. Le mien aussi \u00ab\u00a0, avait r\u00e9v\u00e9l\u00e9 Louane au Parisien. Cette participation prend donc une dimension particuli\u00e8rement \u00e9mouvante, comme si la boucle \u00e9tait boucl\u00e9e. La photo qu&rsquo;elle a partag\u00e9e d&rsquo;elle et sa m\u00e8re en train de chanter ensemble est d&rsquo;ailleurs rarissime : \u00ab\u00a0C&rsquo;est la premi\u00e8re fois que l&rsquo;on me voit avec elle. Et c&rsquo;est une image tr\u00e8s particuli\u00e8re car c&rsquo;est la seule fois o\u00f9 l&rsquo;on a chant\u00e9 ensemble. Je dois avoir 12-13 ans \u00ab\u00a0, avait-elle expliqu\u00e9. Ce soir, quand elle interpr\u00e9tera \u00ab\u00a0Maman\u00a0\u00bb devant des millions de t\u00e9l\u00e9spectateurs\u2026et d\u00e9crochera peut-\u00eatre enfin la victoire tant attendue pour la France ?<\/p>\n","protected":false},"excerpt":{"rendered":"\u00c0 quelques heures de monter sur la sc\u00e8ne de l&rsquo;Eurovision , Louane a cr\u00e9\u00e9 l&rsquo;\u00e9v\u00e9nement sur les r\u00e9seaux&hellip;\n","protected":false},"author":2,"featured_media":108705,"comment_status":"","ping_status":"","sticky":false,"template":"","format":"standard","meta":{"footnotes":""},"categories":[1355],"tags":[58,59,22675,1011,27,12563,9005,4501,1361,873],"class_list":{"0":"post-108704","1":"post","2":"type-post","3":"status-publish","4":"format-standard","5":"has-post-thumbnail","7":"category-musique","8":"tag-divertissement","9":"tag-entertainment","10":"tag-esmee","11":"tag-fr","12":"tag-france","13":"tag-leurovision","14":"tag-la-chanteuse","15":"tag-louane","16":"tag-music","17":"tag-musique"},"share_on_mastodon":{"url":"https:\/\/pubeurope.com\/@fr\/114527388530320439","error":""},"_links":{"self":[{"href":"https:\/\/www.europesays.com\/fr\/wp-json\/wp\/v2\/posts\/108704","targetHints":{"allow":["GET"]}}],"collection":[{"href":"https:\/\/www.europesays.com\/fr\/wp-json\/wp\/v2\/posts"}],"about":[{"href":"https:\/\/www.europesays.com\/fr\/wp-json\/wp\/v2\/types\/post"}],"author":[{"embeddable":true,"href":"https:\/\/www.europesays.com\/fr\/wp-json\/wp\/v2\/users\/2"}],"replies":[{"embeddable":true,"href":"https:\/\/www.europesays.com\/fr\/wp-json\/wp\/v2\/comments?post=108704"}],"version-history":[{"count":0,"href":"https:\/\/www.europesays.com\/fr\/wp-json\/wp\/v2\/posts\/108704\/revisions"}],"wp:featuredmedia":[{"embeddable":true,"href":"https:\/\/www.europesays.com\/fr\/wp-json\/wp\/v2\/media\/108705"}],"wp:attachment":[{"href":"https:\/\/www.europesays.com\/fr\/wp-json\/wp\/v2\/media?parent=108704"}],"wp:term":[{"taxonomy":"category","embeddable":true,"href":"https:\/\/www.europesays.com\/fr\/wp-json\/wp\/v2\/categories?post=108704"},{"taxonomy":"post_tag","embeddable":true,"href":"https:\/\/www.europesays.com\/fr\/wp-json\/wp\/v2\/tags?post=108704"}],"curies":[{"name":"wp","href":"https:\/\/api.w.org\/{rel}","templated":true}]}}