{"id":108708,"date":"2025-05-18T06:22:09","date_gmt":"2025-05-18T06:22:09","guid":{"rendered":"https:\/\/www.europesays.com\/fr\/108708\/"},"modified":"2025-05-18T06:22:09","modified_gmt":"2025-05-18T06:22:09","slug":"appiah-hors-du-coup-larsonneur-trop-seul","status":"publish","type":"post","link":"https:\/\/www.europesays.com\/fr\/108708\/","title":{"rendered":"Appiah hors du coup, Larsonneur trop seul"},"content":{"rendered":"<p>                    Le top<\/p>\n<p><strong>Larsonneur livr\u00e9 \u00e0 lui-m\u00eame<\/strong><\/p>\n<p>Certes, les deux premiers buts toulousains peuvent interroger puisqu\u2019il les conc\u00e8de sur son premier poteau. Cependant, \u00e0 chaque fois, la situation lui est tellement d\u00e9favorable qu\u2019il doit faire un choix. Sur les buts, ils n\u2019ont pas \u00e9t\u00e9 payants, mais le Breton a repouss\u00e9 la r\u00e9alit\u00e9 de la descente \u00e0 plusieurs reprises. En sortant des parades de tr\u00e8s haut niveau, face \u00e0 King (45e), Kamanzi (64e)&#8230;<\/p>\n","protected":false},"excerpt":{"rendered":"Le top Larsonneur livr\u00e9 \u00e0 lui-m\u00eame Certes, les deux premiers buts toulousains peuvent interroger puisqu\u2019il les conc\u00e8de sur&hellip;\n","protected":false},"author":2,"featured_media":108709,"comment_status":"","ping_status":"","sticky":false,"template":"","format":"standard","meta":{"footnotes":""},"categories":[9],"tags":[4000,7539,107,63,1011,27,4002,7020,3367,4001,517,60],"class_list":{"0":"post-108708","1":"post","2":"type-post","3":"status-publish","4":"format-standard","5":"has-post-thumbnail","7":"category-sports","8":"tag-asse-as-saint-etienne-football","9":"tag-edition-loire-sud","10":"tag-fil-info","11":"tag-football","12":"tag-fr","13":"tag-france","14":"tag-haute-loire","15":"tag-ligue-1-football","16":"tag-loire","17":"tag-saint-etienne","18":"tag-sport","19":"tag-sports"},"share_on_mastodon":{"url":"https:\/\/pubeurope.com\/@fr\/114527400279730599","error":""},"_links":{"self":[{"href":"https:\/\/www.europesays.com\/fr\/wp-json\/wp\/v2\/posts\/108708","targetHints":{"allow":["GET"]}}],"collection":[{"href":"https:\/\/www.europesays.com\/fr\/wp-json\/wp\/v2\/posts"}],"about":[{"href":"https:\/\/www.europesays.com\/fr\/wp-json\/wp\/v2\/types\/post"}],"author":[{"embeddable":true,"href":"https:\/\/www.europesays.com\/fr\/wp-json\/wp\/v2\/users\/2"}],"replies":[{"embeddable":true,"href":"https:\/\/www.europesays.com\/fr\/wp-json\/wp\/v2\/comments?post=108708"}],"version-history":[{"count":0,"href":"https:\/\/www.europesays.com\/fr\/wp-json\/wp\/v2\/posts\/108708\/revisions"}],"wp:featuredmedia":[{"embeddable":true,"href":"https:\/\/www.europesays.com\/fr\/wp-json\/wp\/v2\/media\/108709"}],"wp:attachment":[{"href":"https:\/\/www.europesays.com\/fr\/wp-json\/wp\/v2\/media?parent=108708"}],"wp:term":[{"taxonomy":"category","embeddable":true,"href":"https:\/\/www.europesays.com\/fr\/wp-json\/wp\/v2\/categories?post=108708"},{"taxonomy":"post_tag","embeddable":true,"href":"https:\/\/www.europesays.com\/fr\/wp-json\/wp\/v2\/tags?post=108708"}],"curies":[{"name":"wp","href":"https:\/\/api.w.org\/{rel}","templated":true}]}}