{"id":108717,"date":"2025-05-18T06:27:08","date_gmt":"2025-05-18T06:27:08","guid":{"rendered":"https:\/\/www.europesays.com\/fr\/108717\/"},"modified":"2025-05-18T06:27:08","modified_gmt":"2025-05-18T06:27:08","slug":"apres-son-audition-sur-betharram-bayrou-voit-sa-cote-de-popularite-chuter","status":"publish","type":"post","link":"https:\/\/www.europesays.com\/fr\/108717\/","title":{"rendered":"Apr\u00e8s son audition sur B\u00e9tharram, Bayrou voit sa cote de popularit\u00e9 chuter"},"content":{"rendered":"<p>La pression continue de monter sur <a href=\"https:\/\/www.20minutes.fr\/politique\/francois_bayrou\/\" target=\"_blank\" class=\"color-ultramarine c-link\" rel=\"noopener\">Fran\u00e7ois Bayrou<\/a>. La cote de popularit\u00e9 du Premier ministre a en effet baiss\u00e9 de quatre points en mai, selon un sondage Ipsos-Cesi pour <a href=\"https:\/\/www.latribune.fr\/la-tribune-dimanche\/politique\/barometre-exclusif-macron-reste-stable-bayrou-devisse-1025290.html\" rel=\"nofollow noopener\" target=\"_blank\" class=\"color-ultramarine c-link\">La Tribune Dimanche<\/a> et publi\u00e9 samedi, trois jours apr\u00e8s son audition devant la commission d\u2019enqu\u00eate parlementaire sur l\u2019<a href=\"https:\/\/www.20minutes.fr\/justice\/affaire-betharram\/\" target=\"_blank\" class=\"color-ultramarine c-link\" rel=\"noopener\">affaire B\u00e9tharram<\/a>.<\/p>\n<p>Dans ce barom\u00e8tre r\u00e9alis\u00e9 entre mercredi et vendredi, l\u2019action du locataire de Matignon enregistre 20\u00a0% d\u2019opinions favorables, contre 24\u00a0% au mois d\u2019avril.<\/p>\n<p>Une audition fleuve \u00e0 l\u2019Assembl\u00e9e<\/p>\n<p>Le chef du gouvernement a \u00e9t\u00e9 au c\u0153ur de l\u2019actualit\u00e9 de la semaine avec son audition fleuve \u00e0 l\u2019<a href=\"https:\/\/www.20minutes.fr\/dossier\/assemblee_nationale\" target=\"_blank\" class=\"color-ultramarine c-link\" rel=\"noopener\">Assembl\u00e9e nationale<\/a> mercredi, o\u00f9 il a us\u00e9 d\u2019une strat\u00e9gie d\u2019affrontement pour rejeter en bloc les accusations de mensonge ou d\u2019intervention aupr\u00e8s de la justice dans l\u2019affaire des violences physiques et sexuelles du coll\u00e8ge-lyc\u00e9e Notre-Dame de B\u00e9tharram.<\/p>\n<\/p>\n<p>\u00ab\u00a0\u00c0 l\u2019\u00e9vidence, l\u2019affaire B\u00e9tharram joue, ne serait-ce que parce qu\u2019il est oblig\u00e9 de se justifier alors que les Fran\u00e7ais attendent de lui qu\u2019il soit totalement focalis\u00e9 sur leurs probl\u00e8mes\u00a0\u00bb, a r\u00e9agi pour La Tribune Dimanche Brice Teinturier, directeur g\u00e9n\u00e9ral de l\u2019Ipsos.<\/p>\n<p>Emmanuel Macron reste stable<\/p>\n<p>Quant \u00e0 <a href=\"https:\/\/www.20minutes.fr\/politique\/emmanuel-macron\/\" target=\"_blank\" class=\"color-ultramarine c-link\" rel=\"noopener\">Emmanuel Macron<\/a>, sa cote reste stable par rapport au mois d\u2019avril avec 26\u00a0% d\u2019opinions favorables sur son action \u00e0 l\u2019Elys\u00e9e, en d\u00e9pit de sa venue sur TF1 lundi soir pour une longue \u00e9mission politique.<\/p>\n<p><a href=\"https:\/\/www.20minutes.fr\/politique\/\" target=\"_blank\" class=\"c-link c-btn c-btn--primary\" rel=\"noopener\">Notre dossier Politique<\/a><\/p>\n<p>Parmi les ministres, Bruno Retailleau gagne cinq points de popularit\u00e9 en un mois pour \u00eatre le membre du gouvernement le plus appr\u00e9ci\u00e9, avec 38\u00a0% d\u2019opinions favorables.<\/p>\n","protected":false},"excerpt":{"rendered":"La pression continue de monter sur Fran\u00e7ois Bayrou. La cote de popularit\u00e9 du Premier ministre a en effet&hellip;\n","protected":false},"author":2,"featured_media":108718,"comment_status":"","ping_status":"","sticky":false,"template":"","format":"standard","meta":{"footnotes":""},"categories":[4],"tags":[47,11,7765,416,1013,1073,1011,27,431,12,316,22676,25,13947,133],"class_list":{"0":"post-108717","1":"post","2":"type-post","3":"status-publish","4":"format-standard","5":"has-post-thumbnail","7":"category-france","8":"tag-actualite","9":"tag-actualites","10":"tag-affaire-betharram","11":"tag-assemblee-nationale","12":"tag-bruno-retailleau","13":"tag-emmanuel-macron","14":"tag-fr","15":"tag-france","16":"tag-francois-bayrou","17":"tag-news","18":"tag-politique","19":"tag-popularite","20":"tag-republique-francaise","21":"tag-sondage","22":"tag-video"},"share_on_mastodon":{"url":"https:\/\/pubeurope.com\/@fr\/114527420176479327","error":""},"_links":{"self":[{"href":"https:\/\/www.europesays.com\/fr\/wp-json\/wp\/v2\/posts\/108717","targetHints":{"allow":["GET"]}}],"collection":[{"href":"https:\/\/www.europesays.com\/fr\/wp-json\/wp\/v2\/posts"}],"about":[{"href":"https:\/\/www.europesays.com\/fr\/wp-json\/wp\/v2\/types\/post"}],"author":[{"embeddable":true,"href":"https:\/\/www.europesays.com\/fr\/wp-json\/wp\/v2\/users\/2"}],"replies":[{"embeddable":true,"href":"https:\/\/www.europesays.com\/fr\/wp-json\/wp\/v2\/comments?post=108717"}],"version-history":[{"count":0,"href":"https:\/\/www.europesays.com\/fr\/wp-json\/wp\/v2\/posts\/108717\/revisions"}],"wp:featuredmedia":[{"embeddable":true,"href":"https:\/\/www.europesays.com\/fr\/wp-json\/wp\/v2\/media\/108718"}],"wp:attachment":[{"href":"https:\/\/www.europesays.com\/fr\/wp-json\/wp\/v2\/media?parent=108717"}],"wp:term":[{"taxonomy":"category","embeddable":true,"href":"https:\/\/www.europesays.com\/fr\/wp-json\/wp\/v2\/categories?post=108717"},{"taxonomy":"post_tag","embeddable":true,"href":"https:\/\/www.europesays.com\/fr\/wp-json\/wp\/v2\/tags?post=108717"}],"curies":[{"name":"wp","href":"https:\/\/api.w.org\/{rel}","templated":true}]}}