{"id":108735,"date":"2025-05-18T06:37:13","date_gmt":"2025-05-18T06:37:13","guid":{"rendered":"https:\/\/www.europesays.com\/fr\/108735\/"},"modified":"2025-05-18T06:37:13","modified_gmt":"2025-05-18T06:37:13","slug":"la-superstar-beyonce-aurait-elle-des-origines-a-rouen-la-question-se-pose","status":"publish","type":"post","link":"https:\/\/www.europesays.com\/fr\/108735\/","title":{"rendered":"La superstar Beyonc\u00e9 aurait-elle des origines \u00e0 Rouen ? La question se pose&#8230;"},"content":{"rendered":"<p>            Par<br \/>\n        <strong><br \/>\n            <a href=\"https:\/\/actu.fr\/auteur\/julien-bouteiller\" title=\"Consulter tous les articles de Julien Bouteiller\" rel=\"nofollow noopener\" target=\"_blank\">Julien Bouteiller<\/a><br \/>\n        <\/strong><\/p>\n<p>        Publi\u00e9 le<\/p>\n<p>            18 mai 2025 \u00e0 7h30        <\/p>\n<p>Alors qu\u2019on a d\u00e9couvert <a href=\"https:\/\/actu.fr\/normandie\/le-havre_76351\/le-pape-leon-xiv-est-il-le-premier-pape-originaire-du-havre-de-l-histoire-on-vous-explique_62613073.html\" rel=\"nofollow noopener\" target=\"_blank\">des origines havraises au nouveau pape L\u00e9on XIV<\/a>, se pourrait-il que <strong>Beyonc\u00e9, la m\u00e9ga star de la chanson, ait des origines \u00e0 Rouen<\/strong> ? Question loufoque ? Pas tant que \u00e7a quand on regarde le nom de certains de ses anc\u00eatres\u2026<\/p>\n<p>Beyonc\u00e9 a un anc\u00eatre\u2026 DeRouen<\/p>\n<p class=\" wall-content\">Sans surprise, des passionn\u00e9s de g\u00e9n\u00e9alogie se sont pench\u00e9s sur les a\u00efeuls de l\u2019interpr\u00e8te de\u00a0Crazy in love\u00a0et Texas Hold\u2019em. Et dans cet arbre g\u00e9n\u00e9alogique, on peut d\u00e9couvrir <strong>le nom de\u2026 DeRouen.\u00a0<\/strong><\/p>\n<p class=\" wall-content\">Et il ne faut pas remonter bien loin puisque c\u2019est le nom de jeune fille de sa grand-m\u00e8re Agn\u00e8z, elle-m\u00eame fille de <strong>Eugene Gustave DeRouen<\/strong>. Lui-m\u00eame est issu d\u2019une famille cr\u00e9ole francophone, install\u00e9e alors en Louisiane. La famille DeRouen est arriv\u00e9e du Qu\u00e9bec durant le XVIIIe si\u00e8cle.<\/p>\n<p class=\" wall-content\">C\u2019est l\u00e0 que les pistes se brouillent pour un \u00e9ventuel lien avec la capitale normande. En effet, les donn\u00e9es g\u00e9n\u00e9alogiques publiques sur Beyonc\u00e9 s\u2019arr\u00eatent \u00e0 Eugene Gustave.\u00a0<\/p>\n<p>Un nom qui \u00e9voque Rouen<\/p>\n<p class=\" wall-content\">D\u2019autant que ce nom DeRouen existe sous diff\u00e9rentes orthographes comme \u00ab\u00a0Drouin\u00a0\u00bb. Toutefois, la construction du nom sugg\u00e8re fortement un lien avec Rouen. Ainsi, le site Geneanet r\u00e9v\u00e8le <strong>une forte concentration de ce patronyme en Seine-Maritime<\/strong> et de nombreux homonymes de l\u2019anc\u00eatre de Beyonc\u00e9 dans le d\u00e9partement, mais aussi dans l\u2019Eure. Idem pour le site Filae.<\/p>\n<p class=\" wall-content\">Mais aujourd\u2019hui, c\u2019est bien aux \u00c9tats-Unis, et principalement en Louisiane, qu\u2019on trouve le plus de DeRouen. Un d\u00e9placement g\u00e9ographique li\u00e9 \u00e0 la d\u00e9portation des Acadiens vers la Louisiane, <strong>formant la communaut\u00e9 cajun<\/strong>. Acadiens \u00e9tant eux-m\u00eames issus des colons fran\u00e7ais.<\/p>\n<p class=\" wall-content\">Alors bien s\u00fbr, on est <strong>loin de pouvoir affirmer des racines rouennaises \u00e0 Queen B<\/strong>. Toutefois, certains indices interrogent. Ce qui est s\u00fbr, c\u2019est que la superstar <a href=\"https:\/\/www.larepubliquedespyrenees.fr\/culture-et-loisirs\/musique\/insolite-la-chanteuse-beyonce-aurait-une-part-de-sang-bearnais-16736722.php\" rel=\"nofollow noopener\" target=\"_blank\">a des anc\u00eatres dans le B\u00e9arn<\/a>, mais\u00a0surtout qu\u2019elle incarne bien la grande diversit\u00e9 d\u2019origines des Am\u00e9ricains, dont beaucoup trouvent leur racine en France et en Normandie : <a href=\"https:\/\/actu.fr\/normandie\/isigny-sur-mer_14342\/walt-disney-origines-normandes-mickey-fait-tout-fromage_22257685.html\" rel=\"nofollow noopener\" target=\"_blank\">n\u2019est-ce pas Walt Disney<\/a> ?<\/p>\n<p>Suivez l\u2019actualit\u00e9 de Rouen <a href=\"https:\/\/www.whatsapp.com\/channel\/0029VaKfnf99hXF2ddApFB1D\" rel=\"nofollow noopener\" target=\"_blank\">sur notre cha\u00eene WhatsApp<\/a> et <a href=\"https:\/\/www.tiktok.com\/@76actu.fr?lang=fr\" rel=\"nofollow noopener\" target=\"_blank\">sur notre compte TikTok<\/a><\/p>\n<p class=\" wall-content\">Suivez toute l\u2019actualit\u00e9 de vos villes et m\u00e9dias favoris en vous inscrivant \u00e0 <a href=\"https:\/\/moncompte.actu.fr\" title=\"D\u00e9couvez Mon Actu\" rel=\"nofollow noopener\" data-trk=\"{&quot;cta&quot;:{&quot;action&quot;:&quot;https:\\\/\\\/moncompte.actu.fr&quot;,&quot;category&quot;:&quot;mon compte&quot;,&quot;from&quot;:&quot;article footer&quot;,&quot;name&quot;:&quot;Mon actu&quot;,&quot;type&quot;:&quot;cta&quot;}}\" target=\"_blank\">Mon Actu<\/a>.<\/p>\n<p>                    <script async src=\"\/\/www.tiktok.com\/embed.js\"><\/script><\/p>\n","protected":false},"excerpt":{"rendered":"Par Julien Bouteiller Publi\u00e9 le 18 mai 2025 \u00e0 7h30 Alors qu\u2019on a d\u00e9couvert des origines havraises au&hellip;\n","protected":false},"author":2,"featured_media":108736,"comment_status":"","ping_status":"","sticky":false,"template":"","format":"standard","meta":{"footnotes":""},"categories":[9587],"tags":[1111,11,7362,1777,674,1011,27,937,1757,12,5161,25,9590],"class_list":{"0":"post-108735","1":"post","2":"type-post","3":"status-publish","4":"format-standard","5":"has-post-thumbnail","7":"category-rouen","8":"tag-actu","9":"tag-actualites","10":"tag-beyonce","11":"tag-eu","12":"tag-europe","13":"tag-fr","14":"tag-france","15":"tag-histoire","16":"tag-insolite","17":"tag-news","18":"tag-normandie","19":"tag-republique-francaise","20":"tag-rouen"},"share_on_mastodon":{"url":"https:\/\/pubeurope.com\/@fr\/114527459268777547","error":""},"_links":{"self":[{"href":"https:\/\/www.europesays.com\/fr\/wp-json\/wp\/v2\/posts\/108735","targetHints":{"allow":["GET"]}}],"collection":[{"href":"https:\/\/www.europesays.com\/fr\/wp-json\/wp\/v2\/posts"}],"about":[{"href":"https:\/\/www.europesays.com\/fr\/wp-json\/wp\/v2\/types\/post"}],"author":[{"embeddable":true,"href":"https:\/\/www.europesays.com\/fr\/wp-json\/wp\/v2\/users\/2"}],"replies":[{"embeddable":true,"href":"https:\/\/www.europesays.com\/fr\/wp-json\/wp\/v2\/comments?post=108735"}],"version-history":[{"count":0,"href":"https:\/\/www.europesays.com\/fr\/wp-json\/wp\/v2\/posts\/108735\/revisions"}],"wp:featuredmedia":[{"embeddable":true,"href":"https:\/\/www.europesays.com\/fr\/wp-json\/wp\/v2\/media\/108736"}],"wp:attachment":[{"href":"https:\/\/www.europesays.com\/fr\/wp-json\/wp\/v2\/media?parent=108735"}],"wp:term":[{"taxonomy":"category","embeddable":true,"href":"https:\/\/www.europesays.com\/fr\/wp-json\/wp\/v2\/categories?post=108735"},{"taxonomy":"post_tag","embeddable":true,"href":"https:\/\/www.europesays.com\/fr\/wp-json\/wp\/v2\/tags?post=108735"}],"curies":[{"name":"wp","href":"https:\/\/api.w.org\/{rel}","templated":true}]}}