{"id":108737,"date":"2025-05-18T06:40:08","date_gmt":"2025-05-18T06:40:08","guid":{"rendered":"https:\/\/www.europesays.com\/fr\/108737\/"},"modified":"2025-05-18T06:40:08","modified_gmt":"2025-05-18T06:40:08","slug":"pres-de-grenoble-cest-quoi-ce-drole-dengin-volant-en-forme-de-donut-vu-dans-le-ciel","status":"publish","type":"post","link":"https:\/\/www.europesays.com\/fr\/108737\/","title":{"rendered":"Pr\u00e8s de Grenoble. C&rsquo;est quoi ce dr\u00f4le d&rsquo;engin volant en forme de donut vu dans le ciel\u00a0?"},"content":{"rendered":"<p>            Par<br \/>\n        <strong><br \/>\n            <a href=\"https:\/\/actu.fr\/auteur\/lisa-rodrigues\" title=\"Consulter tous les articles de Lisa Rodrigues\" target=\"_blank\" rel=\"noopener\">Lisa Rodrigues<\/a><br \/>\n        <\/strong><\/p>\n<p>        Publi\u00e9 le<\/p>\n<p>            18 mai 2025 \u00e0 7h52        <\/p>\n<p>Si vous habitez la vall\u00e9e du Gr\u00e9sivaudan, au nord de <a href=\"https:\/\/actu.fr\/auvergne-rhone-alpes\/grenoble_38185\" target=\"_blank\" rel=\"noopener\">Grenoble<\/a>, vous avez peut-\u00eatre d\u00e9j\u00e0 remarqu\u00e9 ce dr\u00f4le d\u2019engin volant <strong>en forme de donut<\/strong>, reli\u00e9 \u00e0 une nacelle.<\/p>\n<p class=\" wall-content\">Son petit nom, c\u2019est <a href=\"https:\/\/aeronde.com\/\" target=\"_blank\" rel=\"noopener\">l\u2019a\u00e9rOnde<\/a>, un dirigeable rempli d\u2019h\u00e9lium, pens\u00e9 par J\u00e9r\u00f4me Delamarre et Nicolas Sornin, avec l\u2019aide d\u2019\u00e9tudiants de l\u2019INP de Grenoble. Une start-up est cr\u00e9\u00e9e en ao\u00fbt 2022, et le premier vol de ce \u00ab\u00a0donut volant\u00a0\u00bb est r\u00e9alis\u00e9 fin 2023. \u00ab\u00a0C\u2019est assez rapide dans l\u2019a\u00e9ronautique\u00a0\u00bb, souligne J\u00e9r\u00f4me Delamarre, CEO d\u2019A\u00e9ronde, \u00e0 la r\u00e9daction.<\/p>\n<p>Acc\u00e9der \u00e0 des \u00ab\u00a0endroits inaccessibles ou dangereux\u00a0\u00bb<\/p>\n<p class=\" wall-content\">Au d\u00e9part, l\u2019a\u00e9rOnde a \u00ab\u00a0\u00e9t\u00e9 con\u00e7ue pour faire du travail a\u00e9rien, pour amener des personnes dans des endroits inaccessibles ou dangereux\u00a0\u00bb, comme des chantiers de cr\u00e9ation de <a href=\"https:\/\/actu.fr\/societe\/pres-de-grenoble-deux-nouveaux-projets-de-transport-par-cable-envisages-voici-ou_62010101.html\" target=\"_blank\" rel=\"noopener\">transport par c\u00e2ble<\/a> ou autres lieux en hauteur.\u00a0<\/p>\n<p>    <img   decoding=\"async\" loading=\"lazy\" src=\"https:\/\/www.europesays.com\/fr\/wp-content\/uploads\/2025\/05\/donut-volant-isere-aeronde-3-960x640.jpg\" alt=\"La mission premi\u00e8re de l'a\u00e9rOnde est d'intervenir sur des missions a\u00e9riennes pour le compte d'entreprises, de chercheurs ou de collectivit\u00e9s. Ici, \u00e0 Ajaccio, sur un projet de transport par c\u00e2ble.\" width=\"960\" height=\"640\"\/><br \/>\n    La mission premi\u00e8re de l\u2019a\u00e9rOnde est d\u2019intervenir sur des missions a\u00e9riennes pour le compte d\u2019entreprises, de chercheurs ou de collectivit\u00e9s. Ici, \u00e0 Ajaccio, sur un projet de transport par c\u00e2ble. (\u00a9Document remis \u00e0 actu Grenoble \/ Franck Foug\u00e8re \u2013 A\u00e9ronde)<\/p>\n<p class=\" wall-content\">Plus facilement maniable en vol stationnaire qu\u2019un h\u00e9licopt\u00e8re et \u00ab\u00a0avec une consommation quasi nulle\u00a0\u00bb aliment\u00e9e par une batterie \u00e9lectrique, ce dirigeable made in <a href=\"https:\/\/actu.fr\/auvergne-rhone-alpes\/isere_38\" target=\"_blank\" rel=\"noopener\">Is\u00e8re<\/a> pla\u00eet aux entreprises ou collectivit\u00e9s. \u00c0 bord, <strong>deux passagers maximum<\/strong> \u2013 un pilote et un \u00e9quipier \u2013 et la possibilit\u00e9 d\u2019amener du mat\u00e9riel pour les chantiers a\u00e9riens.<\/p>\n<p>Vid\u00e9os : en ce moment sur ActuPourquoi cette forme de donut ?<\/p>\n<p>Si l&rsquo;a\u00e9rOnde est en forme de donut, c&rsquo;est avant tout pour une raison technique : elle rend le dirigeable plus facile \u00e0 piloter, sans se soucier des changements d&rsquo;orientation du vent. Il y a aussi un c\u00f4t\u00e9 pratique, car \u00ab\u00a0la nacelle peut \u00eatre mise \u00e0 l&rsquo;int\u00e9rieur du corps\u00a0\u00bb et donc \u00eatre stock\u00e9e facilement dans les hangars de l&rsquo;a\u00e9rodrome. \u00ab\u00a0Et esth\u00e9tiquement, c&rsquo;est quand m\u00eame sympa\u00a0\u00bb, sourit J\u00e9r\u00f4me Delamarre, CEO d&rsquo;A\u00e9ronde.<\/p>\n<p>Des vols en loisirs propos\u00e9s<\/p>\n<p class=\" wall-content\">Assez rapidement, \u00ab\u00a0on se rend compte que l\u2019a\u00e9rOnde attire l\u2019\u0153il, sourit J\u00e9r\u00f4me Delamarre. Alors, on a d\u00e9marr\u00e9 une activit\u00e9 loisir\u00a0\u00bb au d\u00e9part de l\u2019a\u00e9rodrome du Versoud, au nord de Grenoble.<\/p>\n<p>    <a href=\"https:\/\/www.google.com\/maps\/embed?pb=!1m18!1m12!1m3!1d44965.03956326447!2d5.839134176585971!3d45.221195864748374!2m3!1f0!2f0!3f0!3m2!1i1024!2i768!4f13.1!3m3!1m2!1s0x478a5ed654e78efb%3A0x33207b004f75a235!2sA%C3%A9rodrome%20Grenoble%20Le%20Versoud!5e0!3m2!1sfr!2sfr!4v1747318453140!5m2!1sfr!2sfr\" title=\"Ouvrie le lien\" target=\"_blank\" rel=\"noopener\">Cliquez ici pour visualiser le contenu<\/a><\/p>\n<p class=\" wall-content\">Une autre mani\u00e8re de profiter du ciel du Gr\u00e9sivaudan. \u00ab\u00a0En tant qu\u2019ancien pilote, c\u2019est un plaisir de voler avec, assure le CEO. En plus, comme \u00e7a ne fait pas de bruit, on peut discuter comme si on \u00e9tait assis sur un banc. Sauf que l\u00e0, le banc vole !\u00a0\u00bb L\u2019entreprise a \u00e9galement pris le contact avec une association, Audace Handi Evasion, \u00ab\u00a0qui fait voler des personnes handicap\u00e9es en montgolfi\u00e8re\u00a0\u00bb pour organiser des sorties.<\/p>\n<p class=\" wall-content\">La start-up cherche aussi \u00e0 <strong>former des pilotes<\/strong>, d\u2019autres a\u00e9rOndes devant \u00eatre construites. \u00ab\u00a0Des pilotes de dirigeables sp\u00e9cialis\u00e9s dans le travail a\u00e9rien, il n\u2019y en a pas beaucoup, souligne J\u00e9r\u00f4me Delamarre. Mon associ\u00e9 me faisait remarquer qu\u2019ils sont encore moins nombreux que les astronautes !\u00a0\u00bb<\/p>\n<p class=\" wall-content\">Suivez toute l\u2019actualit\u00e9 de vos villes et m\u00e9dias favoris en vous inscrivant \u00e0 <a href=\"https:\/\/moncompte.actu.fr\" title=\"D\u00e9couvez Mon Actu\" rel=\"nofollow noopener\" data-trk=\"{&quot;cta&quot;:{&quot;action&quot;:&quot;https:\\\/\\\/moncompte.actu.fr&quot;,&quot;category&quot;:&quot;mon compte&quot;,&quot;from&quot;:&quot;article footer&quot;,&quot;name&quot;:&quot;Mon actu&quot;,&quot;type&quot;:&quot;cta&quot;}}\" target=\"_blank\">Mon Actu<\/a>.<\/p>\n","protected":false},"excerpt":{"rendered":"Par Lisa Rodrigues Publi\u00e9 le 18 mai 2025 \u00e0 7h52 Si vous habitez la vall\u00e9e du Gr\u00e9sivaudan, au&hellip;\n","protected":false},"author":2,"featured_media":108738,"comment_status":"","ping_status":"","sticky":false,"template":"","format":"standard","meta":{"footnotes":""},"categories":[9566],"tags":[1111,11,2430,1777,674,1011,27,2731,5701,1757,12,25],"class_list":{"0":"post-108737","1":"post","2":"type-post","3":"status-publish","4":"format-standard","5":"has-post-thumbnail","7":"category-grenoble","8":"tag-actu","9":"tag-actualites","10":"tag-auvergne-rhone-alpes","11":"tag-eu","12":"tag-europe","13":"tag-fr","14":"tag-france","15":"tag-grenoble","16":"tag-innovation","17":"tag-insolite","18":"tag-news","19":"tag-republique-francaise"},"share_on_mastodon":{"url":"https:\/\/pubeurope.com\/@fr\/114527471082662220","error":""},"_links":{"self":[{"href":"https:\/\/www.europesays.com\/fr\/wp-json\/wp\/v2\/posts\/108737","targetHints":{"allow":["GET"]}}],"collection":[{"href":"https:\/\/www.europesays.com\/fr\/wp-json\/wp\/v2\/posts"}],"about":[{"href":"https:\/\/www.europesays.com\/fr\/wp-json\/wp\/v2\/types\/post"}],"author":[{"embeddable":true,"href":"https:\/\/www.europesays.com\/fr\/wp-json\/wp\/v2\/users\/2"}],"replies":[{"embeddable":true,"href":"https:\/\/www.europesays.com\/fr\/wp-json\/wp\/v2\/comments?post=108737"}],"version-history":[{"count":0,"href":"https:\/\/www.europesays.com\/fr\/wp-json\/wp\/v2\/posts\/108737\/revisions"}],"wp:featuredmedia":[{"embeddable":true,"href":"https:\/\/www.europesays.com\/fr\/wp-json\/wp\/v2\/media\/108738"}],"wp:attachment":[{"href":"https:\/\/www.europesays.com\/fr\/wp-json\/wp\/v2\/media?parent=108737"}],"wp:term":[{"taxonomy":"category","embeddable":true,"href":"https:\/\/www.europesays.com\/fr\/wp-json\/wp\/v2\/categories?post=108737"},{"taxonomy":"post_tag","embeddable":true,"href":"https:\/\/www.europesays.com\/fr\/wp-json\/wp\/v2\/tags?post=108737"}],"curies":[{"name":"wp","href":"https:\/\/api.w.org\/{rel}","templated":true}]}}