{"id":108741,"date":"2025-05-18T06:42:07","date_gmt":"2025-05-18T06:42:07","guid":{"rendered":"https:\/\/www.europesays.com\/fr\/108741\/"},"modified":"2025-05-18T06:42:07","modified_gmt":"2025-05-18T06:42:07","slug":"les-habitants-de-ce-quartier-se-mobilisent-pour-faire-renaitre-lun-des-plus-vieux-vide-greniers-de-rennes","status":"publish","type":"post","link":"https:\/\/www.europesays.com\/fr\/108741\/","title":{"rendered":"Les habitants de ce quartier se mobilisent pour faire rena\u00eetre l&rsquo;un des plus vieux vide-greniers de Rennes"},"content":{"rendered":"<p>            Par<br \/>\n        <strong><br \/>\n            <a href=\"https:\/\/actu.fr\/auteur\/clemence-pays02-actu-fr\" title=\"Consulter tous les articles de Cl\u00e9mence Pays\" rel=\"nofollow noopener\" target=\"_blank\">Cl\u00e9mence Pays<\/a><br \/>\n        <\/strong><\/p>\n<p>        Publi\u00e9 le<\/p>\n<p>            18 mai 2025 \u00e0 8h02        <\/p>\n<p>Bonne nouvelle pour les amateurs de braderie et pour les habitants du <strong>quartier de La Touche<\/strong> \u00e0 Rennes. La maison de quartier veut relancer son <strong>traditionnel vide-greniers<\/strong> en 2025. L\u2019an pass\u00e9, celui-ci avait \u00e9t\u00e9 annul\u00e9 en raison de \u00ab\u2009l\u2019augmentation des charges et du prix des fournitures\u2009\u00bb, explique Pierre-Andr\u00e9 Souville, coordinateur de projets \u00e0 la maison de quartier de La Touche. En cause \u00e9galement, des <strong>incivilit\u00e9s<\/strong> de plus en plus nombreuses, comme <strong>des vols<\/strong> ou <strong>des conflits<\/strong> entre passants et exposants.<\/p>\n<p class=\" wall-content\">\u00ab\u2009Les \u00e9lus associatifs ont demand\u00e9 qu\u2019on embauche des agents de s\u00e9curit\u00e9, mais cela \u00e0 un co\u00fbt\u2009\u00bb, poursuit Pierre-Andr\u00e9 Souville. Avec toutes ces contraintes suppl\u00e9mentaires, <strong>l\u2019\u00e9v\u00e9nement ne pouvait pas \u00eatre viable<\/strong> et risquait de creuser un d\u00e9ficit. C\u2019est donc forc\u00e9s et contraints que les organisateurs de l\u2019\u00e9v\u00e9nement ont appuy\u00e9 sur le bouton pause en 2024. Mais cette ann\u00e9e, pas question d\u2019annuler. Depuis des mois, l\u2019association s\u2019active pour <strong>repenser l\u2019organisation<\/strong> et redonner vie \u00e0 cet \u00e9v\u00e9nement vieux de plus de 50\u00a0ans.<\/p>\n<p>Mobiliser les habitants<\/p>\n<p class=\" wall-content\">Apr\u00e8s avoir cherch\u00e9 en vain \u00ab\u2009plus de ressources et de partenaires\u2009\u00bb, les membres de la maison de quartier ont d\u00e9cid\u00e9 de <strong>mettre \u00e0 contribution les riverains.<\/strong><\/p>\n<blockquote class=\"ac-article-quote wall-content\">\n<p>Cela \u00e0 plus de sens si les habitants se mobilisent, c&rsquo;est un \u00e9v\u00e9nement qui est fait pour cr\u00e9er du lien social, d&rsquo;o\u00f9 notre appel \u00e0 b\u00e9n\u00e9voles lanc\u00e9 en mars.<\/p>\n<p>    <strong>Pierre-Andr\u00e9 Souville<\/strong><br \/>\n        Coordinateur de projets \u00e0 la maison de quartier La Touche    <\/p><\/blockquote>\n<p class=\" wall-content\">L\u2019association, en n\u2019\u00e9tant plus la seule organisatrice, voit \u00e9galement dans ce renfort <strong>\u00ab\u2009une solution \u00e0 certains probl\u00e8mes\u2009\u00bb,<\/strong> gr\u00e2ce \u00e0 l\u2019expertise de chacun\u2009: \u00ab\u2009pour installer la sono par exemple, pour avoir plus de voitures pour bloquer les routes, ou avec des personnes qui ont l\u2019habitude de g\u00e9rer la restauration\u2009\u00bb, cite par exemple le coordinateur de projets.<\/p>\n<p class=\" wall-content\">Avec deux de ses coll\u00e8gues, Pierre-Andr\u00e9 Souville pilote l\u2019\u00e9v\u00e9nement. <strong>\u00ab\u2009On est contents, \u00e7a marche bien.<\/strong> On a fait des temps de rencontres. Il y a une \u00e9quipe qui est d\u00e9j\u00e0 all\u00e9e voir pour faire les marquages au sol.\u2009\u00bb<\/p>\n<p class=\" wall-content\">Forc\u00e9ment, organiser les r\u00e9unions et coordonner les \u00e9quipes ne rend pas les choses plus faciles.<strong> \u00ab\u2009On a plus de travail que quand on g\u00e9rait l\u2019\u00e9v\u00e9nement nous-m\u00eame,<\/strong> mais c\u2019est un investissement sur le temps long\u2009\u00bb, souligne Pierre-Andr\u00e9 Souville qui esp\u00e8re fid\u00e9liser les b\u00e9n\u00e9voles d\u2019une ann\u00e9e sur l\u2019autre afin de faciliter l\u2019organisation des prochaines \u00e9ditions.<\/p>\n<p>Besoin de b\u00e9n\u00e9voles et de m\u00e9c\u00e8nes<\/p>\n<p class=\" wall-content\">Si la quinzaine de personnes volontaires pour la pr\u00e9paration du vide-greniers est suffisante, la maison de quartier est <strong>\u00e0 la recherche de bras suppl\u00e9mentaires pour venir aider le jour-J.<\/strong> \u00ab\u2009Surtout t\u00f4t le matin et tard le soir, ce sont des moments o\u00f9 on se retrouve un peu d\u00e9munis\u2009\u00bb, confie le coordinateur.<\/p>\n<p class=\" wall-content\">Pour encourager les gens \u00e0 se porter volontaire, Pierre-Andr\u00e9 Souville l\u2019assure\u2009: \u00ab\u2009C\u2019est <strong>une journ\u00e9e sympa,<\/strong> les b\u00e9n\u00e9voles sont contents et on se fait une bouffe ensemble apr\u00e8s\u2009!\u2009\u00bb<\/p>\n<p class=\" wall-content\">En plus de cette aide, la maison de quartier a lanc\u00e9 une <strong>campagne de m\u00e9c\u00e9nat,<\/strong> pour la premi\u00e8re fois.<\/p>\n<blockquote class=\"ac-article-quote wall-content\">\n<p>On n&rsquo;est pas des commerciaux, mais on a besoin de \u00e7a. Cela peut changer le bilan financier de l&rsquo;\u00e9v\u00e9nement.<\/p>\n<p>    <strong>Pierre-Andr\u00e9 Souville<\/strong><br \/>\n        Coordinateur de projets \u00e0 la maison de quartier La Touche    <\/p><\/blockquote>\n<p class=\" wall-content\">Ainsi <strong>diff\u00e9rentes options<\/strong> sont propos\u00e9es. Selon les tarifs, les m\u00e9c\u00e8nes pourront avoir leur logo sur les supports de communication, des diffusions audios le jour de l\u2019\u00e9v\u00e9nement ou m\u00eame un stand de communication durant le vide-greniers.<\/p>\n<p>Ouverture des r\u00e9servations en juillet<\/p>\n<p class=\" wall-content\">Ce fameux jour-J a \u00e9t\u00e9 fix\u00e9 au dimanche 14\u00a0septembre. Au programme\u2009: <strong>1\u2009000 emplacements de 3\u00a0m\u00b2.<\/strong><\/p>\n<blockquote class=\"ac-article-quote wall-content\">\n<p>C&rsquo;est un des plus grands vide-greniers de Rennes, cela fait venir plein de monde.<\/p>\n<p>    <strong>Pierre-Andr\u00e9 Souville<\/strong><br \/>\n        Coordinateur de projets \u00e0 la maison de quartier La Touche    <\/p><\/blockquote>\n<p class=\" wall-content\">C\u2019est aussi l\u2019un des plus anciens de la ville puisqu\u2019il existe <strong>depuis \u00ab\u2009plus de 50\u00a0ans\u2009\u00bb.<\/strong> \u00ab\u2009L\u2019association a 43\u00a0ans, mais avant, il y avait d\u00e9j\u00e0 un comit\u00e9 de quartier qui organisait une braderie, \u00e7a s\u2019appelait Les puces Saint-Michel\u2009\u00bb, retrace Pierre-Andr\u00e9 Souville.<\/p>\n<p class=\" wall-content\">Pour obtenir un stand, il ne faudra pas louper le coche. Les<strong> r\u00e9servations<\/strong> seront, dans un premier temps, ouvertes uniquement aux r\u00e9sidents du quartier (du 4 au 7\u00a0juillet). \u00c0 partir du 7\u00a0juillet, tout le monde pourra s\u2019inscrire. \u00c0 noter tout de m\u00eame, le vide-greniers est <strong>r\u00e9serv\u00e9 aux particuliers.<\/strong> Les professionnels ne peuvent pas exposer.<\/p>\n<p class=\" wall-content\">Si votre c\u0153ur balance entre chiner, aider ou exposer, il est possible de se rapprocher de la maison de quartier pour \u00e9changer. Une <strong>liste de diffusion<\/strong> (<a href=\"https:\/\/framagroupes.org\/sympa\/info\/vide-grenier-la-touche\" rel=\"nofollow noopener\" target=\"_blank\">sur inscription en cliquant ici<\/a>) a \u00e9galement \u00e9t\u00e9 mise en place pour permettre \u00e0 tous les volontaires de recevoir les informations sur le vide-greniers, sa pr\u00e9paration et les besoins pr\u00e9cis.<\/p>\n<p><strong>Infos pratiques\u2009:<\/strong><br \/>\nDimanche 14 septembre 2025, de 8h \u00e0 18h, vide-greniers La Touche, quartier La Touche \u00e0 Rennes.<br \/>\nR\u00e9servation des emplacements du 4 au 7\u00a0juillet pour les r\u00e9sident.es, \u00e0 la maison de quartier, et \u00e0 partir du 7\u00a0juillet pour les non r\u00e9sident.es. \u00e0 la maison de quartier ou sur <a href=\"https:\/\/klikego.com\/\" rel=\"nofollow noopener\" target=\"_blank\">Klikego<\/a>.<br \/>\nRenseignements\u2009: association Maison de quartier La Touche, 6, rue cardinal Paul-Gouyon, Rennes. T\u00e9l\u2009: 02\u200999\u200954\u200945\u200912.<br \/>\nContact pour le m\u00e9c\u00e9nat\u2009: <a href=\"https:\/\/actu.fr\/cdn-cgi\/l\/email-protection\" class=\"__cf_email__\" data-cfemail=\"23505746405a0d404c514e4a4651634e524f570d4551\" rel=\"nofollow noopener\" target=\"_blank\">[email\u00a0protected]<\/a>\u2009; t\u00e9l. 02\u200999\u200954\u200945\u200912.<\/p>\n<p class=\" wall-content\">Suivez toute l\u2019actualit\u00e9 de vos villes et m\u00e9dias favoris en vous inscrivant \u00e0 <a href=\"https:\/\/moncompte.actu.fr\" title=\"D\u00e9couvez Mon Actu\" rel=\"nofollow noopener\" data-trk=\"{&quot;cta&quot;:{&quot;action&quot;:&quot;https:\\\/\\\/moncompte.actu.fr&quot;,&quot;category&quot;:&quot;mon compte&quot;,&quot;from&quot;:&quot;article footer&quot;,&quot;name&quot;:&quot;Mon actu&quot;,&quot;type&quot;:&quot;cta&quot;}}\" target=\"_blank\">Mon Actu<\/a>.<\/p>\n<ul class=\"ac-article-tag wall-content\">\n<li><a href=\"https:\/\/actu.fr\/tag\/benevolat\" data-trk=\"{&quot;cta&quot;:{&quot;action&quot;:&quot;B\\u00e9n\\u00e9volat&quot;,&quot;category&quot;:&quot;tag&quot;,&quot;from&quot;:&quot;article footer&quot;,&quot;name&quot;:&quot;B\\u00e9n\\u00e9volat&quot;,&quot;type&quot;:&quot;cta&quot;}}\" rel=\"nofollow noopener\" target=\"_blank\">#B\u00e9n\u00e9volat<\/a><\/li>\n<li><a href=\"https:\/\/actu.fr\/tag\/vide-greniers\" data-trk=\"{&quot;cta&quot;:{&quot;action&quot;:&quot;Vide-greniers&quot;,&quot;category&quot;:&quot;tag&quot;,&quot;from&quot;:&quot;article footer&quot;,&quot;name&quot;:&quot;Vide-greniers&quot;,&quot;type&quot;:&quot;cta&quot;}}\" rel=\"nofollow noopener\" target=\"_blank\">#Vide-greniers<\/a><\/li>\n<\/ul>\n","protected":false},"excerpt":{"rendered":"Par Cl\u00e9mence Pays Publi\u00e9 le 18 mai 2025 \u00e0 8h02 Bonne nouvelle pour les amateurs de braderie et&hellip;\n","protected":false},"author":2,"featured_media":108742,"comment_status":"","ping_status":"","sticky":false,"template":"","format":"standard","meta":{"footnotes":""},"categories":[2821],"tags":[1111,11,10263,829,1777,674,1011,27,12,584,25,104,3365],"class_list":{"0":"post-108741","1":"post","2":"type-post","3":"status-publish","4":"format-standard","5":"has-post-thumbnail","7":"category-rennes","8":"tag-actu","9":"tag-actualites","10":"tag-benevolat","11":"tag-bretagne","12":"tag-eu","13":"tag-europe","14":"tag-fr","15":"tag-france","16":"tag-news","17":"tag-rennes","18":"tag-republique-francaise","19":"tag-societe","20":"tag-vide-greniers"},"share_on_mastodon":{"url":"https:\/\/pubeurope.com\/@fr\/114527478955199470","error":""},"_links":{"self":[{"href":"https:\/\/www.europesays.com\/fr\/wp-json\/wp\/v2\/posts\/108741","targetHints":{"allow":["GET"]}}],"collection":[{"href":"https:\/\/www.europesays.com\/fr\/wp-json\/wp\/v2\/posts"}],"about":[{"href":"https:\/\/www.europesays.com\/fr\/wp-json\/wp\/v2\/types\/post"}],"author":[{"embeddable":true,"href":"https:\/\/www.europesays.com\/fr\/wp-json\/wp\/v2\/users\/2"}],"replies":[{"embeddable":true,"href":"https:\/\/www.europesays.com\/fr\/wp-json\/wp\/v2\/comments?post=108741"}],"version-history":[{"count":0,"href":"https:\/\/www.europesays.com\/fr\/wp-json\/wp\/v2\/posts\/108741\/revisions"}],"wp:featuredmedia":[{"embeddable":true,"href":"https:\/\/www.europesays.com\/fr\/wp-json\/wp\/v2\/media\/108742"}],"wp:attachment":[{"href":"https:\/\/www.europesays.com\/fr\/wp-json\/wp\/v2\/media?parent=108741"}],"wp:term":[{"taxonomy":"category","embeddable":true,"href":"https:\/\/www.europesays.com\/fr\/wp-json\/wp\/v2\/categories?post=108741"},{"taxonomy":"post_tag","embeddable":true,"href":"https:\/\/www.europesays.com\/fr\/wp-json\/wp\/v2\/tags?post=108741"}],"curies":[{"name":"wp","href":"https:\/\/api.w.org\/{rel}","templated":true}]}}